{"id":17197,"date":"2015-07-29T00:00:00","date_gmt":"2015-07-28T23:00:00","guid":{"rendered":"https:\/\/imagazine.it\/?p=17197"},"modified":"2015-07-29T00:00:00","modified_gmt":"2015-07-28T23:00:00","slug":"monfalcone-dopo-18-mesi-riaprira-lisis-pertini","status":"publish","type":"post","link":"https:\/\/imagazine.it\/home_desk\/monfalcone-dopo-18-mesi-riaprira-lisis-pertini\/","title":{"rendered":"Monfalcone, dopo 18 mesi riaprir\u00e0 l&#8217;Isis Pertini"},"content":{"rendered":"<p style=\"text-align: justify;\" class=\"ui-droppable\"> \tSono quasi conclusi i lavori all\u2019ISIS Pertini di via Boito a Monfalcone. Dopo 18 mesi e interventi per un ammontare di circa 1,4 milioni di euro, l\u2019istituto scolastico potr\u00e0 riaprire, in completa sicurezza, le sue aule.<\/p>\n<p style=\"text-align: justify;\" class=\"ui-droppable\"> \tL\u2019edificio ha subito un risanamento conservativo complessivo e un adeguamento alle pi\u00f9 recenti procedure antisismiche, la sostituzione dei serramenti della facciata, la completa tinteggiatura interna ed esterna, il fissaggio e livellamento delle pavimentazioni danneggiate, una riorganizzazione interna degli spazi, oltre al controllo e alla sostituzione dei controsoffitti potenzialmente pericolosi.<\/p>\n<p style=\"text-align: justify;\" class=\"ui-droppable\"> \tCentinaia di travi sono state inserite per rinforzare le fondamenta, rivestite e ricoperte le travi strutturali, rinforzati gli assi principali dello stabile, staccato fisicamente l\u2019edificio principale da laboratori e palestra, in modo da non far gravare pesi eccessivi in caso di evento sismico: una serie di massicce e complesse azioni di intervento, per dare all\u2019edificio il massimo in termini di sicurezza.<\/p>\n<p style=\"text-align: justify;\" class=\"ui-droppable\"> \tSono stati investiti oltre 1 milione e trecentomila euro, di cui 650 mila provenienti dal progetto governativo Scuole Sicure. Altri 85mila sono stati aggiunti in un secondo momento per il rifacimento di alcuni controsoffitti.<\/p>\n<p style=\"text-align: justify;\" class=\"ui-droppable\"> \t\u00abSiamo riusciti \u2013 commenta l\u2019assessore provinciale ai lavori pubblici, <strong>Donatella Gironcoli<\/strong> \u2013 a rendere questa scuola assolutamente sicura in campo antisismico. Ora \u00e8 un vanto per tutto il territorio. Devo ringraziare la Regione che ha avuto la sensibilit\u00e0 di inserire questi lavori tra quelli con la massima priorit\u00e0 e quindi oggetto di finanziamento statale. In una scuola cos\u00ec nuova e bella, anche chi la vivr\u00e0 potr\u00e0 comportarsi adeguatamente, conservandola e rispettandola\u00bb.<\/p>\n","protected":false},"excerpt":{"rendered":"<p>Con la ripresa delle lezioni a settembre<\/p>\n","protected":false},"author":28,"featured_media":17198,"comment_status":"closed","ping_status":"closed","sticky":false,"template":"","format":"standard","meta":{"dwc-title":[],"dwc-content":[],"footnotes":""},"categories":[5],"tags":[],"class_list":["post-17197","post","type-post","status-publish","format-standard","has-post-thumbnail","hentry","category-attualita"],"rttpg_featured_image_url":{"full":["https:\/\/imagazine.it\/wp-content\/uploads\/2024\/01\/10707-1.webp",601,400,false],"landscape":["https:\/\/imagazine.it\/wp-content\/uploads\/2024\/01\/10707-1.webp",601,400,false],"portraits":["https:\/\/imagazine.it\/wp-content\/uploads\/2024\/01\/10707-1.webp",601,400,false],"thumbnail":["https:\/\/imagazine.it\/wp-content\/uploads\/2024\/01\/10707-1-150x150.webp",150,150,true],"medium":["https:\/\/imagazine.it\/wp-content\/uploads\/2024\/01\/10707-1-300x200.webp",300,200,true],"large":["https:\/\/imagazine.it\/wp-content\/uploads\/2024\/01\/10707-1.webp",601,400,false],"thumblist":["https:\/\/imagazine.it\/wp-content\/uploads\/2024\/01\/10707-1.webp",300,200,false],"thumbrelated":["https:\/\/imagazine.it\/wp-content\/uploads\/2024\/01\/10707-1.webp",500,333,false],"meccarouselthumb":["https:\/\/imagazine.it\/wp-content\/uploads\/2024\/01\/10707-1.webp",474,315,false],"gridsquare":["https:\/\/imagazine.it\/wp-content\/uploads\/2024\/01\/10707-1.webp",391,260,false],"tileview":["https:\/\/imagazine.it\/wp-content\/uploads\/2024\/01\/10707-1.webp",300,200,false],"1536x1536":["https:\/\/imagazine.it\/wp-content\/uploads\/2024\/01\/10707-1.webp",601,400,false],"2048x2048":["https:\/\/imagazine.it\/wp-content\/uploads\/2024\/01\/10707-1.webp",601,400,false],"newsup-slider-full":["https:\/\/imagazine.it\/wp-content\/uploads\/2024\/01\/10707-1.webp",601,400,false],"newsup-featured":["https:\/\/imagazine.it\/wp-content\/uploads\/2024\/01\/10707-1.webp",601,400,false],"newsup-medium":["https:\/\/imagazine.it\/wp-content\/uploads\/2024\/01\/10707-1-601x380.webp",601,380,true],"tptn_thumbnail":["https:\/\/imagazine.it\/wp-content\/uploads\/2024\/01\/10707-1.webp",250,166,false],"sow-carousel-default":["https:\/\/imagazine.it\/wp-content\/uploads\/2024\/01\/10707-1-272x182.webp",272,182,true]},"rttpg_author":{"display_name":"redazione","author_link":"https:\/\/imagazine.it\/home_desk\/author\/redazione\/"},"rttpg_comment":0,"rttpg_category":"<a href=\"https:\/\/imagazine.it\/home_desk\/category\/attualita\/\" rel=\"category tag\">ATTUALIT\u00c0<\/a>","rttpg_excerpt":"Con la ripresa delle lezioni a settembre","_links":{"self":[{"href":"https:\/\/imagazine.it\/home_desk\/wp-json\/wp\/v2\/posts\/17197","targetHints":{"allow":["GET"]}}],"collection":[{"href":"https:\/\/imagazine.it\/home_desk\/wp-json\/wp\/v2\/posts"}],"about":[{"href":"https:\/\/imagazine.it\/home_desk\/wp-json\/wp\/v2\/types\/post"}],"author":[{"embeddable":true,"href":"https:\/\/imagazine.it\/home_desk\/wp-json\/wp\/v2\/users\/28"}],"replies":[{"embeddable":true,"href":"https:\/\/imagazine.it\/home_desk\/wp-json\/wp\/v2\/comments?post=17197"}],"version-history":[{"count":0,"href":"https:\/\/imagazine.it\/home_desk\/wp-json\/wp\/v2\/posts\/17197\/revisions"}],"wp:featuredmedia":[{"embeddable":true,"href":"https:\/\/imagazine.it\/home_desk\/wp-json\/wp\/v2\/media\/17198"}],"wp:attachment":[{"href":"https:\/\/imagazine.it\/home_desk\/wp-json\/wp\/v2\/media?parent=17197"}],"wp:term":[{"taxonomy":"category","embeddable":true,"href":"https:\/\/imagazine.it\/home_desk\/wp-json\/wp\/v2\/categories?post=17197"},{"taxonomy":"post_tag","embeddable":true,"href":"https:\/\/imagazine.it\/home_desk\/wp-json\/wp\/v2\/tags?post=17197"}],"curies":[{"name":"wp","href":"https:\/\/api.w.org\/{rel}","templated":true}]}}