{"id":17191,"date":"2015-07-29T00:00:00","date_gmt":"2015-07-28T23:00:00","guid":{"rendered":"https:\/\/imagazine.it\/?p=17191"},"modified":"2015-07-29T00:00:00","modified_gmt":"2015-07-28T23:00:00","slug":"un-grand-tour-per-scoprire-le-marche","status":"publish","type":"post","link":"https:\/\/imagazine.it\/home_desk\/un-grand-tour-per-scoprire-le-marche\/","title":{"rendered":"Un &#8220;Grand tour&#8221; per scoprire le Marche"},"content":{"rendered":"<p align=\"JUSTIFY\" class=\"ui-droppable\"> \tVivere le suggestioni delle comunit\u00e0 ospitanti e godere di esperienze che riempiranno il cuore. \u00c8 la sfida lanciata da <em>Tipicit\u00e0<\/em> insieme ad ANCI Marche per il semestre di EXPO 2015, con l\u2019intento di proporre in modalit\u00e0 \u201cevolution\u201d, attraverso le identit\u00e0 che li contraddistinguono, i territori a torto definiti \u201cminori\u201d.<\/p>\n<p align=\"JUSTIFY\" class=\"ui-droppable\"> \tUn circuito di iniziative \u201cesperienziali\u201d fruibili anche attraverso l\u2019innovativa piattaforma di <em>Tipicit\u00e0 Experience<\/em>, selezionate per l\u2019elevato livello qualitativo e per l\u2019appartenenza a due ben precise tipologie tematiche, capaci di esercitare una forte attrazione turistica: enogastronomia e manifattura tradizionale.<\/p>\n<p align=\"JUSTIFY\" class=\"ui-droppable\"> \tDomenica <strong>2 Agosto<\/strong>, a Campocavallo di Osimo, va in scena la <em><strong>Festa del Covo<\/strong><\/em>, un evento a sfondo religioso nato nel 1939 per ringraziare la Vergine del raccolto delle messi. Autentico capolavoro di arte contadina, il <em>covo<\/em> \u00e8 un carro agricolo che, ogni anno, trasporta l\u2019immagine di un edificio religioso realizzata interamente con spighe di grano: quest\u2019anno \u00e8 la volta del Santuario di Medjugorje. La festa culmina con la processione del covo, lungo le vie del paese, accanto al Santuario della Beata Vergine Addolorata, alla quale il covo \u00e8 consacrato.<\/p>\n<p align=\"JUSTIFY\" class=\"ui-droppable\"> \tDall\u20198 al 16 agosto una settimana in compagnia della \u201ctenera verde\u201d con <strong>Ascoliva &#8211; <\/strong><em>Festival Mondiale dell\u2019oliva ripiena ascolana<\/em>. Nella splendida \u201ccitt\u00e0 del travertino\u201d, un intenso programma di coinvolgenti iniziative a tema, dedicato alla \u201cregina\u201d DOP della gastronomia marchigiana, una prelibatezza conosciuta a livello internazionale.<\/p>\n<p align=\"JUSTIFY\" class=\"ui-droppable\"> \tAd accogliere golosi e curiosi il <em>Villaggio dell\u2019Oliva<\/em>, allestito nella monumentale Piazza Arringo, articolato in un percorso che prevede anche simpatiche variazioni sul tema, quali l\u2019Oliva shop, il monumento all\u2019Oliva, l\u2019auditorium e il giardino dell\u2019Oliva per forum, dibattiti degustazioni dedicate al prezioso frutto della terra, sia nella versione \u201cnature\u201d, ma anche nella succulenta variante ripiena e fritta.<\/p>\n<p align=\"JUSTIFY\" class=\"ui-droppable\"> \tInoltre, in occasione dell\u2019Esposizione universale, <em>Ascoliva<\/em> propone \u201cExpoliva\u201d, un doppio padiglione che ospita le principali eccellenze del territorio piceno, dei comparti enogastronomico e artigianale. Performance musicali, pacchetti turistici dedicati e visite agevolate ai musei, promettono un\u2019esperienza a cinque sensi nella \u201ccitt\u00e0 delle cento torri\u201d.<\/p>\n<p align=\"JUSTIFY\" class=\"ui-droppable\"> \tIl 7 agosto \u00e8 invece la capitale mondiale della calzatura per bambino, <strong>Monte Urano<\/strong>, a essere protagonista di un evento dedicato ai pi\u00f9 piccoli: <em><strong>A piccoli passi<\/strong><\/em>. A proposito di Monte Urano, qualche anno fa \u00e8 stato calcolato che, a livello mondiale, 15 bambini su 100 indossano scarpe realizzate proprio nel centro del Fermano.<\/p>\n<p align=\"JUSTIFY\" class=\"ui-droppable\"> \t<em><strong>A piccoli passi<\/strong><\/em> \u00e8 la manifestazione che fa parte del <em>Grand tour delle Marche<\/em> e che, in questa edizione, si ispira al mondo dei cartoons. A vivacizzare lo storico <em>Mercatino della calzatura<\/em> <em>e dell\u2019artigianato<\/em>, rigorosamente monturanese, una divertente serata che vede l\u2019intero paese indossare le vesti dei personaggi dei cartoni animati. Men\u00f9 dedicati, personaggi dei cartoni (amati da bimbi ed \u2026 adulti!) proposti in formato \u201cgigante\u201d per le vie del centro storico, ambientazioni e scorci in stile cartoons. Momenti da vivere insieme, grandi e piccini, tra giochi, cosplay, animazioni e la performance di un personaggio che \u00e8 \u201cicona\u201d e voce del mondo dei cartoni: Cristina d\u2019Avena.<\/p>\n","protected":false},"excerpt":{"rendered":"<p>Dall&#8217;enogastronomia alla manifattura tradizionale<\/p>\n","protected":false},"author":28,"featured_media":17192,"comment_status":"closed","ping_status":"closed","sticky":false,"template":"","format":"standard","meta":{"dwc-title":[],"dwc-content":[],"footnotes":""},"categories":[8],"tags":[],"class_list":["post-17191","post","type-post","status-publish","format-standard","has-post-thumbnail","hentry","category-turismo"],"rttpg_featured_image_url":{"full":["https:\/\/imagazine.it\/wp-content\/uploads\/2024\/01\/10691-1.webp",591,300,false],"landscape":["https:\/\/imagazine.it\/wp-content\/uploads\/2024\/01\/10691-1.webp",591,300,false],"portraits":["https:\/\/imagazine.it\/wp-content\/uploads\/2024\/01\/10691-1.webp",591,300,false],"thumbnail":["https:\/\/imagazine.it\/wp-content\/uploads\/2024\/01\/10691-1-150x150.webp",150,150,true],"medium":["https:\/\/imagazine.it\/wp-content\/uploads\/2024\/01\/10691-1-300x152.webp",300,152,true],"large":["https:\/\/imagazine.it\/wp-content\/uploads\/2024\/01\/10691-1.webp",591,300,false],"thumblist":["https:\/\/imagazine.it\/wp-content\/uploads\/2024\/01\/10691-1.webp",300,152,false],"thumbrelated":["https:\/\/imagazine.it\/wp-content\/uploads\/2024\/01\/10691-1.webp",500,254,false],"meccarouselthumb":["https:\/\/imagazine.it\/wp-content\/uploads\/2024\/01\/10691-1.webp",474,241,false],"gridsquare":["https:\/\/imagazine.it\/wp-content\/uploads\/2024\/01\/10691-1.webp",391,198,false],"tileview":["https:\/\/imagazine.it\/wp-content\/uploads\/2024\/01\/10691-1.webp",300,152,false],"1536x1536":["https:\/\/imagazine.it\/wp-content\/uploads\/2024\/01\/10691-1.webp",591,300,false],"2048x2048":["https:\/\/imagazine.it\/wp-content\/uploads\/2024\/01\/10691-1.webp",591,300,false],"newsup-slider-full":["https:\/\/imagazine.it\/wp-content\/uploads\/2024\/01\/10691-1.webp",591,300,false],"newsup-featured":["https:\/\/imagazine.it\/wp-content\/uploads\/2024\/01\/10691-1.webp",591,300,false],"newsup-medium":["https:\/\/imagazine.it\/wp-content\/uploads\/2024\/01\/10691-1.webp",591,300,false],"tptn_thumbnail":["https:\/\/imagazine.it\/wp-content\/uploads\/2024\/01\/10691-1.webp",250,127,false],"sow-carousel-default":["https:\/\/imagazine.it\/wp-content\/uploads\/2024\/01\/10691-1-272x182.webp",272,182,true]},"rttpg_author":{"display_name":"redazione","author_link":"https:\/\/imagazine.it\/home_desk\/author\/redazione\/"},"rttpg_comment":0,"rttpg_category":"<a href=\"https:\/\/imagazine.it\/home_desk\/category\/turismo\/\" rel=\"category tag\">TURISMO<\/a>","rttpg_excerpt":"Dall'enogastronomia alla manifattura tradizionale","_links":{"self":[{"href":"https:\/\/imagazine.it\/home_desk\/wp-json\/wp\/v2\/posts\/17191","targetHints":{"allow":["GET"]}}],"collection":[{"href":"https:\/\/imagazine.it\/home_desk\/wp-json\/wp\/v2\/posts"}],"about":[{"href":"https:\/\/imagazine.it\/home_desk\/wp-json\/wp\/v2\/types\/post"}],"author":[{"embeddable":true,"href":"https:\/\/imagazine.it\/home_desk\/wp-json\/wp\/v2\/users\/28"}],"replies":[{"embeddable":true,"href":"https:\/\/imagazine.it\/home_desk\/wp-json\/wp\/v2\/comments?post=17191"}],"version-history":[{"count":0,"href":"https:\/\/imagazine.it\/home_desk\/wp-json\/wp\/v2\/posts\/17191\/revisions"}],"wp:featuredmedia":[{"embeddable":true,"href":"https:\/\/imagazine.it\/home_desk\/wp-json\/wp\/v2\/media\/17192"}],"wp:attachment":[{"href":"https:\/\/imagazine.it\/home_desk\/wp-json\/wp\/v2\/media?parent=17191"}],"wp:term":[{"taxonomy":"category","embeddable":true,"href":"https:\/\/imagazine.it\/home_desk\/wp-json\/wp\/v2\/categories?post=17191"},{"taxonomy":"post_tag","embeddable":true,"href":"https:\/\/imagazine.it\/home_desk\/wp-json\/wp\/v2\/tags?post=17191"}],"curies":[{"name":"wp","href":"https:\/\/api.w.org\/{rel}","templated":true}]}}