{"id":17183,"date":"2015-07-27T00:00:00","date_gmt":"2015-07-26T23:00:00","guid":{"rendered":"https:\/\/imagazine.it\/?p=17183"},"modified":"2015-07-27T00:00:00","modified_gmt":"2015-07-26T23:00:00","slug":"trieste-a-lucia-sambo-il-premio-sossi-2015","status":"publish","type":"post","link":"https:\/\/imagazine.it\/home_desk\/trieste-a-lucia-sambo-il-premio-sossi-2015\/","title":{"rendered":"Trieste, a Lucia Sambo il Premio Sossi 2015"},"content":{"rendered":"<p align=\"JUSTIFY\" class=\"ui-droppable\"> \tL\u2019hanno votata con entusiasmo i cittadini, memori della sua professionalit\u00e0 e competenza, unite ad altissimi livelli di specializzazione ma anche di una carica umana che diventa requisito essenziale nel suo mestiere e in generale nella professione infermieristica: <strong>Lucia Sambo<\/strong>, coordinatore infermieristico presso il reparto di oncologia dell\u2019Ospedale Maggiore di Trieste, ha vinto la 2^ edizione del <em>Premio Sossi Infermiere dell\u2019anno<\/em>, promosso dal <strong>Collegio Ipasvi (<\/strong>Infermieri professionali, Assistenti sanitari, Vigilatrici d&#8217;infanzia)<strong> di Trieste <\/strong> nell\u2019ambito della tradizionale Serata di Solidariet\u00e0 che si \u00e8 svolta nella splendida cornice delle Terrazze a Grignano.<\/p>\n<p align=\"JUSTIFY\" class=\"ui-droppable\"> \t<strong>Lucia Sambo<\/strong>, autrice di molte pubblicazioni scientifiche e docente ai corsi universitari di nursing, \u00e8 risultata la pi\u00f9 votata in questa edizione 2015 non solo dai cittadini, ma anche da colleghi e associazioni. Con lei erano arrivati al rush finale gli infermieri <strong>Michele Blasina<\/strong>, che ha ricevuto una menzione speciale, <strong>Adriano Bosich <\/strong>e<strong> Lucia Cociancich<\/strong>.<\/p>\n<p align=\"JUSTIFY\" class=\"ui-droppable\"> \t\u00abUn Premio importante \u2013 ha spiegato il presidente di Ipasvi Trieste<strong> Flavio Paoletti<\/strong>, da pochi giorni anche coordinatore sociosanitario in seno all\u2019Azienza Sanitaria Triestina n. 1 \u2013 perch\u00e9 sintetizza le qualit\u00e0 richieste agli infermieri, che diventano sempre pi\u00f9 professionali e qualificati grazie alla formazione universitaria, ma non per questo devono perdere quella capacit\u00e0 di relazione con i cittadini e i fruitori della sanit\u00e0\u00bb.<\/p>\n<p align=\"JUSTIFY\" class=\"ui-droppable\"> \tCommozione ha destato il ricordo della collega <strong>Valentina Sossi<\/strong> cui \u00e8 intitolato il Premio, scomparsa prematuramente, per 13 anni membro del Consiglio Direttivo Ipasvi Trieste<strong>,<\/strong> impegnata sia nelle attivit\u00e0 istituzionali, che nel gruppo di lavoro dedicato alla formazione. Proprio suo marito, <strong>Armin Curzolo<\/strong>, ha consegnato il Premio alla vincitrice 2015.\u00a0<\/p>\n","protected":false},"excerpt":{"rendered":"<p>Riservato agli infermieri del territorio<\/p>\n","protected":false},"author":28,"featured_media":17184,"comment_status":"closed","ping_status":"closed","sticky":false,"template":"","format":"standard","meta":{"dwc-title":[],"dwc-content":[],"footnotes":""},"categories":[5],"tags":[],"class_list":["post-17183","post","type-post","status-publish","format-standard","has-post-thumbnail","hentry","category-attualita"],"rttpg_featured_image_url":{"full":["https:\/\/imagazine.it\/wp-content\/uploads\/2024\/01\/10664-1.webp",533,400,false],"landscape":["https:\/\/imagazine.it\/wp-content\/uploads\/2024\/01\/10664-1.webp",533,400,false],"portraits":["https:\/\/imagazine.it\/wp-content\/uploads\/2024\/01\/10664-1.webp",533,400,false],"thumbnail":["https:\/\/imagazine.it\/wp-content\/uploads\/2024\/01\/10664-1-150x150.webp",150,150,true],"medium":["https:\/\/imagazine.it\/wp-content\/uploads\/2024\/01\/10664-1-300x225.webp",300,225,true],"large":["https:\/\/imagazine.it\/wp-content\/uploads\/2024\/01\/10664-1.webp",533,400,false],"thumblist":["https:\/\/imagazine.it\/wp-content\/uploads\/2024\/01\/10664-1.webp",300,225,false],"thumbrelated":["https:\/\/imagazine.it\/wp-content\/uploads\/2024\/01\/10664-1.webp",500,375,false],"meccarouselthumb":["https:\/\/imagazine.it\/wp-content\/uploads\/2024\/01\/10664-1.webp",432,324,false],"gridsquare":["https:\/\/imagazine.it\/wp-content\/uploads\/2024\/01\/10664-1.webp",346,260,false],"tileview":["https:\/\/imagazine.it\/wp-content\/uploads\/2024\/01\/10664-1.webp",300,225,false],"1536x1536":["https:\/\/imagazine.it\/wp-content\/uploads\/2024\/01\/10664-1.webp",533,400,false],"2048x2048":["https:\/\/imagazine.it\/wp-content\/uploads\/2024\/01\/10664-1.webp",533,400,false],"newsup-slider-full":["https:\/\/imagazine.it\/wp-content\/uploads\/2024\/01\/10664-1.webp",533,400,false],"newsup-featured":["https:\/\/imagazine.it\/wp-content\/uploads\/2024\/01\/10664-1.webp",533,400,false],"newsup-medium":["https:\/\/imagazine.it\/wp-content\/uploads\/2024\/01\/10664-1-533x380.webp",533,380,true],"tptn_thumbnail":["https:\/\/imagazine.it\/wp-content\/uploads\/2024\/01\/10664-1.webp",250,188,false],"sow-carousel-default":["https:\/\/imagazine.it\/wp-content\/uploads\/2024\/01\/10664-1-272x182.webp",272,182,true]},"rttpg_author":{"display_name":"redazione","author_link":"https:\/\/imagazine.it\/home_desk\/author\/redazione\/"},"rttpg_comment":0,"rttpg_category":"<a href=\"https:\/\/imagazine.it\/home_desk\/category\/attualita\/\" rel=\"category tag\">ATTUALIT\u00c0<\/a>","rttpg_excerpt":"Riservato agli infermieri del territorio","_links":{"self":[{"href":"https:\/\/imagazine.it\/home_desk\/wp-json\/wp\/v2\/posts\/17183","targetHints":{"allow":["GET"]}}],"collection":[{"href":"https:\/\/imagazine.it\/home_desk\/wp-json\/wp\/v2\/posts"}],"about":[{"href":"https:\/\/imagazine.it\/home_desk\/wp-json\/wp\/v2\/types\/post"}],"author":[{"embeddable":true,"href":"https:\/\/imagazine.it\/home_desk\/wp-json\/wp\/v2\/users\/28"}],"replies":[{"embeddable":true,"href":"https:\/\/imagazine.it\/home_desk\/wp-json\/wp\/v2\/comments?post=17183"}],"version-history":[{"count":0,"href":"https:\/\/imagazine.it\/home_desk\/wp-json\/wp\/v2\/posts\/17183\/revisions"}],"wp:featuredmedia":[{"embeddable":true,"href":"https:\/\/imagazine.it\/home_desk\/wp-json\/wp\/v2\/media\/17184"}],"wp:attachment":[{"href":"https:\/\/imagazine.it\/home_desk\/wp-json\/wp\/v2\/media?parent=17183"}],"wp:term":[{"taxonomy":"category","embeddable":true,"href":"https:\/\/imagazine.it\/home_desk\/wp-json\/wp\/v2\/categories?post=17183"},{"taxonomy":"post_tag","embeddable":true,"href":"https:\/\/imagazine.it\/home_desk\/wp-json\/wp\/v2\/tags?post=17183"}],"curies":[{"name":"wp","href":"https:\/\/api.w.org\/{rel}","templated":true}]}}