{"id":17175,"date":"2015-07-23T00:00:00","date_gmt":"2015-07-22T23:00:00","guid":{"rendered":"https:\/\/imagazine.it\/?p=17175"},"modified":"2015-07-23T00:00:00","modified_gmt":"2015-07-22T23:00:00","slug":"trieste-niente-piu-carta-in-classe","status":"publish","type":"post","link":"https:\/\/imagazine.it\/home_desk\/trieste-niente-piu-carta-in-classe\/","title":{"rendered":"Trieste, niente pi\u00f9 carta in classe"},"content":{"rendered":"<p style=\"text-align: justify;\" class=\"ui-droppable\"> \tSi chiama \u201cSmart class\u201d e la si pu\u00f2 raccontare come una classe dove la carta verr\u00e0 assolutamente bandita. Aprir\u00e0 i battenti il prossimo settembre, all\u2019interno del centro di formazione professionale del Villaggio del fanciullo.<\/p>\n<p style=\"text-align: justify;\" class=\"ui-droppable\"> \tLa scuola di Opicina, unica a Trieste, ha aderito al progetto nazionale \u201cInn-Innovazione digitale\u201d, insieme ad altri due enti formativi regionali.<\/p>\n<p style=\"text-align: justify;\" class=\"ui-droppable\"> \tL\u2019iniziativa intende attivare una serie di azioni che consentano di introdurre nella didattica l\u2019utilizzo di tecnologie digitali mobili, quali i tablet e gli smartphone, e fisse, quali le Lim, le Lavagne interattive multimediali.<\/p>\n<p style=\"text-align: justify;\" class=\"ui-droppable\"> \t\u00abTutto \u00e8 nato \u2013 spiega il direttore del VillaggioFormazione, <strong>Giuseppe Bragadin Monti<\/strong> \u2013 dalla volont\u00e0 di trovare degli strumenti che favoriscano l\u2019apprendimento per chi ha dei disturbi come la dislessia, la discalculia e la disgrafia. \u00c8 stato appurato, poi, che la tecnologia digitale favorisce l\u2019apprendimento anche nei ragazzi che non soffrono di alcun disturbo\u00bb.<\/p>\n<p style=\"text-align: justify;\" class=\"ui-droppable\"> \tDel resto questa offerta si rivolge ai cosiddetti nativi digitali, a quei ragazzi che sono nati in una societ\u00e0 dove l\u2019utilizzo della tecnologia digitale appare come una consuetudine quotidiana.<\/p>\n<p style=\"text-align: justify;\" class=\"ui-droppable\"> \tPerch\u00e9 allora non utilizzare in chiave didattica questi strumenti?<\/p>\n<p style=\"text-align: justify;\" class=\"ui-droppable\"> \tLa domanda che si sono posti al Villaggio del fanciullo ha trovato una risposta nel piano comunitario denominato Europa 2020, fra i cui obiettivi vi \u00e8 la volont\u00e0 di \u00abcreare degli spazi di apprendimento aperto sul mondo, nei quali costruire il senso di cittadinanza e realizzare una crescita intelligente, sostenibile e inclusiva\u00bb.<\/p>\n<p style=\"text-align: justify;\" class=\"ui-droppable\"> \tPer fare questo i docenti del centro professionale di Opicina hanno preso parte a uno specifico percorso formativo che si \u00e8 svolto a Brescia, in modo da riuscire a gestire questo tipo di lezioni innovative.<\/p>\n<p style=\"text-align: justify;\" class=\"ui-droppable\"> \tA essere coinvolto sar\u00e0 il corso per Operatore grafico. A ogni iscritto verr\u00e0 consegnato in uso gratuito un tablet iPad Air 2 che, insieme alle altre dotazioni tecnologiche presenti all\u2019interno del Campus di via di Conconello, consentir\u00e0 di poter rinunciare alla carta.<\/p>\n<p style=\"text-align: justify;\" class=\"ui-droppable\"> \t\u00abIl nostro \u2013 conclude Bragadin Monti \u2013 \u00e8 un investimento in favore dei ragazzi, che ci consente di restare al passo con i tempi. Il 50 per cento della navigazione internet nel mondo avviene tramite gli smartphone o i tablet. \u00c8 un dato di cui bisogna tenere conto e che pu\u00f2 rappresentare un\u2019occasione di crescita culturale e intellettuale, a patto che di tutta questa tecnologia venga fatto un utilizzo corretto, mediato dalla presenza degli adulti\u00bb.\u00a0\u00a0\u00a0\u00a0<\/p>\n<p style=\"text-align: justify;\" class=\"ui-droppable\"> \tInfo: <a href=\"http:\/\/l.facebook.com\/l.php?u=http%3A%2F%2Fwww.villaggioformazione.org%2F&#038;h=dAQFHR7_pAQFr6Fbt0hG-EzJGqFGdtJgPJT6gcnDWWUtR6Q&#038;enc=AZOM-Hl4jquqG8O7MZZaP5rCy4Jhg-IjV53Ba4ULqL2hA-iCZpOdY6XZDiEOu3DJfO41WEj30TSN2NmbMGega4RIjyZ-bK_BRtIxwGMzmqjp1rGHIIfDJVL5BF-6MfLN-DDJWiajsG3uTF2LPPRacqj2GpAfVRwXaOtshd-a6CM0hIiKrjEDuPqovZcdufUICCdETxwBHWxo0oXORo_plpcH&#038;s=1\" target=\"_blank\" rel=\"noopener\">www.villaggioformazione.org<\/a> 040 2171711<\/p>\n","protected":false},"excerpt":{"rendered":"<p>Al Villaggio del fanciullo il progetto &#8220;Smart class&#8221;<\/p>\n","protected":false},"author":28,"featured_media":17176,"comment_status":"closed","ping_status":"closed","sticky":false,"template":"","format":"standard","meta":{"dwc-title":[],"dwc-content":[],"footnotes":""},"categories":[5],"tags":[],"class_list":["post-17175","post","type-post","status-publish","format-standard","has-post-thumbnail","hentry","category-attualita"],"rttpg_featured_image_url":{"full":["https:\/\/imagazine.it\/wp-content\/uploads\/2024\/01\/10656-1.webp",494,300,false],"landscape":["https:\/\/imagazine.it\/wp-content\/uploads\/2024\/01\/10656-1.webp",494,300,false],"portraits":["https:\/\/imagazine.it\/wp-content\/uploads\/2024\/01\/10656-1.webp",494,300,false],"thumbnail":["https:\/\/imagazine.it\/wp-content\/uploads\/2024\/01\/10656-1-150x150.webp",150,150,true],"medium":["https:\/\/imagazine.it\/wp-content\/uploads\/2024\/01\/10656-1-300x182.webp",300,182,true],"large":["https:\/\/imagazine.it\/wp-content\/uploads\/2024\/01\/10656-1.webp",494,300,false],"thumblist":["https:\/\/imagazine.it\/wp-content\/uploads\/2024\/01\/10656-1.webp",300,182,false],"thumbrelated":["https:\/\/imagazine.it\/wp-content\/uploads\/2024\/01\/10656-1.webp",494,300,false],"meccarouselthumb":["https:\/\/imagazine.it\/wp-content\/uploads\/2024\/01\/10656-1.webp",474,288,false],"gridsquare":["https:\/\/imagazine.it\/wp-content\/uploads\/2024\/01\/10656-1.webp",391,237,false],"tileview":["https:\/\/imagazine.it\/wp-content\/uploads\/2024\/01\/10656-1.webp",300,182,false],"1536x1536":["https:\/\/imagazine.it\/wp-content\/uploads\/2024\/01\/10656-1.webp",494,300,false],"2048x2048":["https:\/\/imagazine.it\/wp-content\/uploads\/2024\/01\/10656-1.webp",494,300,false],"newsup-slider-full":["https:\/\/imagazine.it\/wp-content\/uploads\/2024\/01\/10656-1.webp",494,300,false],"newsup-featured":["https:\/\/imagazine.it\/wp-content\/uploads\/2024\/01\/10656-1.webp",494,300,false],"newsup-medium":["https:\/\/imagazine.it\/wp-content\/uploads\/2024\/01\/10656-1.webp",494,300,false],"tptn_thumbnail":["https:\/\/imagazine.it\/wp-content\/uploads\/2024\/01\/10656-1.webp",250,152,false],"sow-carousel-default":["https:\/\/imagazine.it\/wp-content\/uploads\/2024\/01\/10656-1-272x182.webp",272,182,true]},"rttpg_author":{"display_name":"redazione","author_link":"https:\/\/imagazine.it\/home_desk\/author\/redazione\/"},"rttpg_comment":0,"rttpg_category":"<a href=\"https:\/\/imagazine.it\/home_desk\/category\/attualita\/\" rel=\"category tag\">ATTUALIT\u00c0<\/a>","rttpg_excerpt":"Al Villaggio del fanciullo il progetto \"Smart class\"","_links":{"self":[{"href":"https:\/\/imagazine.it\/home_desk\/wp-json\/wp\/v2\/posts\/17175","targetHints":{"allow":["GET"]}}],"collection":[{"href":"https:\/\/imagazine.it\/home_desk\/wp-json\/wp\/v2\/posts"}],"about":[{"href":"https:\/\/imagazine.it\/home_desk\/wp-json\/wp\/v2\/types\/post"}],"author":[{"embeddable":true,"href":"https:\/\/imagazine.it\/home_desk\/wp-json\/wp\/v2\/users\/28"}],"replies":[{"embeddable":true,"href":"https:\/\/imagazine.it\/home_desk\/wp-json\/wp\/v2\/comments?post=17175"}],"version-history":[{"count":0,"href":"https:\/\/imagazine.it\/home_desk\/wp-json\/wp\/v2\/posts\/17175\/revisions"}],"wp:featuredmedia":[{"embeddable":true,"href":"https:\/\/imagazine.it\/home_desk\/wp-json\/wp\/v2\/media\/17176"}],"wp:attachment":[{"href":"https:\/\/imagazine.it\/home_desk\/wp-json\/wp\/v2\/media?parent=17175"}],"wp:term":[{"taxonomy":"category","embeddable":true,"href":"https:\/\/imagazine.it\/home_desk\/wp-json\/wp\/v2\/categories?post=17175"},{"taxonomy":"post_tag","embeddable":true,"href":"https:\/\/imagazine.it\/home_desk\/wp-json\/wp\/v2\/tags?post=17175"}],"curies":[{"name":"wp","href":"https:\/\/api.w.org\/{rel}","templated":true}]}}