{"id":17151,"date":"2015-07-17T00:00:00","date_gmt":"2015-07-16T23:00:00","guid":{"rendered":"https:\/\/imagazine.it\/?p=17151"},"modified":"2015-07-17T00:00:00","modified_gmt":"2015-07-16T23:00:00","slug":"i-misteri-di-palmanova-sulla-tv-giapponese","status":"publish","type":"post","link":"https:\/\/imagazine.it\/home_desk\/i-misteri-di-palmanova-sulla-tv-giapponese\/","title":{"rendered":"I misteri di Palmanova sulla tv giapponese"},"content":{"rendered":"<p style=\"text-align: justify;\" class=\"ui-droppable\"> \tPalmanova sbarca in Giappone. Il canale nazionale NHK mander\u00e0 in onda la prima puntata di una trasmissione dedicata alle citt\u00e0 misteriose lungo l\u2019Adriatico, che\u00a0 \u00e8 in gran parte dedicata alla citt\u00e0 stellata. Le riprese sono state girate tra aprile e maggio da una produzione di giovanissimi cineasti che hanno voluto raccontare Palmanova in ogni dettaglio, dalle origini, allo sviluppo militare, economico e\u00a0 turistico, soffermandosi anche sulla vita quotidiana dei palmarini oggi. Protagonista e narratore di questa\u00a0<em>full immersion<\/em>\u00a0nella citt\u00e0 stellata il giovane attore <strong>Suzuki\u00a0Ryouhei<\/strong>, 32 anni, originario della citt\u00e0 di Nishinomiya, ma da anni inserito nel\u00a0<em>jet set<\/em>\u00a0di Tokyo dove \u00e8 noto come attore e come modello. Una vera star nel paese del Sol Levante, che far\u00e0 da <em>testimonial<\/em>\u00a0a Palmanova con uno spirito nipponico giovane, curioso, interessato.<\/p>\n<p style=\"text-align: justify;\" class=\"ui-droppable\"> \t\u00abLa citt\u00e0 mi \u00e8 piaciuta tantissimo per la sua strana storia, per la sua gente e per questo attaccamento alle tradizioni che la rende simile al Giappone\u00bb, ha dichiarato Suzuki durante i suoi giorni di permanenza in citt\u00e0.<\/p>\n<p style=\"text-align: justify;\" class=\"ui-droppable\"> \tLa trasmissione parte con il sorvolo in elicottero della citt\u00e0 stellata e la decisione di Suzuki, colpito dalla perfezione della pianta rinascimentale, di scendere al centro della citt\u00e0. Con il\u00a0 suo arrivo in piazza inizia la scoperta di Palmanova con una passeggiata tra i borghi e una sosta in alcuni locali, dove ha modo anche di assaggiare un vero \u201ccappuccino\u201d e una sconosciutissima \u201cgubana\u201d.<\/p>\n<p style=\"text-align: justify;\" class=\"ui-droppable\"> \tAccompagnato dallo storico <strong>Alberto Prelli<\/strong>, Suzuki racconta la fortezza, la cinta bastionata, i segreti delle milizie venete e delle conquiste napoleoniche. Incontra gli sbandieratori alle prese con le esibizioni in piazza Grande e i figuranti del Gruppo storico impegnati nella preparazione dei costumi per la Rievocazione. Moltissimi i dettagli girati nei musei, sia quello civico che militare, sui bastioni, incrociando le passeggiate dei militari a cavallo del Genova Cavalleria, e dentro le gallerie veneziane. C\u2019\u00e8 tempo anche per una cena in una casa tipica friulana e per conoscere la lavorazione dell\u2019oca, cos\u00ec come \u00e8 stata riscoperta e resa famosa in tutto il mondo dall\u2019azienda palmarina Jolanda De Col\u00f2.<\/p>\n<p style=\"text-align: justify;\" class=\"ui-droppable\"> \tPer il sindaco <strong>Francesco Martines<\/strong> \u00ab\u00e8 un\u2019occasione straordinaria per far conoscere Palmanova nell\u2019Estremo Oriente. Un\u2019opportunit\u00e0 che si aggiunge a quella recente della produzione cinematografica cinese, ma che in questo caso ha il pregio di raccontare la citt\u00e0 in maniera semplice e avvincente al pubblico della tv nazionale giapponese a poca distanza dalle riprese, quindi in una sorta di presa diretta che potr\u00e0 dare immediato conto di come la citt\u00e0 si stia evolvendo e stia diventando sempre pi\u00f9 una meta turistica. Mi auguro che i giapponesi colgano la bellezza di Palmanova e vengano da turisti\u00bb.<\/p>\n<p style=\"text-align: justify;\" class=\"ui-droppable\"> \tDopo Palmanova, la troupe giapponese ha proseguito il proprio viaggio verso Bled e Postumia, spingendosi poi fino alle isole greche di Zacinto e Cefalonia.<\/p>\n","protected":false},"excerpt":{"rendered":"<p>Documentario sulla citt\u00e0 stellata<\/p>\n","protected":false},"author":28,"featured_media":17152,"comment_status":"closed","ping_status":"closed","sticky":false,"template":"","format":"standard","meta":{"dwc-title":[],"dwc-content":[],"footnotes":""},"categories":[8],"tags":[],"class_list":["post-17151","post","type-post","status-publish","format-standard","has-post-thumbnail","hentry","category-turismo"],"rttpg_featured_image_url":{"full":["https:\/\/imagazine.it\/wp-content\/uploads\/2024\/01\/10606-1.webp",533,400,false],"landscape":["https:\/\/imagazine.it\/wp-content\/uploads\/2024\/01\/10606-1.webp",533,400,false],"portraits":["https:\/\/imagazine.it\/wp-content\/uploads\/2024\/01\/10606-1.webp",533,400,false],"thumbnail":["https:\/\/imagazine.it\/wp-content\/uploads\/2024\/01\/10606-1-150x150.webp",150,150,true],"medium":["https:\/\/imagazine.it\/wp-content\/uploads\/2024\/01\/10606-1-300x225.webp",300,225,true],"large":["https:\/\/imagazine.it\/wp-content\/uploads\/2024\/01\/10606-1.webp",533,400,false],"thumblist":["https:\/\/imagazine.it\/wp-content\/uploads\/2024\/01\/10606-1.webp",300,225,false],"thumbrelated":["https:\/\/imagazine.it\/wp-content\/uploads\/2024\/01\/10606-1.webp",500,375,false],"meccarouselthumb":["https:\/\/imagazine.it\/wp-content\/uploads\/2024\/01\/10606-1.webp",432,324,false],"gridsquare":["https:\/\/imagazine.it\/wp-content\/uploads\/2024\/01\/10606-1.webp",346,260,false],"tileview":["https:\/\/imagazine.it\/wp-content\/uploads\/2024\/01\/10606-1.webp",300,225,false],"1536x1536":["https:\/\/imagazine.it\/wp-content\/uploads\/2024\/01\/10606-1.webp",533,400,false],"2048x2048":["https:\/\/imagazine.it\/wp-content\/uploads\/2024\/01\/10606-1.webp",533,400,false],"newsup-slider-full":["https:\/\/imagazine.it\/wp-content\/uploads\/2024\/01\/10606-1.webp",533,400,false],"newsup-featured":["https:\/\/imagazine.it\/wp-content\/uploads\/2024\/01\/10606-1.webp",533,400,false],"newsup-medium":["https:\/\/imagazine.it\/wp-content\/uploads\/2024\/01\/10606-1-533x380.webp",533,380,true],"tptn_thumbnail":["https:\/\/imagazine.it\/wp-content\/uploads\/2024\/01\/10606-1.webp",250,188,false],"sow-carousel-default":["https:\/\/imagazine.it\/wp-content\/uploads\/2024\/01\/10606-1-272x182.webp",272,182,true]},"rttpg_author":{"display_name":"redazione","author_link":"https:\/\/imagazine.it\/home_desk\/author\/redazione\/"},"rttpg_comment":0,"rttpg_category":"<a href=\"https:\/\/imagazine.it\/home_desk\/category\/turismo\/\" rel=\"category tag\">TURISMO<\/a>","rttpg_excerpt":"Documentario sulla citt\u00e0 stellata","_links":{"self":[{"href":"https:\/\/imagazine.it\/home_desk\/wp-json\/wp\/v2\/posts\/17151","targetHints":{"allow":["GET"]}}],"collection":[{"href":"https:\/\/imagazine.it\/home_desk\/wp-json\/wp\/v2\/posts"}],"about":[{"href":"https:\/\/imagazine.it\/home_desk\/wp-json\/wp\/v2\/types\/post"}],"author":[{"embeddable":true,"href":"https:\/\/imagazine.it\/home_desk\/wp-json\/wp\/v2\/users\/28"}],"replies":[{"embeddable":true,"href":"https:\/\/imagazine.it\/home_desk\/wp-json\/wp\/v2\/comments?post=17151"}],"version-history":[{"count":0,"href":"https:\/\/imagazine.it\/home_desk\/wp-json\/wp\/v2\/posts\/17151\/revisions"}],"wp:featuredmedia":[{"embeddable":true,"href":"https:\/\/imagazine.it\/home_desk\/wp-json\/wp\/v2\/media\/17152"}],"wp:attachment":[{"href":"https:\/\/imagazine.it\/home_desk\/wp-json\/wp\/v2\/media?parent=17151"}],"wp:term":[{"taxonomy":"category","embeddable":true,"href":"https:\/\/imagazine.it\/home_desk\/wp-json\/wp\/v2\/categories?post=17151"},{"taxonomy":"post_tag","embeddable":true,"href":"https:\/\/imagazine.it\/home_desk\/wp-json\/wp\/v2\/tags?post=17151"}],"curies":[{"name":"wp","href":"https:\/\/api.w.org\/{rel}","templated":true}]}}