{"id":17141,"date":"2015-07-16T00:00:00","date_gmt":"2015-07-15T23:00:00","guid":{"rendered":"https:\/\/imagazine.it\/?p=17141"},"modified":"2015-07-16T00:00:00","modified_gmt":"2015-07-15T23:00:00","slug":"web-nuovo-portale-per-le-associazioni-triestine","status":"publish","type":"post","link":"https:\/\/imagazine.it\/home_desk\/web-nuovo-portale-per-le-associazioni-triestine\/","title":{"rendered":"Web, nuovo portale per le associazioni triestine"},"content":{"rendered":"<p style=\"text-align: justify;\" class=\"ui-droppable\"> \tConsentire alle associazioni culturali di incontrarsi in Rete per poi fare altrettanto off-line, condividendo iniziative, ma anche idee e collaborazioni in divenire: \u00e8 quanto sar\u00e0 possibile fare attraverso il portale promosso dal Comune di Trieste e realizzato da Trieste Citt\u00e0 Digitale.<\/p>\n<p style=\"text-align: justify;\" class=\"ui-droppable\"> \t\u201cTutti gli eventi &#8211; ha spiegato la vicesindaca <strong>Fabiana Martini<\/strong> &#8211; sono ora a portata di click agli indirizzi <a href=\"http:\/\/join.trieste.it\/\" target=\"_blank\" rel=\"noopener\">join.trieste.it<\/a> o <a href=\"http:\/\/www.associazionitrieste.it\" target=\"_blank\" rel=\"noopener\"><u>associazionitrieste.it<\/u><\/a>: una sorta di \u201cvetrina\u201d della citt\u00e0, che fino a questo momento non esisteva, dove dare spazio alle attivit\u00e0 delle associazioni triestine e allo stesso tempo creare un punto d&#8217;incontro per poter interagire, condividere documenti, lanciare concorsi di idee. Di fatto un&#8217;agenda comune dove far confluire tutte le attivit\u00e0 per rendere pi\u00f9 facile e semplice la loro promozione\u201d.<\/p>\n<p style=\"text-align: justify;\" class=\"ui-droppable\"> \t\u201cSar\u00e0 un unico luogo a portata di click &#8211; ha precisato <strong>Tiziana Oselladore<\/strong> per TCD-Trieste Citt\u00e0 Digitale &#8211; e una piattaforma pi\u00f9 ampia perci\u00f2, denominata per l&#8217;occasione \u201cWalled Garden\u201d nel senso appunto di &#8216;giardino protetto&#8217; , una sorta di &#8216;chat&#8217; in grado di far dialogare e interagire insieme tutte le diverse componenti dell&#8217;arcipelago culturale triestino, offrendo tra l&#8217;altro l&#8217;opportunit\u00e0 di condividere le iniziative in calendario, per valorizzare le potenzialit\u00e0 e i suggerimenti di tutti a favore di un sempre pi\u00f9 diffuso utilizzo da parte di tutti i cittadini\u201d.<\/p>\n<p style=\"text-align: justify;\" class=\"ui-droppable\"> \tIl sito \u00e8 stato suddiviso in categorie dov&#8217;\u00e8 possibile inserire logo, immagini e la geolocalizzazione di un evento. Al suo interno \u00e8 sempre disponibile anche il modulo di iscrizione.<\/p>\n","protected":false},"excerpt":{"rendered":"<p>Presentato in municipio<\/p>\n","protected":false},"author":28,"featured_media":17142,"comment_status":"closed","ping_status":"closed","sticky":false,"template":"","format":"standard","meta":{"dwc-title":[],"dwc-content":[],"footnotes":""},"categories":[5],"tags":[],"class_list":["post-17141","post","type-post","status-publish","format-standard","has-post-thumbnail","hentry","category-attualita"],"rttpg_featured_image_url":{"full":["https:\/\/imagazine.it\/wp-content\/uploads\/2024\/01\/10595-1.webp",600,400,false],"landscape":["https:\/\/imagazine.it\/wp-content\/uploads\/2024\/01\/10595-1.webp",600,400,false],"portraits":["https:\/\/imagazine.it\/wp-content\/uploads\/2024\/01\/10595-1.webp",600,400,false],"thumbnail":["https:\/\/imagazine.it\/wp-content\/uploads\/2024\/01\/10595-1-150x150.webp",150,150,true],"medium":["https:\/\/imagazine.it\/wp-content\/uploads\/2024\/01\/10595-1-300x200.webp",300,200,true],"large":["https:\/\/imagazine.it\/wp-content\/uploads\/2024\/01\/10595-1.webp",600,400,false],"thumblist":["https:\/\/imagazine.it\/wp-content\/uploads\/2024\/01\/10595-1.webp",300,200,false],"thumbrelated":["https:\/\/imagazine.it\/wp-content\/uploads\/2024\/01\/10595-1.webp",500,333,false],"meccarouselthumb":["https:\/\/imagazine.it\/wp-content\/uploads\/2024\/01\/10595-1.webp",474,316,false],"gridsquare":["https:\/\/imagazine.it\/wp-content\/uploads\/2024\/01\/10595-1.webp",391,260,false],"tileview":["https:\/\/imagazine.it\/wp-content\/uploads\/2024\/01\/10595-1.webp",300,200,false],"1536x1536":["https:\/\/imagazine.it\/wp-content\/uploads\/2024\/01\/10595-1.webp",600,400,false],"2048x2048":["https:\/\/imagazine.it\/wp-content\/uploads\/2024\/01\/10595-1.webp",600,400,false],"newsup-slider-full":["https:\/\/imagazine.it\/wp-content\/uploads\/2024\/01\/10595-1.webp",600,400,false],"newsup-featured":["https:\/\/imagazine.it\/wp-content\/uploads\/2024\/01\/10595-1.webp",600,400,false],"newsup-medium":["https:\/\/imagazine.it\/wp-content\/uploads\/2024\/01\/10595-1-600x380.webp",600,380,true],"tptn_thumbnail":["https:\/\/imagazine.it\/wp-content\/uploads\/2024\/01\/10595-1.webp",250,167,false],"sow-carousel-default":["https:\/\/imagazine.it\/wp-content\/uploads\/2024\/01\/10595-1-272x182.webp",272,182,true]},"rttpg_author":{"display_name":"redazione","author_link":"https:\/\/imagazine.it\/home_desk\/author\/redazione\/"},"rttpg_comment":0,"rttpg_category":"<a href=\"https:\/\/imagazine.it\/home_desk\/category\/attualita\/\" rel=\"category tag\">ATTUALIT\u00c0<\/a>","rttpg_excerpt":"Presentato in municipio","_links":{"self":[{"href":"https:\/\/imagazine.it\/home_desk\/wp-json\/wp\/v2\/posts\/17141","targetHints":{"allow":["GET"]}}],"collection":[{"href":"https:\/\/imagazine.it\/home_desk\/wp-json\/wp\/v2\/posts"}],"about":[{"href":"https:\/\/imagazine.it\/home_desk\/wp-json\/wp\/v2\/types\/post"}],"author":[{"embeddable":true,"href":"https:\/\/imagazine.it\/home_desk\/wp-json\/wp\/v2\/users\/28"}],"replies":[{"embeddable":true,"href":"https:\/\/imagazine.it\/home_desk\/wp-json\/wp\/v2\/comments?post=17141"}],"version-history":[{"count":0,"href":"https:\/\/imagazine.it\/home_desk\/wp-json\/wp\/v2\/posts\/17141\/revisions"}],"wp:featuredmedia":[{"embeddable":true,"href":"https:\/\/imagazine.it\/home_desk\/wp-json\/wp\/v2\/media\/17142"}],"wp:attachment":[{"href":"https:\/\/imagazine.it\/home_desk\/wp-json\/wp\/v2\/media?parent=17141"}],"wp:term":[{"taxonomy":"category","embeddable":true,"href":"https:\/\/imagazine.it\/home_desk\/wp-json\/wp\/v2\/categories?post=17141"},{"taxonomy":"post_tag","embeddable":true,"href":"https:\/\/imagazine.it\/home_desk\/wp-json\/wp\/v2\/tags?post=17141"}],"curies":[{"name":"wp","href":"https:\/\/api.w.org\/{rel}","templated":true}]}}