{"id":17139,"date":"2015-07-15T00:00:00","date_gmt":"2015-07-14T23:00:00","guid":{"rendered":"https:\/\/imagazine.it\/?p=17139"},"modified":"2015-07-15T00:00:00","modified_gmt":"2015-07-14T23:00:00","slug":"la-delizia-al-top-della-produzione-vitivinicola-in-fvg","status":"publish","type":"post","link":"https:\/\/imagazine.it\/home_desk\/la-delizia-al-top-della-produzione-vitivinicola-in-fvg\/","title":{"rendered":"&#8220;La Delizia&#8221; al top della produzione vitivinicola in FVG"},"content":{"rendered":"<p style=\"text-align: justify;\" class=\"ui-droppable\"> \tLa cooperativa <em>Viticoltori Friulani La Delizia<\/em> di Casarsa, <strong>venerd\u00ec 17 luglio<\/strong> alle ore 17.30, incontra i 500 soci produttori e i dipendenti presso l\u2019azienda agricola \u201cLa Delizia\u201d di Basiliano (via Beano). Nell\u2019occasione, alla presenza degli assessori regionali, <strong>Sergio Bolzonello<\/strong> e <strong>Cristiano Shaurli<\/strong>, il presidente <strong>Denis Ius<\/strong> e il direttore <strong>Pietro Biscontin<\/strong> illustreranno la situazione della cantina cooperativa (la prima realt\u00e0 vitivinicola della regione), la quantit\u00e0 e qualit\u00e0 degli investimenti di ristrutturazione effettuati presso l\u2019azienda di Basiliano e il programma di sviluppo dei nuovi interventi previsti presso l\u2019area \u201cex Friulvini\u201d di Zoppola.<\/p>\n<p style=\"text-align: justify;\" class=\"ui-droppable\"> \tL\u2019evento, che vedr\u00e0 pure la partecipazione dei rappresentanti di numerose amministrazioni locali di tutta la regione dove operano i soci viticoltori, nonch\u00e9 dei rappresentanti di Confcooperative Fvg, l\u2019organizzazione imprenditoriale di riferimento, sar\u00e0 utile a sottolineare le opportunit\u00e0 di crescita della viticoltura regionale che annovera, complessivamente, oltre 2.300 viticoltori associati in cooperativa. Una viticoltura contrassegnata dall\u2019esplosione delle superfici investite a Glera (uva dalla quale si produce il Prosecco) e a Pinot grigio. Nella sola cantina <em>La Delizia<\/em>, dal 2007-2008 a oggi, le superfici a Glera gestite dai soci sono passate da 4 ettari a 524; quelle a Pinot grigio da 566 ettari a 694 (+23%).<\/p>\n<p style=\"text-align: justify;\" class=\"ui-droppable\"> \t\u00a0<\/p>\n<p style=\"text-align: justify;\" class=\"ui-droppable\"> \t<strong><em>La Viticoltori<\/em><\/strong><strong><em> Friulani<\/em><\/strong><strong><em> La Delizia sca<\/em><\/strong><\/p>\n<p style=\"text-align: justify;\" class=\"ui-droppable\"> \t<em>Rispetto al 2013, la crescita del fatturato dell\u2019impresa cooperativa nata nel 1931 \u00e8 stata pari al 34,26%, superando l\u2019obiettivo dei 34 milioni di euro di fatturato. L\u2019eccellente traguardo raggiunto nel 2014 \u00e8 stato ottenuto anche grazie al successo della nuova linea di vini spumanti Naonis sul mercato italiano che ha registrato l\u2019indice di maggior crescita nel canale Horeca: in soli 10 mesi, infatti, sono state vendute oltre 270.000 bottiglie. <\/em><\/p>\n<p style=\"text-align: justify;\" class=\"ui-droppable\"> \t<em>I positivi risultati di bilancio si riflettono pure nel mercato estero che ora riveste il 55,5% del fatturato globale (per un valore di circa 18 milioni di euro), con un incremento del 31,1% rispetto al 2013 e dove gli sforzi si sono focalizzati soprattutto nei mercati di Germania, Russia, Stati Uniti e Cina. <\/em><\/p>\n<p style=\"text-align: justify;\" class=\"ui-droppable\"> \t<em>L\u2019assortimento della Cantina comprende un\u2019ampia gamma di vini fermi, frizzanti e spumanti, che rappresentano le Igt e le Doc del Fvg, distribuiti per il 65% nel canale della GDO e per il 35% nel canale grossisti. La Delizia, oggi, \u00e8 la maggiore realt\u00e0 vitivinicola del Fvg, associando 500 viticoltori con 1.875 ettari di vigneti che si estendono da Casarsa ad Aquileia, all\u2019interno delle aree a Doc \u201cFriuli Grave\u201d e \u201cProsecco\u201d.<\/em><\/p>\n","protected":false},"excerpt":{"rendered":"<p>Venerd\u00ec l&#8217;illustrazione dei dati<\/p>\n","protected":false},"author":28,"featured_media":17140,"comment_status":"closed","ping_status":"closed","sticky":false,"template":"","format":"standard","meta":{"dwc-title":[],"dwc-content":[],"footnotes":""},"categories":[5],"tags":[],"class_list":["post-17139","post","type-post","status-publish","format-standard","has-post-thumbnail","hentry","category-attualita"],"rttpg_featured_image_url":{"full":["https:\/\/imagazine.it\/wp-content\/uploads\/2024\/01\/10593-1.webp",518,400,false],"landscape":["https:\/\/imagazine.it\/wp-content\/uploads\/2024\/01\/10593-1.webp",518,400,false],"portraits":["https:\/\/imagazine.it\/wp-content\/uploads\/2024\/01\/10593-1.webp",518,400,false],"thumbnail":["https:\/\/imagazine.it\/wp-content\/uploads\/2024\/01\/10593-1-150x150.webp",150,150,true],"medium":["https:\/\/imagazine.it\/wp-content\/uploads\/2024\/01\/10593-1-300x232.webp",300,232,true],"large":["https:\/\/imagazine.it\/wp-content\/uploads\/2024\/01\/10593-1.webp",518,400,false],"thumblist":["https:\/\/imagazine.it\/wp-content\/uploads\/2024\/01\/10593-1.webp",300,232,false],"thumbrelated":["https:\/\/imagazine.it\/wp-content\/uploads\/2024\/01\/10593-1.webp",500,386,false],"meccarouselthumb":["https:\/\/imagazine.it\/wp-content\/uploads\/2024\/01\/10593-1.webp",420,324,false],"gridsquare":["https:\/\/imagazine.it\/wp-content\/uploads\/2024\/01\/10593-1.webp",337,260,false],"tileview":["https:\/\/imagazine.it\/wp-content\/uploads\/2024\/01\/10593-1.webp",300,232,false],"1536x1536":["https:\/\/imagazine.it\/wp-content\/uploads\/2024\/01\/10593-1.webp",518,400,false],"2048x2048":["https:\/\/imagazine.it\/wp-content\/uploads\/2024\/01\/10593-1.webp",518,400,false],"newsup-slider-full":["https:\/\/imagazine.it\/wp-content\/uploads\/2024\/01\/10593-1.webp",518,400,false],"newsup-featured":["https:\/\/imagazine.it\/wp-content\/uploads\/2024\/01\/10593-1.webp",518,400,false],"newsup-medium":["https:\/\/imagazine.it\/wp-content\/uploads\/2024\/01\/10593-1-518x380.webp",518,380,true],"tptn_thumbnail":["https:\/\/imagazine.it\/wp-content\/uploads\/2024\/01\/10593-1.webp",250,193,false],"sow-carousel-default":["https:\/\/imagazine.it\/wp-content\/uploads\/2024\/01\/10593-1-272x182.webp",272,182,true]},"rttpg_author":{"display_name":"redazione","author_link":"https:\/\/imagazine.it\/home_desk\/author\/redazione\/"},"rttpg_comment":0,"rttpg_category":"<a href=\"https:\/\/imagazine.it\/home_desk\/category\/attualita\/\" rel=\"category tag\">ATTUALIT\u00c0<\/a>","rttpg_excerpt":"Venerd\u00ec l'illustrazione dei dati","_links":{"self":[{"href":"https:\/\/imagazine.it\/home_desk\/wp-json\/wp\/v2\/posts\/17139","targetHints":{"allow":["GET"]}}],"collection":[{"href":"https:\/\/imagazine.it\/home_desk\/wp-json\/wp\/v2\/posts"}],"about":[{"href":"https:\/\/imagazine.it\/home_desk\/wp-json\/wp\/v2\/types\/post"}],"author":[{"embeddable":true,"href":"https:\/\/imagazine.it\/home_desk\/wp-json\/wp\/v2\/users\/28"}],"replies":[{"embeddable":true,"href":"https:\/\/imagazine.it\/home_desk\/wp-json\/wp\/v2\/comments?post=17139"}],"version-history":[{"count":0,"href":"https:\/\/imagazine.it\/home_desk\/wp-json\/wp\/v2\/posts\/17139\/revisions"}],"wp:featuredmedia":[{"embeddable":true,"href":"https:\/\/imagazine.it\/home_desk\/wp-json\/wp\/v2\/media\/17140"}],"wp:attachment":[{"href":"https:\/\/imagazine.it\/home_desk\/wp-json\/wp\/v2\/media?parent=17139"}],"wp:term":[{"taxonomy":"category","embeddable":true,"href":"https:\/\/imagazine.it\/home_desk\/wp-json\/wp\/v2\/categories?post=17139"},{"taxonomy":"post_tag","embeddable":true,"href":"https:\/\/imagazine.it\/home_desk\/wp-json\/wp\/v2\/tags?post=17139"}],"curies":[{"name":"wp","href":"https:\/\/api.w.org\/{rel}","templated":true}]}}