{"id":17112,"date":"2015-07-08T00:00:00","date_gmt":"2015-07-07T23:00:00","guid":{"rendered":"https:\/\/imagazine.it\/?p=17112"},"modified":"2015-07-08T00:00:00","modified_gmt":"2015-07-07T23:00:00","slug":"fiumicello-ritorna-capitale-delle-pesche","status":"publish","type":"post","link":"https:\/\/imagazine.it\/home_desk\/fiumicello-ritorna-capitale-delle-pesche\/","title":{"rendered":"Fiumicello ritorna capitale delle pesche"},"content":{"rendered":"<p class=\"ui-droppable\" style=\"text-align: justify;\"> \tNella Bassa friulana \u00e8 tutto pronto per la cinquantaseiesima \u201cMostra regionale delle pesche\u201d di Fiumicello, uno tra gli appuntamenti pi\u00f9 attesi dell\u2019estate. Ospiti d\u2019eccezione dell\u2019edizione 2015, i <em>Nomadi<\/em>, con un concerto gratuito, domenica 19 luglio, alle 21, prima tappa in Friuli Venezia Giulia. Dal 16 al 19 luglio in programma degustazioni di prodotti tipici, mostre, concerti, convegni, momenti di intrattenimento e tanta frutta a chilometro zero.<\/p>\n<p class=\"ui-droppable\" style=\"text-align: justify;\"> \tLa mostra regionale \u00e8 organizzata dal Comune di Fiumicello, in collaborazione con la Regione, Turismo Fvg, la Provincia di Udine, la Bcc di Fiumicello e Aiello, la Camera di Commercio di Udine, Cia, Coldiretti, Unione Agricoltori, Strada del Vino di Aquileia e la Societ\u00e0 di Ortoflorofrutticoltura Italiana. Prezioso il supporto delle associazioni locali.<\/p>\n<\/p>\n<p class=\"ui-droppable\" style=\"text-align: justify;\"> \tIl cuore della festa sar\u00e0 piazzale dei Tigli. Si comincer\u00e0 gioved\u00ec 16 luglio, alle 18, con \u201cHard Peach \u2013 The Fruit Rocks\u201d, musica con le band emergenti, in collaborazione con \u201cProgetto Giovani\u201d. Alle 19, cerimonia di inaugurazione e apertura ufficiale degli stand. Oltre al sindaco di Fiumicello, <strong>Ennio Scridel<\/strong>, saranno presenti numerose autorit\u00e0. In programma anche l\u2019inaugurazione del concorso e della mostra fotografica, di <strong>Daniel Zorzin<\/strong>, \u201cOspedali della Grande Guerra tra Isontino e Bassa friulana\u201d. Venerd\u00ec 17 luglio, alle 18, torneo di bocce organizzato dall\u2019Auser mentre, alle 19.30, gara podistica a cura dell\u2019associazione \u201cChei dal Cjiamput\u201d, con partenza da piazzale dei Tigli, vicino al gazebo della Bcc di Fiumicello e Aiello. Alle 19.45 presentazione e premiazione del ventiseiesimo concorso fotografico sul tema \u201cUomo e Natura\u201d, in sala Bison. Alle 21.30, ancora musica con il tributo \u201cBeatles\u201d, concerto live del gruppo \u201cThe Repeatles\u201d.<\/p>\n<p class=\"ui-droppable\" style=\"text-align: justify;\"> \tIl clou dell\u2019evento nel fine settimana. Sabato 18 luglio, alle 19.30, dimostrazione di judo mentre, alle 20, ci sar\u00e0 lo spettacolo del Gruppo Gymnica di Fiumicello. Il programma \u00e8 particolarmente ricco. Alle 21, ballo latino e zumba con l\u2019associazione \u201cFit Positivo\u201d, alle 21.30, invece, ballo liscio con l\u2019orchestra spettacolo \u201cFrankdavid\u201d e, alle 23, tombola da 5 mila euro. I negozi di Fiumicello resteranno eccezionalmente aperti fino a mezzanotte grazie all\u2019iniziativa \u201cAcquisti sotto le stelle\u201d. Domenica 19 luglio, alle 10, convegno tecnico sulle tematiche agricole. Il tema di quest\u2019anno sar\u00e0 \u201cQuale futuro per l\u2019ortofrutticoltura\u201d. Numerosi esperti del settore faranno il punto sulle problematiche del comparto. Saranno premiate le migliori pesche. Alle 11, esposizione di auto e moto d\u2019epoca a cura del \u201cClub Auto e Moto d\u2019epoca di Fiumicello\u201d e dell\u2019associazione San Valentino. Dalle 9.30 alle 11.30, \u201cDipingere le emozioni\u201d, laboratorio di arte e \u201carterapia\u201d per ragazzi dai 13 ai 18 anni, con <strong>Emanuela Massaria<\/strong> ed <strong>Emiliano Movio<\/strong>. Dalle 10 alle 21, appuntamento con \u201cUomo e Natura\u201d, realizzazione di murales con pittori e writers noti a livello europeo. Sar\u00e0 anche possibile visitare \u201cArtenpleinair\u201d, a cura di Atthirtyseven, mostra collettiva di pittura, scultura e fotografia. Gran finale, alle 21.30, con il concerto gratuito dei <em>Nomadi<\/em>, come detto prima tappa in regione.\u00a0<\/p>\n","protected":false},"excerpt":{"rendered":"<p>Dal 16 al 19 luglio la Mostra regionale<\/p>\n","protected":false},"author":28,"featured_media":17113,"comment_status":"closed","ping_status":"closed","sticky":false,"template":"","format":"standard","meta":{"dwc-title":[],"dwc-content":[],"footnotes":""},"categories":[8],"tags":[],"class_list":["post-17112","post","type-post","status-publish","format-standard","has-post-thumbnail","hentry","category-turismo"],"rttpg_featured_image_url":{"full":["https:\/\/imagazine.it\/wp-content\/uploads\/2024\/01\/10507-1.webp",491,300,false],"landscape":["https:\/\/imagazine.it\/wp-content\/uploads\/2024\/01\/10507-1.webp",491,300,false],"portraits":["https:\/\/imagazine.it\/wp-content\/uploads\/2024\/01\/10507-1.webp",491,300,false],"thumbnail":["https:\/\/imagazine.it\/wp-content\/uploads\/2024\/01\/10507-1-150x150.webp",150,150,true],"medium":["https:\/\/imagazine.it\/wp-content\/uploads\/2024\/01\/10507-1-300x183.webp",300,183,true],"large":["https:\/\/imagazine.it\/wp-content\/uploads\/2024\/01\/10507-1.webp",491,300,false],"thumblist":["https:\/\/imagazine.it\/wp-content\/uploads\/2024\/01\/10507-1.webp",300,183,false],"thumbrelated":["https:\/\/imagazine.it\/wp-content\/uploads\/2024\/01\/10507-1.webp",491,300,false],"meccarouselthumb":["https:\/\/imagazine.it\/wp-content\/uploads\/2024\/01\/10507-1.webp",474,290,false],"gridsquare":["https:\/\/imagazine.it\/wp-content\/uploads\/2024\/01\/10507-1.webp",391,239,false],"tileview":["https:\/\/imagazine.it\/wp-content\/uploads\/2024\/01\/10507-1.webp",300,183,false],"1536x1536":["https:\/\/imagazine.it\/wp-content\/uploads\/2024\/01\/10507-1.webp",491,300,false],"2048x2048":["https:\/\/imagazine.it\/wp-content\/uploads\/2024\/01\/10507-1.webp",491,300,false],"newsup-slider-full":["https:\/\/imagazine.it\/wp-content\/uploads\/2024\/01\/10507-1.webp",491,300,false],"newsup-featured":["https:\/\/imagazine.it\/wp-content\/uploads\/2024\/01\/10507-1.webp",491,300,false],"newsup-medium":["https:\/\/imagazine.it\/wp-content\/uploads\/2024\/01\/10507-1.webp",491,300,false],"tptn_thumbnail":["https:\/\/imagazine.it\/wp-content\/uploads\/2024\/01\/10507-1.webp",250,153,false],"sow-carousel-default":["https:\/\/imagazine.it\/wp-content\/uploads\/2024\/01\/10507-1-272x182.webp",272,182,true]},"rttpg_author":{"display_name":"redazione","author_link":"https:\/\/imagazine.it\/home_desk\/author\/redazione\/"},"rttpg_comment":0,"rttpg_category":"<a href=\"https:\/\/imagazine.it\/home_desk\/category\/turismo\/\" rel=\"category tag\">TURISMO<\/a>","rttpg_excerpt":"Dal 16 al 19 luglio la Mostra regionale","_links":{"self":[{"href":"https:\/\/imagazine.it\/home_desk\/wp-json\/wp\/v2\/posts\/17112","targetHints":{"allow":["GET"]}}],"collection":[{"href":"https:\/\/imagazine.it\/home_desk\/wp-json\/wp\/v2\/posts"}],"about":[{"href":"https:\/\/imagazine.it\/home_desk\/wp-json\/wp\/v2\/types\/post"}],"author":[{"embeddable":true,"href":"https:\/\/imagazine.it\/home_desk\/wp-json\/wp\/v2\/users\/28"}],"replies":[{"embeddable":true,"href":"https:\/\/imagazine.it\/home_desk\/wp-json\/wp\/v2\/comments?post=17112"}],"version-history":[{"count":0,"href":"https:\/\/imagazine.it\/home_desk\/wp-json\/wp\/v2\/posts\/17112\/revisions"}],"wp:featuredmedia":[{"embeddable":true,"href":"https:\/\/imagazine.it\/home_desk\/wp-json\/wp\/v2\/media\/17113"}],"wp:attachment":[{"href":"https:\/\/imagazine.it\/home_desk\/wp-json\/wp\/v2\/media?parent=17112"}],"wp:term":[{"taxonomy":"category","embeddable":true,"href":"https:\/\/imagazine.it\/home_desk\/wp-json\/wp\/v2\/categories?post=17112"},{"taxonomy":"post_tag","embeddable":true,"href":"https:\/\/imagazine.it\/home_desk\/wp-json\/wp\/v2\/tags?post=17112"}],"curies":[{"name":"wp","href":"https:\/\/api.w.org\/{rel}","templated":true}]}}