{"id":17106,"date":"2015-07-07T00:00:00","date_gmt":"2015-07-06T23:00:00","guid":{"rendered":"https:\/\/imagazine.it\/?p=17106"},"modified":"2015-07-07T00:00:00","modified_gmt":"2015-07-06T23:00:00","slug":"il-fvg-conquista-expo-con-interazione-e-coinvolgimento","status":"publish","type":"post","link":"https:\/\/imagazine.it\/home_desk\/il-fvg-conquista-expo-con-interazione-e-coinvolgimento\/","title":{"rendered":"Il FVG conquista EXPO con interazione e coinvolgimento"},"content":{"rendered":"<p style=\"text-align: justify;\" class=\"ui-droppable\"> \tLa settimana del Friuli Venezia Giulia a Expo2015 continua con un ottimo afflusso di pubblico allo stand regionale: fin dalle prime ore di apertura, infatti, lo spazio \u00e8 molto frequentato da visitatori attirati dal portale d\u2019ingresso ricoperto di foglie di vite e da una riproduzione del mosaico di Aquileia oltre che, all\u2019interno, da un video fortemente emozionale che incanta mostrando le bellezze locali, anche grazie all\u2019utilizzo dei droni e delle riprese aeree.<\/p>\n<p style=\"text-align: justify;\" class=\"ui-droppable\"> \tSono poi gli amanuensi della <em>Scriptorium Foroiuliense<\/em> di Ragogna, i mosaicisti della scuola di Spilimbergo e il personale dell\u2019Immaginario Scientifico la vera anima dello spazio a rotazione della regione e coloro che stanno trasmettendo agli ospiti di Expo il tema della biodiversit\u00e0. La particolarit\u00e0 dello spazio che si affaccia sul cardo, \u00e8 proprio l\u2019interazione con il pubblico, chiamato a giocare, coinvolto nella realizzazione di opere, interessato ai primati regionali.<\/p>\n<p style=\"text-align: justify;\" class=\"ui-droppable\"> \t\u201cStiamo continuando a riscontrare un forte interesse da parte di visitatori che \u2013 racconta <strong>Evelina Della Vedova<\/strong>, insegnante di mosaico e coordinatrice didattica della Scuola Mosaicisti di Spilimbergo \u2013 non si limitano a fare un rapido passaggio nello spazio, ma si fermano e interagiscono con noi sia per contribuire alla costruzione del mosaico sia per chiedere informazioni sulla scuola e sul territorio regionale\u201d.<\/p>\n<p style=\"text-align: justify;\" class=\"ui-droppable\"> \tPositiva anche l\u2019esperienza degli amanuensi, come spiega <strong>Ambra Gerussi<\/strong>, allieva della scuola: \u201cEssendo collocati all\u2019ingresso dello spazio, il pubblico \u00e8 da subito attratto dal nostro tavolo da lavoro e moltissimi visitatori ci stanno facendo visita anche a seguito di un buon passaparola da parte di amici e conoscenti che nei giorni scorsi si sono portati a casa il loro nome scritto da noi. Particolarmente coinvolti dalla nostra attivit\u00e0 sono i visitatori orientali\u201d.\u00a0<\/p>\n<p style=\"text-align: justify;\" class=\"ui-droppable\"> \t\u201cL\u2019esperienza Expo \u2013 affermano <strong>Beatrice Filatico<\/strong> e <strong>Katja Mignozzi<\/strong> dell\u2019Immaginario Scientifico che stanno raccontando al pubblico, soprattutto ai bimbi \u2013 sta proseguendo al di l\u00e0 delle aspettative. La nostra attivit\u00e0 \u00e8 stata pensata per coinvolgere i bambini, ma in realt\u00e0 sta interessando anche moltissimi adulti che ci chiedono informazioni sull\u2019innesto della vite e sulla produzione di Rauscedo. Abbiamo notato che lo spazio \u00e8 frequentato da tantissimi parenti di emigranti del Friuli Venezia Giulia che desiderano conoscere meglio la loro terra d\u2019origine e anche si emozionano davanti alle immagini del video promozionale del territorio\u201d.<\/p>\n<p style=\"text-align: justify;\" class=\"ui-droppable\"> \tLo spazio del Friuli Venezia Giulia all\u2019Esposizione universale di Milano sar\u00e0 aperto fino al 9 luglio.<\/p>\n","protected":false},"excerpt":{"rendered":"<p>Stand regionale attivo fino a gioved\u00ec<\/p>\n","protected":false},"author":28,"featured_media":17107,"comment_status":"closed","ping_status":"closed","sticky":false,"template":"","format":"standard","meta":{"dwc-title":[],"dwc-content":[],"footnotes":""},"categories":[6],"tags":[],"class_list":["post-17106","post","type-post","status-publish","format-standard","has-post-thumbnail","hentry","category-societa"],"rttpg_featured_image_url":{"full":["https:\/\/imagazine.it\/wp-content\/uploads\/2024\/01\/10488-1.webp",450,300,false],"landscape":["https:\/\/imagazine.it\/wp-content\/uploads\/2024\/01\/10488-1.webp",450,300,false],"portraits":["https:\/\/imagazine.it\/wp-content\/uploads\/2024\/01\/10488-1.webp",450,300,false],"thumbnail":["https:\/\/imagazine.it\/wp-content\/uploads\/2024\/01\/10488-1-150x150.webp",150,150,true],"medium":["https:\/\/imagazine.it\/wp-content\/uploads\/2024\/01\/10488-1-300x200.webp",300,200,true],"large":["https:\/\/imagazine.it\/wp-content\/uploads\/2024\/01\/10488-1.webp",450,300,false],"thumblist":["https:\/\/imagazine.it\/wp-content\/uploads\/2024\/01\/10488-1.webp",300,200,false],"thumbrelated":["https:\/\/imagazine.it\/wp-content\/uploads\/2024\/01\/10488-1.webp",450,300,false],"meccarouselthumb":["https:\/\/imagazine.it\/wp-content\/uploads\/2024\/01\/10488-1.webp",450,300,false],"gridsquare":["https:\/\/imagazine.it\/wp-content\/uploads\/2024\/01\/10488-1.webp",391,260,false],"tileview":["https:\/\/imagazine.it\/wp-content\/uploads\/2024\/01\/10488-1.webp",300,200,false],"1536x1536":["https:\/\/imagazine.it\/wp-content\/uploads\/2024\/01\/10488-1.webp",450,300,false],"2048x2048":["https:\/\/imagazine.it\/wp-content\/uploads\/2024\/01\/10488-1.webp",450,300,false],"newsup-slider-full":["https:\/\/imagazine.it\/wp-content\/uploads\/2024\/01\/10488-1.webp",450,300,false],"newsup-featured":["https:\/\/imagazine.it\/wp-content\/uploads\/2024\/01\/10488-1.webp",450,300,false],"newsup-medium":["https:\/\/imagazine.it\/wp-content\/uploads\/2024\/01\/10488-1.webp",450,300,false],"tptn_thumbnail":["https:\/\/imagazine.it\/wp-content\/uploads\/2024\/01\/10488-1.webp",250,167,false],"sow-carousel-default":["https:\/\/imagazine.it\/wp-content\/uploads\/2024\/01\/10488-1-272x182.webp",272,182,true]},"rttpg_author":{"display_name":"redazione","author_link":"https:\/\/imagazine.it\/home_desk\/author\/redazione\/"},"rttpg_comment":0,"rttpg_category":"<a href=\"https:\/\/imagazine.it\/home_desk\/category\/societa\/\" rel=\"category tag\">SOCIET\u00c0<\/a>","rttpg_excerpt":"Stand regionale attivo fino a gioved\u00ec","_links":{"self":[{"href":"https:\/\/imagazine.it\/home_desk\/wp-json\/wp\/v2\/posts\/17106","targetHints":{"allow":["GET"]}}],"collection":[{"href":"https:\/\/imagazine.it\/home_desk\/wp-json\/wp\/v2\/posts"}],"about":[{"href":"https:\/\/imagazine.it\/home_desk\/wp-json\/wp\/v2\/types\/post"}],"author":[{"embeddable":true,"href":"https:\/\/imagazine.it\/home_desk\/wp-json\/wp\/v2\/users\/28"}],"replies":[{"embeddable":true,"href":"https:\/\/imagazine.it\/home_desk\/wp-json\/wp\/v2\/comments?post=17106"}],"version-history":[{"count":0,"href":"https:\/\/imagazine.it\/home_desk\/wp-json\/wp\/v2\/posts\/17106\/revisions"}],"wp:featuredmedia":[{"embeddable":true,"href":"https:\/\/imagazine.it\/home_desk\/wp-json\/wp\/v2\/media\/17107"}],"wp:attachment":[{"href":"https:\/\/imagazine.it\/home_desk\/wp-json\/wp\/v2\/media?parent=17106"}],"wp:term":[{"taxonomy":"category","embeddable":true,"href":"https:\/\/imagazine.it\/home_desk\/wp-json\/wp\/v2\/categories?post=17106"},{"taxonomy":"post_tag","embeddable":true,"href":"https:\/\/imagazine.it\/home_desk\/wp-json\/wp\/v2\/tags?post=17106"}],"curies":[{"name":"wp","href":"https:\/\/api.w.org\/{rel}","templated":true}]}}