{"id":17071,"date":"2015-06-29T00:00:00","date_gmt":"2015-06-28T23:00:00","guid":{"rendered":"https:\/\/imagazine.it\/?p=17071"},"modified":"2015-06-29T00:00:00","modified_gmt":"2015-06-28T23:00:00","slug":"che-sapori-ha-il-fvg","status":"publish","type":"post","link":"https:\/\/imagazine.it\/home_desk\/che-sapori-ha-il-fvg\/","title":{"rendered":"Che sapori ha il FVG?"},"content":{"rendered":"<p style=\"text-align: justify;\" class=\"ui-droppable\"> \tLe venti eccellenze agroalimentari del Friuli Venezia Giulia, assieme a una selezione di vini di tutte le Doc regionali, faranno bella (e buona) mostra di s\u00e9 all\u2019Expo 2015, dal 30 giugno al 5 luglio, grazie a Confagricoltura Fvg e Agriturist.<\/p>\n<p style=\"text-align: justify;\" class=\"ui-droppable\"> \t\u00abPorteremo alla Casa degli Atellani di Milano (dove si pu\u00f2 anche vedere la ricostruita Vigna di Leonardo da Vinci) \u2013 spiega <strong>Maria Pia Bianchi<\/strong>, presidente di Agriturist Fvg \u2013 il San Daniele, il Montasio, l\u2019olio Tergeste, ma anche i salumi regionali, i prodotti a base di trota, il riso, il miele, i trasformati di vino e mele, le grappe e i dolci tradizionali\u00bb.<\/p>\n<p style=\"text-align: justify;\" class=\"ui-droppable\"> \t\u00abL\u2019iniziativa promozionale \u2013 osserva <strong>Claudio Cressati<\/strong>, presidente di Confagricoltura Fvg \u2013 si inserisce nel lavoro di valorizzazione dell\u2019agroalimentare di tutte le regioni italiane in cui \u00e8 impegnata la nostra organizzazione, con il motto: \u201cColtiviamo capolavori\u201d. L\u2019Expo \u00e8 una vetrina troppo importante per la filiera enogastronomica del nostro Paese per non essere utilizzata al meglio delle sue potenzialit\u00e0\u00bb.<\/p>\n<p style=\"text-align: justify;\" class=\"ui-droppable\"> \tDurante la settimana milanese, nello spazio negozio-caffetteria affittato allo scopo da Confagricoltura Fvg, ai visitatori saranno proposte una serie di degustazioni, ricette, men\u00f9 e giornate a tema, con al centro i prodotti-simbolo dell\u2019agroalimentare del Fvg, spiegati e illustrati dai produttori stessi e dagli operatori agrituristici presenti in Casa Atellani.<\/p>\n<p style=\"text-align: justify;\" class=\"ui-droppable\"> \t\u00a0<\/p>\n<p style=\"text-align: justify;\" class=\"ui-droppable\"> \t<strong><em>Casa degli Atellani<\/em><\/strong><em>\u00a0\u00e8 un palazzo quattrocentesco risalente all\u2019epoca di Ludovico il Moro. \u00c8 situata in corso Magenta, a pochi passi dalla chiesa di Santa Maria delle Grazie, dove \u00e8 esposto uno dei capolavori di Leonardo da Vinci, \u201cL\u2019ultima cena\u201d. Il palazzo, divenuto celebre per le feste che riunivano le maggiori personalit\u00e0 della corte sforzesca, dopo molti passaggi di propriet\u00e0, giunse in mano alla famiglia Conti che, nel 1922, lo fece restaurare dall\u2019architetto Piero Portaluppi, il quale riport\u00f2 alla luce parte degli affreschi originali.<\/em><\/p>\n<p style=\"text-align: justify;\" class=\"ui-droppable\"> \t<em>La Casa\u00a0fu dimora di Leonardo durante i lavori di realizzazione de \u201cL\u2019ultima cena\u201d. La \u201c<strong>Vigna di Leonardo<\/strong>\u201d fu il regalo che Ludovico il Moro, duca di Milano, fece al genio di Vinci nel 1498, come atto di riconoscenza per i tanti anni passati a corte. Un regalo non casuale, visto che Leonardo proveniva da una famiglia di vignaioli.\u00a0La Vigna\u00a0di Leonardo si estendeva su uno spazio di oltre ottomila metri quadrati, tracciato nell\u2019area in fondo al giardino della Casa. Con la fuga e la sconfitta del duca, nel 1500, Milano cadde in mano francese, Ludovico venne fatto prigioniero e Leonardo lasci\u00f2 la citt\u00e0. Grazie alle ricerche del professor Attilio Scienza, esperto del DNA della vite, \u00e8 stato individuato il vitigno coltivato da Leonardo:\u00a0la Malvasia\u00a0di Candia. Cos\u00ec identificata,\u00a0la Vigna\u00a0di Leonardo \u00e8 stata ripiantata nel luogo esatto dove l\u2019aveva scovata lo storico Luca Beltrami.<\/em><\/p>\n","protected":false},"excerpt":{"rendered":"<p>Iniziativa a Milano per Expo<\/p>\n","protected":false},"author":28,"featured_media":17072,"comment_status":"closed","ping_status":"closed","sticky":false,"template":"","format":"standard","meta":{"dwc-title":[],"dwc-content":[],"footnotes":""},"categories":[5],"tags":[],"class_list":["post-17071","post","type-post","status-publish","format-standard","has-post-thumbnail","hentry","category-attualita"],"rttpg_featured_image_url":{"full":["https:\/\/imagazine.it\/wp-content\/uploads\/2024\/01\/10426-1.webp",400,711,false],"landscape":["https:\/\/imagazine.it\/wp-content\/uploads\/2024\/01\/10426-1.webp",400,711,false],"portraits":["https:\/\/imagazine.it\/wp-content\/uploads\/2024\/01\/10426-1.webp",400,711,false],"thumbnail":["https:\/\/imagazine.it\/wp-content\/uploads\/2024\/01\/10426-1-150x150.webp",150,150,true],"medium":["https:\/\/imagazine.it\/wp-content\/uploads\/2024\/01\/10426-1-169x300.webp",169,300,true],"large":["https:\/\/imagazine.it\/wp-content\/uploads\/2024\/01\/10426-1.webp",400,711,false],"thumblist":["https:\/\/imagazine.it\/wp-content\/uploads\/2024\/01\/10426-1.webp",169,300,false],"thumbrelated":["https:\/\/imagazine.it\/wp-content\/uploads\/2024\/01\/10426-1.webp",281,500,false],"meccarouselthumb":["https:\/\/imagazine.it\/wp-content\/uploads\/2024\/01\/10426-1.webp",182,324,false],"gridsquare":["https:\/\/imagazine.it\/wp-content\/uploads\/2024\/01\/10426-1.webp",146,260,false],"tileview":["https:\/\/imagazine.it\/wp-content\/uploads\/2024\/01\/10426-1.webp",225,400,false],"1536x1536":["https:\/\/imagazine.it\/wp-content\/uploads\/2024\/01\/10426-1.webp",400,711,false],"2048x2048":["https:\/\/imagazine.it\/wp-content\/uploads\/2024\/01\/10426-1.webp",400,711,false],"newsup-slider-full":["https:\/\/imagazine.it\/wp-content\/uploads\/2024\/01\/10426-1.webp",400,711,false],"newsup-featured":["https:\/\/imagazine.it\/wp-content\/uploads\/2024\/01\/10426-1.webp",400,711,false],"newsup-medium":["https:\/\/imagazine.it\/wp-content\/uploads\/2024\/01\/10426-1-400x380.webp",400,380,true],"tptn_thumbnail":["https:\/\/imagazine.it\/wp-content\/uploads\/2024\/01\/10426-1.webp",118,210,false],"sow-carousel-default":["https:\/\/imagazine.it\/wp-content\/uploads\/2024\/01\/10426-1-272x182.webp",272,182,true]},"rttpg_author":{"display_name":"redazione","author_link":"https:\/\/imagazine.it\/home_desk\/author\/redazione\/"},"rttpg_comment":0,"rttpg_category":"<a href=\"https:\/\/imagazine.it\/home_desk\/category\/attualita\/\" rel=\"category tag\">ATTUALIT\u00c0<\/a>","rttpg_excerpt":"Iniziativa a Milano per Expo","_links":{"self":[{"href":"https:\/\/imagazine.it\/home_desk\/wp-json\/wp\/v2\/posts\/17071","targetHints":{"allow":["GET"]}}],"collection":[{"href":"https:\/\/imagazine.it\/home_desk\/wp-json\/wp\/v2\/posts"}],"about":[{"href":"https:\/\/imagazine.it\/home_desk\/wp-json\/wp\/v2\/types\/post"}],"author":[{"embeddable":true,"href":"https:\/\/imagazine.it\/home_desk\/wp-json\/wp\/v2\/users\/28"}],"replies":[{"embeddable":true,"href":"https:\/\/imagazine.it\/home_desk\/wp-json\/wp\/v2\/comments?post=17071"}],"version-history":[{"count":0,"href":"https:\/\/imagazine.it\/home_desk\/wp-json\/wp\/v2\/posts\/17071\/revisions"}],"wp:featuredmedia":[{"embeddable":true,"href":"https:\/\/imagazine.it\/home_desk\/wp-json\/wp\/v2\/media\/17072"}],"wp:attachment":[{"href":"https:\/\/imagazine.it\/home_desk\/wp-json\/wp\/v2\/media?parent=17071"}],"wp:term":[{"taxonomy":"category","embeddable":true,"href":"https:\/\/imagazine.it\/home_desk\/wp-json\/wp\/v2\/categories?post=17071"},{"taxonomy":"post_tag","embeddable":true,"href":"https:\/\/imagazine.it\/home_desk\/wp-json\/wp\/v2\/tags?post=17071"}],"curies":[{"name":"wp","href":"https:\/\/api.w.org\/{rel}","templated":true}]}}