{"id":17049,"date":"2015-06-23T00:00:00","date_gmt":"2015-06-22T23:00:00","guid":{"rendered":"https:\/\/imagazine.it\/?p=17049"},"modified":"2015-06-23T00:00:00","modified_gmt":"2015-06-22T23:00:00","slug":"a-trieste-il-museo-della-civilta-istriana-fiumana-e-dalmata","status":"publish","type":"post","link":"https:\/\/imagazine.it\/home_desk\/a-trieste-il-museo-della-civilta-istriana-fiumana-e-dalmata\/","title":{"rendered":"A Trieste il museo della civilt\u00e0 istriana, fiumana e dalmata"},"content":{"rendered":"<p style=\"text-align: justify;\" class=\"ui-droppable\"> \tVenerd\u00ec 26 giugno, alle 17.30, sar\u00e0 inaugurato e aperto a Trieste il Civico Museo della civilt\u00e0 istriana, fiumana e dalmata, in via Duca d\u2019Aosta 1. Una realt\u00e0 unica nel panorama regionale dei musei, dove va a occupare da subito un posto di rilievo soprattutto perch\u00e9, muovendosi da una prospettiva storica, vuole inserire la sua attivit\u00e0 in un contesto culturale sovraregionale e sovranazionale, vivace e\u00a0 fortemente connotato da uno spirito europeo.<\/p>\n<p style=\"text-align: justify;\" class=\"ui-droppable\"> \tL&#8217;illustrazione del lavoro che ha portato all&#8217;apertura del museo \u00e8 stata spiegata dall&#8217;assessore comunale alla Cultura <strong>Paolo Tassinari<\/strong>, con la direttrice dei Civici Musei <strong>Maria Masau Dan<\/strong>, la presidente dell&#8217;IRCI (Istituto Regionale per la Cultura Istriano-fiumano-dalmata) <strong>Chiara Vigini<\/strong> e \u00a0il consigliere\u00a0 <strong>Eugenio Ambrosi<\/strong>.<\/p>\n<p style=\"text-align: justify;\" class=\"ui-droppable\"> \tIl museo sar\u00e0 una realt\u00e0 multidisciplinare, frutto di un lavoro collettivo che ha visto impegnati molti studiosi ed esperti di cultura istriano-fiumano-dalmata assieme a giovani progettisti e ricercatori, che hanno dato vita a un percorso rispettoso della tradizione, attento alla vasta bibliografia esistente sulla storia di quei territori e nel contempo connotato da un linguaggio contemporaneo, che utilizza largamente gli strumenti multimediali e permette al visitatore di interagire col museo approfondendo gli argomenti trattati nelle sale.<\/p>\n<p style=\"text-align: justify;\" class=\"ui-droppable\"> \tAssieme agli oggetti e ai documenti messi a disposizione dall&#8217;IRCI, tra cui buona parte proviene dal famoso \u201cMagazzino 18\u201d narrato nello spettacolo di Simone Cristicchi, saranno esposti reperti archeologici, opere d&#8217;arte, documenti, libri, stampe, disegni e fotografie di propriet\u00e0 dei Civici Musei di Storia ed Arte e del Museo Revoltella, ma anche di numerosi collezionisti privati disponibili a collaborare con prestiti e donazioni.<\/p>\n<p style=\"text-align: justify;\" class=\"ui-droppable\"> \tIl percorso si snoda su tre piani: dal piano terra dove, assieme alle strutture di accoglienza, saranno predisposte due postazioni di consultazione di archivi digitali, al secondo e al terzo piano, prevedendo anche un successivo sviluppo nel quarto.<\/p>\n<p style=\"text-align: justify;\" class=\"ui-droppable\"> \tAl secondo piano il visitatore potr\u00e0 conoscere la storia del\u00a0 territorio attraverso un&#8217;ampia documentazione proposta secondo diverse modalit\u00e0, dal documentario introduttivo che lo accompagna alla scoperta dell&#8217;Istria bianca, dell&#8217;Istria verde e dell&#8217;Istria rossa, alla linea del tempo che scandisce nei passaggi pi\u00f9 importanti le vicende succedutesi dall&#8217;antichit\u00e0 al secondo Novecento, al totem con <em>touch screen<\/em> che permette di sfogliare 34 schede di approfondimento, alle vetrine che contengono preziosi reperti archeologici istriani e dalmati. Sopra il suo capo ci sar\u00e0 una sorta di \u201ctetto\u201d che ripropone la sagoma della penisola istriana completa dei riferimenti topografici.<\/p>\n<p style=\"text-align: justify;\" class=\"ui-droppable\"> \tProseguendo nella sala successiva potr\u00e0 immergersi nell&#8217;Istria agricola e marinara, vedere da vicino gli strumenti del lavoro contadino e la vita dei pescatori ambientati su sfondi fotografici d&#8217;epoca, entrare in un&#8217;aula scolastica e in una bottega artigiana, avvicinarsi alle lingue, ai costumi e alle tradizioni, ai riti religiosi e agli oggetti della vita quotidiana.<\/p>\n<p style=\"text-align: justify;\" class=\"ui-droppable\"> \tAl terzo piano avr\u00e0 modo conoscerne gli aspetti paesaggistici e monumentali attraverso un vasto repertorio di immagini riprese tra la fine dell&#8217;Ottocento e gli anni Trenta, potr\u00e0 percorrere un viaggio nello spazio e nel tempo assieme agli uomini di cultura, pittori, scrittori e musicisti che fin dal secolo XVIII hanno studiato e amato l&#8217;Istria, Fiume e la Dalmazia, leggere le loro parole, ascoltare le loro composizioni e vedere i loro volti, fino ad arrivare al momento in cui tutto ci\u00f2 \u00e8 stato brutalmente interrotto dalla guerra, rappresentato da una stanza buia che, attraverso un filmato fortemente evocativo, permette di entrare nel dramma dello scontro nazionale e politico degli anni quaranta.<\/p>\n<p style=\"text-align: justify;\" class=\"ui-droppable\"> \tIl percorso continua seguendo il destino delle centinaia di migliaia di profughi costretti all&#8217;esilio, mostrando al visitatore gli oggetti e le carte che hanno accompagnato la loro fuga, tanti bauli e tante casse piene di stoviglie e di libri, i ricordi che si sono conservati e quelli che ci si \u00e8 lasciati alle spalle per ricostruire delle nuove vite. Anche in questa fase, per aiutare il visitatore a capire la portata del dramma e delle sue conseguenze, vengono utilizzate immagini d&#8217;epoca assieme alle parole di gente comune e di intellettuali, tra cui lo scrittore Pier Antonio Quarantotti Gambini al quale viene dedicata una sala.<\/p>\n<p style=\"text-align: justify;\" class=\"ui-droppable\"> \tNon sarebbe possibile, per\u00f2, concludere la visita senza vedere dal vivo le ventuno opere di propriet\u00e0 dello Stato Italiano provenienti da diverse localit\u00e0 dell&#8217;Istria che in questo momento sono conservate nel vicino Civico Museo Sartorio. Tavole di Paolo Veneziano, pale d&#8217;altare di Alvise Vivarini, Benedetto Carpaccio e di Giambattista Tiepolo, solo per citare qualcuno degli autori presenti, che le associazioni degli esuli sperano di accogliere prima o poi nelle sale di via Torino.\u00a0 In attesa che, a livello ministeriale, si decida il destino di questi capolavori, il Comune conceder\u00e0 di visitare gratuitamente la sezione della pinacoteca in cui le opere sono esposte a chi si presenter\u00e0 con il biglietto del Museo della civilt\u00e0 istriana, fiumana e dalmata.<\/p>\n","protected":false},"excerpt":{"rendered":"<p>Inaugurazione il 26 giugno<\/p>\n","protected":false},"author":28,"featured_media":17050,"comment_status":"closed","ping_status":"closed","sticky":false,"template":"","format":"standard","meta":{"dwc-title":[],"dwc-content":[],"footnotes":""},"categories":[37],"tags":[],"class_list":["post-17049","post","type-post","status-publish","format-standard","has-post-thumbnail","hentry","category-cultura-e-spettacolo"],"rttpg_featured_image_url":{"full":["https:\/\/imagazine.it\/wp-content\/uploads\/2024\/01\/10377-1.webp",600,400,false],"landscape":["https:\/\/imagazine.it\/wp-content\/uploads\/2024\/01\/10377-1.webp",600,400,false],"portraits":["https:\/\/imagazine.it\/wp-content\/uploads\/2024\/01\/10377-1.webp",600,400,false],"thumbnail":["https:\/\/imagazine.it\/wp-content\/uploads\/2024\/01\/10377-1-150x150.webp",150,150,true],"medium":["https:\/\/imagazine.it\/wp-content\/uploads\/2024\/01\/10377-1-300x200.webp",300,200,true],"large":["https:\/\/imagazine.it\/wp-content\/uploads\/2024\/01\/10377-1.webp",600,400,false],"thumblist":["https:\/\/imagazine.it\/wp-content\/uploads\/2024\/01\/10377-1.webp",300,200,false],"thumbrelated":["https:\/\/imagazine.it\/wp-content\/uploads\/2024\/01\/10377-1.webp",500,333,false],"meccarouselthumb":["https:\/\/imagazine.it\/wp-content\/uploads\/2024\/01\/10377-1.webp",474,316,false],"gridsquare":["https:\/\/imagazine.it\/wp-content\/uploads\/2024\/01\/10377-1.webp",391,260,false],"tileview":["https:\/\/imagazine.it\/wp-content\/uploads\/2024\/01\/10377-1.webp",300,200,false],"1536x1536":["https:\/\/imagazine.it\/wp-content\/uploads\/2024\/01\/10377-1.webp",600,400,false],"2048x2048":["https:\/\/imagazine.it\/wp-content\/uploads\/2024\/01\/10377-1.webp",600,400,false],"newsup-slider-full":["https:\/\/imagazine.it\/wp-content\/uploads\/2024\/01\/10377-1.webp",600,400,false],"newsup-featured":["https:\/\/imagazine.it\/wp-content\/uploads\/2024\/01\/10377-1.webp",600,400,false],"newsup-medium":["https:\/\/imagazine.it\/wp-content\/uploads\/2024\/01\/10377-1-600x380.webp",600,380,true],"tptn_thumbnail":["https:\/\/imagazine.it\/wp-content\/uploads\/2024\/01\/10377-1.webp",250,167,false],"sow-carousel-default":["https:\/\/imagazine.it\/wp-content\/uploads\/2024\/01\/10377-1-272x182.webp",272,182,true]},"rttpg_author":{"display_name":"redazione","author_link":"https:\/\/imagazine.it\/home_desk\/author\/redazione\/"},"rttpg_comment":0,"rttpg_category":"<a href=\"https:\/\/imagazine.it\/home_desk\/category\/cultura-e-spettacolo\/\" rel=\"category tag\">CULTURA&amp;SPETTACOLO<\/a>","rttpg_excerpt":"Inaugurazione il 26 giugno","_links":{"self":[{"href":"https:\/\/imagazine.it\/home_desk\/wp-json\/wp\/v2\/posts\/17049","targetHints":{"allow":["GET"]}}],"collection":[{"href":"https:\/\/imagazine.it\/home_desk\/wp-json\/wp\/v2\/posts"}],"about":[{"href":"https:\/\/imagazine.it\/home_desk\/wp-json\/wp\/v2\/types\/post"}],"author":[{"embeddable":true,"href":"https:\/\/imagazine.it\/home_desk\/wp-json\/wp\/v2\/users\/28"}],"replies":[{"embeddable":true,"href":"https:\/\/imagazine.it\/home_desk\/wp-json\/wp\/v2\/comments?post=17049"}],"version-history":[{"count":0,"href":"https:\/\/imagazine.it\/home_desk\/wp-json\/wp\/v2\/posts\/17049\/revisions"}],"wp:featuredmedia":[{"embeddable":true,"href":"https:\/\/imagazine.it\/home_desk\/wp-json\/wp\/v2\/media\/17050"}],"wp:attachment":[{"href":"https:\/\/imagazine.it\/home_desk\/wp-json\/wp\/v2\/media?parent=17049"}],"wp:term":[{"taxonomy":"category","embeddable":true,"href":"https:\/\/imagazine.it\/home_desk\/wp-json\/wp\/v2\/categories?post=17049"},{"taxonomy":"post_tag","embeddable":true,"href":"https:\/\/imagazine.it\/home_desk\/wp-json\/wp\/v2\/tags?post=17049"}],"curies":[{"name":"wp","href":"https:\/\/api.w.org\/{rel}","templated":true}]}}