{"id":17043,"date":"2015-06-22T00:00:00","date_gmt":"2015-06-21T23:00:00","guid":{"rendered":"https:\/\/imagazine.it\/?p=17043"},"modified":"2015-06-22T00:00:00","modified_gmt":"2015-06-21T23:00:00","slug":"fedez-chiama-a-raccolta-gli-spritz-for-five","status":"publish","type":"post","link":"https:\/\/imagazine.it\/home_desk\/fedez-chiama-a-raccolta-gli-spritz-for-five\/","title":{"rendered":"Fedez chiama a raccolta gli &#8220;Spritz for five&#8221;"},"content":{"rendered":"<p style=\"text-align: justify;\" class=\"ui-droppable\"> \tSono stati una delle sorprese dell\u2019ultima edizione di X-Factor. Sono una delle novit\u00e0 pi\u00f9 frizzanti e pi\u00f9 apprezzate della scena musicale italiana. Lo scorso dicembre con un concerto trionfale hanno infiammato il Politeama Rossetti gremito in ogni ordine di posto. Ad aprile hanno cantato a Roma all\u2019Auditorium multimediale Rds per l\u2019uscita del film \u201cPitch Perfect 2\u201d e il 1\u00b0 maggio si sono esibiti per l\u2019inaugurazione di Expo nel padiglione Italia allo Spazio Poretti. Amati e apprezzati da tutte le generazioni, loro sono gli <strong>Spritz For Five<\/strong>, l\u2019incredibile gruppo vocale 3.0 dotato di spessore culturale musicale, talento canoro e compositivo, totale integrazione con i trend musicali odierni. <strong>Venerd\u00ec 10 luglio<\/strong> nella loro <strong>Trieste<\/strong> saranno gli special guest di <strong>Fedez<\/strong>, un evento nell\u2019evento.<\/p>\n<p style=\"text-align: justify;\" class=\"ui-droppable\"> \tAlle ore <strong>21 <\/strong>sul palco di Piazza Unit\u00e0 d\u2019Italia, eseguendo alcune delle loro interpretazioni pi\u00f9 celebri (da <em>Hey Brother<\/em> a <em>Radioactive<\/em>), apriranno la serata che poi entrer\u00e0 nel vivo con l\u2019esibizione della star pi\u00f9 attesa <strong>Fedez<\/strong>, per l\u2019appunto.<\/p>\n","protected":false},"excerpt":{"rendered":"<p>Il 10 luglio a Trieste<\/p>\n","protected":false},"author":28,"featured_media":17044,"comment_status":"closed","ping_status":"closed","sticky":false,"template":"","format":"standard","meta":{"dwc-title":[],"dwc-content":[],"footnotes":""},"categories":[37],"tags":[],"class_list":["post-17043","post","type-post","status-publish","format-standard","has-post-thumbnail","hentry","category-cultura-e-spettacolo"],"rttpg_featured_image_url":{"full":["https:\/\/imagazine.it\/wp-content\/uploads\/2024\/01\/10359-1.webp",620,320,false],"landscape":["https:\/\/imagazine.it\/wp-content\/uploads\/2024\/01\/10359-1.webp",620,320,false],"portraits":["https:\/\/imagazine.it\/wp-content\/uploads\/2024\/01\/10359-1.webp",620,320,false],"thumbnail":["https:\/\/imagazine.it\/wp-content\/uploads\/2024\/01\/10359-1-150x150.webp",150,150,true],"medium":["https:\/\/imagazine.it\/wp-content\/uploads\/2024\/01\/10359-1-300x155.webp",300,155,true],"large":["https:\/\/imagazine.it\/wp-content\/uploads\/2024\/01\/10359-1.webp",620,320,false],"thumblist":["https:\/\/imagazine.it\/wp-content\/uploads\/2024\/01\/10359-1.webp",300,155,false],"thumbrelated":["https:\/\/imagazine.it\/wp-content\/uploads\/2024\/01\/10359-1.webp",500,258,false],"meccarouselthumb":["https:\/\/imagazine.it\/wp-content\/uploads\/2024\/01\/10359-1.webp",474,245,false],"gridsquare":["https:\/\/imagazine.it\/wp-content\/uploads\/2024\/01\/10359-1.webp",391,202,false],"tileview":["https:\/\/imagazine.it\/wp-content\/uploads\/2024\/01\/10359-1.webp",300,155,false],"1536x1536":["https:\/\/imagazine.it\/wp-content\/uploads\/2024\/01\/10359-1.webp",620,320,false],"2048x2048":["https:\/\/imagazine.it\/wp-content\/uploads\/2024\/01\/10359-1.webp",620,320,false],"newsup-slider-full":["https:\/\/imagazine.it\/wp-content\/uploads\/2024\/01\/10359-1.webp",620,320,false],"newsup-featured":["https:\/\/imagazine.it\/wp-content\/uploads\/2024\/01\/10359-1.webp",620,320,false],"newsup-medium":["https:\/\/imagazine.it\/wp-content\/uploads\/2024\/01\/10359-1.webp",620,320,false],"tptn_thumbnail":["https:\/\/imagazine.it\/wp-content\/uploads\/2024\/01\/10359-1.webp",250,129,false],"sow-carousel-default":["https:\/\/imagazine.it\/wp-content\/uploads\/2024\/01\/10359-1-272x182.webp",272,182,true]},"rttpg_author":{"display_name":"redazione","author_link":"https:\/\/imagazine.it\/home_desk\/author\/redazione\/"},"rttpg_comment":0,"rttpg_category":"<a href=\"https:\/\/imagazine.it\/home_desk\/category\/cultura-e-spettacolo\/\" rel=\"category tag\">CULTURA&amp;SPETTACOLO<\/a>","rttpg_excerpt":"Il 10 luglio a Trieste","_links":{"self":[{"href":"https:\/\/imagazine.it\/home_desk\/wp-json\/wp\/v2\/posts\/17043","targetHints":{"allow":["GET"]}}],"collection":[{"href":"https:\/\/imagazine.it\/home_desk\/wp-json\/wp\/v2\/posts"}],"about":[{"href":"https:\/\/imagazine.it\/home_desk\/wp-json\/wp\/v2\/types\/post"}],"author":[{"embeddable":true,"href":"https:\/\/imagazine.it\/home_desk\/wp-json\/wp\/v2\/users\/28"}],"replies":[{"embeddable":true,"href":"https:\/\/imagazine.it\/home_desk\/wp-json\/wp\/v2\/comments?post=17043"}],"version-history":[{"count":0,"href":"https:\/\/imagazine.it\/home_desk\/wp-json\/wp\/v2\/posts\/17043\/revisions"}],"wp:featuredmedia":[{"embeddable":true,"href":"https:\/\/imagazine.it\/home_desk\/wp-json\/wp\/v2\/media\/17044"}],"wp:attachment":[{"href":"https:\/\/imagazine.it\/home_desk\/wp-json\/wp\/v2\/media?parent=17043"}],"wp:term":[{"taxonomy":"category","embeddable":true,"href":"https:\/\/imagazine.it\/home_desk\/wp-json\/wp\/v2\/categories?post=17043"},{"taxonomy":"post_tag","embeddable":true,"href":"https:\/\/imagazine.it\/home_desk\/wp-json\/wp\/v2\/tags?post=17043"}],"curies":[{"name":"wp","href":"https:\/\/api.w.org\/{rel}","templated":true}]}}