{"id":17037,"date":"2015-06-18T00:00:00","date_gmt":"2015-06-17T23:00:00","guid":{"rendered":"https:\/\/imagazine.it\/?p=17037"},"modified":"2015-06-18T00:00:00","modified_gmt":"2015-06-17T23:00:00","slug":"cipro-e-palmanova-unite-in-un-documentario","status":"publish","type":"post","link":"https:\/\/imagazine.it\/home_desk\/cipro-e-palmanova-unite-in-un-documentario\/","title":{"rendered":"Cipro e Palmanova unite in un documentario"},"content":{"rendered":"<p class=\"ui-droppable\" style=\"text-align: justify;\"> \tUna delegazione di sei persone, quattro accademici della facolt\u00e0 di Comunicazione di Yakin Dogu e due rappresentanti della Municipalit\u00e0 di Cipro del Nord, \u00e8 in questi giorni in visita a Palmanova.<\/p>\n<p class=\"ui-droppable\" style=\"text-align: justify;\"> \tDurante la mattina di ieri, la delegazione cipriota, accompagnata dalla direttrice del Civico museo <strong>Gabriella Del Frate<\/strong> e dal professor <strong>Alberto Prelli<\/strong>, ha visitato le peculiarit\u00e0 storiche di Palmanova (musei, fortificazioni) e ha potuto ammirare la citt\u00e0 anche sotto il profilo urbanistico e architettonico. Nel pomeriggio i rappresentanti sono stati accolti dal sindaco <strong>Francesco Martines <\/strong>e dalla vicesindaco e assessore alla cultura <strong>Adriana Danielis<\/strong> presso la sede del Palazzo Municipale.<\/p>\n<\/p>\n<p class=\"ui-droppable\" style=\"text-align: justify;\"> \t\u00abQuesta visita &#8211; commenta Martines &#8211; rappresenta un&#39;importante occasione per avviare contatti culturali di scambio, utili per lo sviluppo della comunicazione e della promozione tra le citt\u00e0 di Nicosia e di Palmanova; entrambe queste realt\u00e0, infatti, hanno in comune un patrimonio culturale realizzato da Venezia\u00bb.<\/p>\n<p class=\"ui-droppable\" style=\"text-align: justify;\"> \tDurante la permanenza a Palmanova, il Presidente dell\u2019Ufficio Comunicazione <strong>Tamer Garip<\/strong> ha illustrato al primo cittadino della citt\u00e0 stellata tutte le attivit\u00e0 che vengono svolte dall\u2019universit\u00e0 cipriota; in particolare, in collaborazione con il Comune di Nicosia, ha espresso l&#39;intenzione di realizzare un documentario promozionale e culturale sulle due citt\u00e0. A tal fine, a settembre il sindaco di Nicosia ha invitato i rappresentanti del Comune di Palmanova per la definizione di un progetto culturale che sar\u00e0 condiviso dalle Municipalit\u00e0 con il coinvolgimento attivo degli atenei.<\/p>\n<p class=\"ui-droppable\" style=\"text-align: justify;\"> \tLa visita della delegazione a Palmanova avviene a poca distanza da quando, lo scorso mese di maggio, il sindaco Martines era stato invitato dall\u2019Ufficio di Rappresentanza di Cipro del Nord\u00a0 con sede a\u00a0 Roma, dalla referente <strong>Novber Ferit Vechi<\/strong>, alla presentazione del libro \u201cStorie di Nicosia\u201d della scrittrice <strong>Canan Kansu<\/strong>.\u00a0<\/p>\n<p class=\"ui-droppable\" style=\"text-align: justify;\"> \tTale occasione si \u00e8 rivelata importante per stendere una rete di contatti utili per creare un network \u00a0di rapporti culturali e di scambio tra le due citt\u00e0, accomunate dallo stesso progettista: l\u2019architetto militare <strong>Giulio Savorgnan<\/strong>. Durante l&#39;incontro a Cipro dei rappresentanti del Rotary Club, sezione di Palmanova &#8211; Cervignano del Friuli &#8211; Aquileia, il sindaco Martines ha inviato tramite il presidente <strong>Gennaro Coretti<\/strong> una lettera ai sindaci di Nicosia, parte greca e parte turca, rinnovando la possibilit\u00e0 di uno scambio tra le due citt\u00e0. Il sindaco di Cipro del Nord <strong>Mehemet Harmanci<\/strong> ha accolto positivamente l&#39;invito del primo cittadino di Palmanova e, la scorsa settimana, lo ha informato che una delegazione di accademici dell\u2019Universit\u00e0 di Yakin Dogu a Cipro del Nord avrebbe fatto visita a Palmanova al fine di preparare un documentario sulle particolarit\u00e0 di Nicosia e Palmanova.<\/p>\n","protected":false},"excerpt":{"rendered":"<p>Visita in Friuli di una delegazione cipriota<\/p>\n","protected":false},"author":28,"featured_media":17038,"comment_status":"closed","ping_status":"closed","sticky":false,"template":"","format":"standard","meta":{"dwc-title":[],"dwc-content":[],"footnotes":""},"categories":[5],"tags":[],"class_list":["post-17037","post","type-post","status-publish","format-standard","has-post-thumbnail","hentry","category-attualita"],"rttpg_featured_image_url":{"full":["https:\/\/imagazine.it\/wp-content\/uploads\/2024\/01\/10334-1.webp",535,400,false],"landscape":["https:\/\/imagazine.it\/wp-content\/uploads\/2024\/01\/10334-1.webp",535,400,false],"portraits":["https:\/\/imagazine.it\/wp-content\/uploads\/2024\/01\/10334-1.webp",535,400,false],"thumbnail":["https:\/\/imagazine.it\/wp-content\/uploads\/2024\/01\/10334-1-150x150.webp",150,150,true],"medium":["https:\/\/imagazine.it\/wp-content\/uploads\/2024\/01\/10334-1-300x224.webp",300,224,true],"large":["https:\/\/imagazine.it\/wp-content\/uploads\/2024\/01\/10334-1.webp",535,400,false],"thumblist":["https:\/\/imagazine.it\/wp-content\/uploads\/2024\/01\/10334-1.webp",300,224,false],"thumbrelated":["https:\/\/imagazine.it\/wp-content\/uploads\/2024\/01\/10334-1.webp",500,374,false],"meccarouselthumb":["https:\/\/imagazine.it\/wp-content\/uploads\/2024\/01\/10334-1.webp",433,324,false],"gridsquare":["https:\/\/imagazine.it\/wp-content\/uploads\/2024\/01\/10334-1.webp",348,260,false],"tileview":["https:\/\/imagazine.it\/wp-content\/uploads\/2024\/01\/10334-1.webp",300,224,false],"1536x1536":["https:\/\/imagazine.it\/wp-content\/uploads\/2024\/01\/10334-1.webp",535,400,false],"2048x2048":["https:\/\/imagazine.it\/wp-content\/uploads\/2024\/01\/10334-1.webp",535,400,false],"newsup-slider-full":["https:\/\/imagazine.it\/wp-content\/uploads\/2024\/01\/10334-1.webp",535,400,false],"newsup-featured":["https:\/\/imagazine.it\/wp-content\/uploads\/2024\/01\/10334-1.webp",535,400,false],"newsup-medium":["https:\/\/imagazine.it\/wp-content\/uploads\/2024\/01\/10334-1-535x380.webp",535,380,true],"tptn_thumbnail":["https:\/\/imagazine.it\/wp-content\/uploads\/2024\/01\/10334-1.webp",250,187,false],"sow-carousel-default":["https:\/\/imagazine.it\/wp-content\/uploads\/2024\/01\/10334-1-272x182.webp",272,182,true]},"rttpg_author":{"display_name":"redazione","author_link":"https:\/\/imagazine.it\/home_desk\/author\/redazione\/"},"rttpg_comment":0,"rttpg_category":"<a href=\"https:\/\/imagazine.it\/home_desk\/category\/attualita\/\" rel=\"category tag\">ATTUALIT\u00c0<\/a>","rttpg_excerpt":"Visita in Friuli di una delegazione cipriota","_links":{"self":[{"href":"https:\/\/imagazine.it\/home_desk\/wp-json\/wp\/v2\/posts\/17037","targetHints":{"allow":["GET"]}}],"collection":[{"href":"https:\/\/imagazine.it\/home_desk\/wp-json\/wp\/v2\/posts"}],"about":[{"href":"https:\/\/imagazine.it\/home_desk\/wp-json\/wp\/v2\/types\/post"}],"author":[{"embeddable":true,"href":"https:\/\/imagazine.it\/home_desk\/wp-json\/wp\/v2\/users\/28"}],"replies":[{"embeddable":true,"href":"https:\/\/imagazine.it\/home_desk\/wp-json\/wp\/v2\/comments?post=17037"}],"version-history":[{"count":0,"href":"https:\/\/imagazine.it\/home_desk\/wp-json\/wp\/v2\/posts\/17037\/revisions"}],"wp:featuredmedia":[{"embeddable":true,"href":"https:\/\/imagazine.it\/home_desk\/wp-json\/wp\/v2\/media\/17038"}],"wp:attachment":[{"href":"https:\/\/imagazine.it\/home_desk\/wp-json\/wp\/v2\/media?parent=17037"}],"wp:term":[{"taxonomy":"category","embeddable":true,"href":"https:\/\/imagazine.it\/home_desk\/wp-json\/wp\/v2\/categories?post=17037"},{"taxonomy":"post_tag","embeddable":true,"href":"https:\/\/imagazine.it\/home_desk\/wp-json\/wp\/v2\/tags?post=17037"}],"curies":[{"name":"wp","href":"https:\/\/api.w.org\/{rel}","templated":true}]}}