{"id":17031,"date":"2015-06-18T00:00:00","date_gmt":"2015-06-17T23:00:00","guid":{"rendered":"https:\/\/imagazine.it\/?p=17031"},"modified":"2015-06-18T00:00:00","modified_gmt":"2015-06-17T23:00:00","slug":"cividale-dieci-secoli-di-convitto-racchiusi-in-un-libro","status":"publish","type":"post","link":"https:\/\/imagazine.it\/home_desk\/cividale-dieci-secoli-di-convitto-racchiusi-in-un-libro\/","title":{"rendered":"Cividale, dieci secoli di Convitto racchiusi in un libro"},"content":{"rendered":"<p style=\"text-align: justify;\" class=\"ui-droppable\"> \tUn\u2019opera in due tomi che racchiude quasi 10 secoli di storia <strong>del Convitto Nazionale &#8216;Paolo Diacono&#8217; (CNPD) <\/strong>di Cividale del Friuli verr\u00e0 presentata al pubblico e alle autorit\u00e0 <strong>venerd\u00ec 26 giugno alle ore 18.30 al <\/strong><strong>Centro San Francesco, a Cividale.<\/strong><\/p>\n<p style=\"text-align: justify;\" class=\"ui-droppable\"> \t<strong>Dopo il saluto di benvenuto da parte del R<\/strong><strong>ettore del CNPD Oldino Cernoia<\/strong><strong>, la parola passer\u00e0 al professor<\/strong><strong> Cesare Scalon<\/strong><strong>, gi\u00e0 professore ordinario dell\u2019Universit\u00e0 di Udine, per la presentazione del volume intitolato <\/strong>IL CONVITTO NAZIONALE \u00a0\u201cPAOLO DIACONO\u201d DI CIVIDALE DEL FRIULI &#8211; <strong>Storie e memorie del Convitto Nazionale &#8216;Paolo Diacono&#8217; (secoli XIII-XXI)<\/strong> e curato da<strong> Claudio Mattaloni <\/strong><strong>ed <\/strong><strong>Enrico Cernigoi.<\/strong><\/p>\n<p style=\"text-align: justify;\" class=\"ui-droppable\"> \tQuest&#8217;opera unica, che si distingue per l&#8217;elevato valore storico e culturale che racchiude, \u00e8 il risultato di una ricerca storica dettata principalmente dal desiderio di conoscere gli eventi che hanno cadenzato il divenire del complesso architettonico ove ha sede il Convitto Nazionale \u2018Paolo Diacono\u2019, nonch\u00e9 dal voler dare riconoscimento alla dedizione con cui molte persone hanno permesso di rendere vivo non solo un ma, soprattutto, una Istituzione. Termine, quest\u2019ultimo, che afferisce a un\u2019organizzazione sociale voluta e fondata per soddisfare determinati bisogni sociali. In questo ambito semantico, il Convitto Nazionale di Cividale rappresenta un\u2019Istituzione che, aggiornando costantemente scopi e modalit\u00e0, si \u00e8 mantenuta un fondamentale riferimento per l\u2019intera comunit\u00e0.<\/p>\n<p style=\"text-align: justify;\" class=\"ui-droppable\"> \tL\u2019imponente costruzione, che si eleva sulla sponda sinistra del fiume contribuendo ad arricchire il patrimonio artistico di Cividale, eretta verso il 1200 dalle suore di Aquileia, \u00e8 stata nel tempo monastero (sede di monaci francescani), ospedale militare nel corso delle due guerre, caserma, scuola (anche per sottufficiali) e molte altre cose ancora; il Convitto venne istituito nel 1876 con il proposito di attirare i giovani italiani delle vicine regioni sotto denominazione austriaca a ricevere un&#8217;educazione fondata sui valori del patriottismo.<\/p>\n<p style=\"text-align: justify;\" class=\"ui-droppable\"> \tAl termine della presentazione sar\u00e0 proiettato il nuovo video del Convitto Nazionale \u2018Paolo Diacono\u2019 e alle 19.30 seguir\u00e0 il concerto dell\u2019Ensemble barocco Italico Splendore, omaggio al dipinto del 1759 di Giambattista Tiepolo raffigurante il monastero di S. Chiara, ora Convitto Nazionale.<\/p>\n<p style=\"text-align: justify;\" class=\"ui-droppable\"> \t\u00a0<\/p>\n<p style=\"text-align: justify;\" class=\"ui-droppable\"> \tI Curatori<\/p>\n<p style=\"text-align: justify;\" class=\"ui-droppable\"> \tClaudio Mattaloni<\/p>\n<p style=\"text-align: justify;\" class=\"ui-droppable\"> \tScrittore, storico e ricercatore cividalese, da lungo tempo si dedica alla ricerca delle testimonianze del passato riguardanti, in particolare, la storia e l&#8217;arte della citt\u00e0 ducale e del suo territorio. Opera prevalentemente tramite documentazione inedita, esito di ricerche d&#8217;archivio che conduce personalmente, sia nei numerosi fondi conservati a Cividale del Friuli, che presso archivi a\u00a0 livello regionale e nazionale. Oltre a numerosi articoli su periodici e riviste scientifiche, ha pubblicato diversi libri, realizzando sempre personalmente l&#8217;apparato iconografico.<\/p>\n<p style=\"text-align: justify;\" class=\"ui-droppable\"> \t\u00a0<\/p>\n<p style=\"text-align: justify;\" class=\"ui-droppable\"> \tEnrico Cernigoi<\/p>\n<p style=\"text-align: justify;\" class=\"ui-droppable\"> \tScrittore, storico militare e ricercatore nato a Monfalcone, appassionato si ricerca delle testimonianze del passato riguardanti, in particolare, la storia militare del territorio. Ha compiuto numerose ricerche ed approfondimenti prevalentemente tramite documentazioni storiche e militari, che hanno portato alla pubblicazione di diversi libri, dedicati agli aspetti militari e della nostra storia.\u00a0<\/p>\n","protected":false},"excerpt":{"rendered":"<p>Presentazione ufficiale il 26 giugno<\/p>\n","protected":false},"author":28,"featured_media":17032,"comment_status":"closed","ping_status":"closed","sticky":false,"template":"","format":"standard","meta":{"dwc-title":[],"dwc-content":[],"footnotes":""},"categories":[37],"tags":[],"class_list":["post-17031","post","type-post","status-publish","format-standard","has-post-thumbnail","hentry","category-cultura-e-spettacolo"],"rttpg_featured_image_url":{"full":["https:\/\/imagazine.it\/wp-content\/uploads\/2024\/01\/10323-1.webp",420,300,false],"landscape":["https:\/\/imagazine.it\/wp-content\/uploads\/2024\/01\/10323-1.webp",420,300,false],"portraits":["https:\/\/imagazine.it\/wp-content\/uploads\/2024\/01\/10323-1.webp",420,300,false],"thumbnail":["https:\/\/imagazine.it\/wp-content\/uploads\/2024\/01\/10323-1-150x150.webp",150,150,true],"medium":["https:\/\/imagazine.it\/wp-content\/uploads\/2024\/01\/10323-1-300x214.webp",300,214,true],"large":["https:\/\/imagazine.it\/wp-content\/uploads\/2024\/01\/10323-1.webp",420,300,false],"thumblist":["https:\/\/imagazine.it\/wp-content\/uploads\/2024\/01\/10323-1.webp",300,214,false],"thumbrelated":["https:\/\/imagazine.it\/wp-content\/uploads\/2024\/01\/10323-1.webp",420,300,false],"meccarouselthumb":["https:\/\/imagazine.it\/wp-content\/uploads\/2024\/01\/10323-1.webp",420,300,false],"gridsquare":["https:\/\/imagazine.it\/wp-content\/uploads\/2024\/01\/10323-1.webp",364,260,false],"tileview":["https:\/\/imagazine.it\/wp-content\/uploads\/2024\/01\/10323-1.webp",300,214,false],"1536x1536":["https:\/\/imagazine.it\/wp-content\/uploads\/2024\/01\/10323-1.webp",420,300,false],"2048x2048":["https:\/\/imagazine.it\/wp-content\/uploads\/2024\/01\/10323-1.webp",420,300,false],"newsup-slider-full":["https:\/\/imagazine.it\/wp-content\/uploads\/2024\/01\/10323-1.webp",420,300,false],"newsup-featured":["https:\/\/imagazine.it\/wp-content\/uploads\/2024\/01\/10323-1.webp",420,300,false],"newsup-medium":["https:\/\/imagazine.it\/wp-content\/uploads\/2024\/01\/10323-1.webp",420,300,false],"tptn_thumbnail":["https:\/\/imagazine.it\/wp-content\/uploads\/2024\/01\/10323-1.webp",250,179,false],"sow-carousel-default":["https:\/\/imagazine.it\/wp-content\/uploads\/2024\/01\/10323-1-272x182.webp",272,182,true]},"rttpg_author":{"display_name":"redazione","author_link":"https:\/\/imagazine.it\/home_desk\/author\/redazione\/"},"rttpg_comment":0,"rttpg_category":"<a href=\"https:\/\/imagazine.it\/home_desk\/category\/cultura-e-spettacolo\/\" rel=\"category tag\">CULTURA&amp;SPETTACOLO<\/a>","rttpg_excerpt":"Presentazione ufficiale il 26 giugno","_links":{"self":[{"href":"https:\/\/imagazine.it\/home_desk\/wp-json\/wp\/v2\/posts\/17031","targetHints":{"allow":["GET"]}}],"collection":[{"href":"https:\/\/imagazine.it\/home_desk\/wp-json\/wp\/v2\/posts"}],"about":[{"href":"https:\/\/imagazine.it\/home_desk\/wp-json\/wp\/v2\/types\/post"}],"author":[{"embeddable":true,"href":"https:\/\/imagazine.it\/home_desk\/wp-json\/wp\/v2\/users\/28"}],"replies":[{"embeddable":true,"href":"https:\/\/imagazine.it\/home_desk\/wp-json\/wp\/v2\/comments?post=17031"}],"version-history":[{"count":0,"href":"https:\/\/imagazine.it\/home_desk\/wp-json\/wp\/v2\/posts\/17031\/revisions"}],"wp:featuredmedia":[{"embeddable":true,"href":"https:\/\/imagazine.it\/home_desk\/wp-json\/wp\/v2\/media\/17032"}],"wp:attachment":[{"href":"https:\/\/imagazine.it\/home_desk\/wp-json\/wp\/v2\/media?parent=17031"}],"wp:term":[{"taxonomy":"category","embeddable":true,"href":"https:\/\/imagazine.it\/home_desk\/wp-json\/wp\/v2\/categories?post=17031"},{"taxonomy":"post_tag","embeddable":true,"href":"https:\/\/imagazine.it\/home_desk\/wp-json\/wp\/v2\/tags?post=17031"}],"curies":[{"name":"wp","href":"https:\/\/api.w.org\/{rel}","templated":true}]}}