{"id":16997,"date":"2015-06-10T00:00:00","date_gmt":"2015-06-09T23:00:00","guid":{"rendered":"https:\/\/imagazine.it\/?p=16997"},"modified":"2015-06-10T00:00:00","modified_gmt":"2015-06-09T23:00:00","slug":"federica-macri-mula-de-oro-2015","status":"publish","type":"post","link":"https:\/\/imagazine.it\/home_desk\/federica-macri-mula-de-oro-2015\/","title":{"rendered":"Federica Macr\u00ec &#8220;Mula de Oro&#8221; 2015"},"content":{"rendered":"<p class=\"ui-droppable\" style=\"text-align: justify;\"> \tLa \u201cMula de Oro\u201d 2015 \u00e8 la campionessa e olimpionica di ginnastica artistica <strong>Federica Macr\u00ec<\/strong>. La \u201cCapitana\u201d dell\u2019Artistica \u201981 Trieste \u00e8 stata infatti insignita del riconoscimento che annualmente il Panathlon Club Trieste assegna a un atleta distintosi sia per i risultati agonistici sia per le grandi doti umane e caratteriali.<\/p>\n<p class=\"ui-droppable\" style=\"text-align: justify;\"> \tFederica Macr\u00ec \u00e8 nata Trieste il 22 agosto 1990 e ha iniziato a praticare lo sport nel 1993 all\u2019et\u00e0 di 3 anni all\u2019Artistica\u201981 Trieste, partecipando ai corsi di base di ginnastica. Nel 1998 \u00e8 entrata a far parte della Squadra Agonistica sotto la guida dei tecnici Diego Pecar e Teresa Macr\u00ec ed \u00e8 tuttora la\u00a0\u201cCapitana\u201d dell\u2019Artistica&#39;81 Trieste, che milita in Serie A1 dal 2004. Nel corso della sua carriera ha raggiunto i massimi livelli agonistici nella ginnastica artistica ed \u00e8 stata tra gli azzurri che hanno partecipato alle Olimpiadi di Pechino del 2008.<\/p>\n<\/p>\n<p class=\"ui-droppable\" style=\"text-align: justify;\"> \t\u00a0\u201cSono fiera di questo riconoscimento \u2013 ha dichiarato commossa la vincitrice \u2013 che dimostra come il Panathlon abbia sempre seguito la mia carriera. Quando ho iniziato con questo sport erano pochissimi a seguirlo, mentre ora \u00e8 sufficiente guardare i video caricati su <em>YouTube<\/em> per capire quanto sia cresciuto l\u2019interesse per la ginnastica. In questi anni ho avuto molte soddisfazioni ma anche momenti difficili, come quello del mio infortunio nel 2008, dopo il quale alcuni medici mi dissero che non avrei potuto partecipare alle Olimpiadi di Pechino. Oggi sono molto felice di averli smentiti e orgogliosa di aver rappresentato l\u2019Italia e Trieste nel mondo\u201d.<\/p>\n<p class=\"ui-droppable\" style=\"text-align: justify;\"> \t\u201cPoter premiare una giovane di grande talento e determinazione come Federica Macr\u00ec \u2013 ha sottolineato il presidente di Panathlon, <strong>Sauro Bacherotti<\/strong> \u2013 \u00e8 un grande onore per me e per il Club che rappresento e in momenti come questo il mio pensiero non pu\u00f2 che andare al recentemente scomparso <strong>Emilio Felluga<\/strong>. I giovani di talento sono molti, ma pochi si dedicano veramente anima a corpo allo sport come ha fatto Federica. Lei \u00e8 la perfetta dimostrazione di quanto la forza di volont\u00e0, la costanza e la determinazione siano importante per un atleta\u201d.<\/p>\n<p class=\"ui-droppable\" style=\"text-align: justify;\"> \tConcordi anche il vicepresidente regionale del Coni, <strong>Francesco Cipolla<\/strong>, e il Presidente dell\u2019Artistica 81 Trieste, <strong>Fulvio Bronzi<\/strong>.<\/p>\n<p class=\"ui-droppable\" style=\"text-align: justify;\"> \tApprezzamento nei confronti di Macr\u00ec \u00e8 giunto anche dal vicepresidente della Provincia di Trieste, <strong>Igor Dolenc<\/strong>: \u201cPer raggiungere questi risultati serve grande costanza e forza d\u2019animo, ma bisogna anche essere spronati e supportati dagli allenatori e dai tecnici, cosa che nelle realt\u00e0 triestine accade\u201d.<\/p>\n","protected":false},"excerpt":{"rendered":"<p>Riconoscimento del Panathlon Club Trieste<\/p>\n","protected":false},"author":28,"featured_media":16998,"comment_status":"closed","ping_status":"closed","sticky":false,"template":"","format":"standard","meta":{"dwc-title":[],"dwc-content":[],"footnotes":""},"categories":[38],"tags":[],"class_list":["post-16997","post","type-post","status-publish","format-standard","has-post-thumbnail","hentry","category-sport"],"rttpg_featured_image_url":{"full":["https:\/\/imagazine.it\/wp-content\/uploads\/2024\/01\/10262-1.webp",378,346,false],"landscape":["https:\/\/imagazine.it\/wp-content\/uploads\/2024\/01\/10262-1.webp",378,346,false],"portraits":["https:\/\/imagazine.it\/wp-content\/uploads\/2024\/01\/10262-1.webp",378,346,false],"thumbnail":["https:\/\/imagazine.it\/wp-content\/uploads\/2024\/01\/10262-1-150x150.webp",150,150,true],"medium":["https:\/\/imagazine.it\/wp-content\/uploads\/2024\/01\/10262-1-300x275.webp",300,275,true],"large":["https:\/\/imagazine.it\/wp-content\/uploads\/2024\/01\/10262-1.webp",378,346,false],"thumblist":["https:\/\/imagazine.it\/wp-content\/uploads\/2024\/01\/10262-1.webp",300,275,false],"thumbrelated":["https:\/\/imagazine.it\/wp-content\/uploads\/2024\/01\/10262-1.webp",378,346,false],"meccarouselthumb":["https:\/\/imagazine.it\/wp-content\/uploads\/2024\/01\/10262-1.webp",354,324,false],"gridsquare":["https:\/\/imagazine.it\/wp-content\/uploads\/2024\/01\/10262-1.webp",284,260,false],"tileview":["https:\/\/imagazine.it\/wp-content\/uploads\/2024\/01\/10262-1.webp",300,275,false],"1536x1536":["https:\/\/imagazine.it\/wp-content\/uploads\/2024\/01\/10262-1.webp",378,346,false],"2048x2048":["https:\/\/imagazine.it\/wp-content\/uploads\/2024\/01\/10262-1.webp",378,346,false],"newsup-slider-full":["https:\/\/imagazine.it\/wp-content\/uploads\/2024\/01\/10262-1.webp",378,346,false],"newsup-featured":["https:\/\/imagazine.it\/wp-content\/uploads\/2024\/01\/10262-1.webp",378,346,false],"newsup-medium":["https:\/\/imagazine.it\/wp-content\/uploads\/2024\/01\/10262-1.webp",378,346,false],"tptn_thumbnail":["https:\/\/imagazine.it\/wp-content\/uploads\/2024\/01\/10262-1.webp",229,210,false],"sow-carousel-default":["https:\/\/imagazine.it\/wp-content\/uploads\/2024\/01\/10262-1-272x182.webp",272,182,true]},"rttpg_author":{"display_name":"redazione","author_link":"https:\/\/imagazine.it\/home_desk\/author\/redazione\/"},"rttpg_comment":0,"rttpg_category":"<a href=\"https:\/\/imagazine.it\/home_desk\/category\/sport\/\" rel=\"category tag\">SPORT<\/a>","rttpg_excerpt":"Riconoscimento del Panathlon Club Trieste","_links":{"self":[{"href":"https:\/\/imagazine.it\/home_desk\/wp-json\/wp\/v2\/posts\/16997","targetHints":{"allow":["GET"]}}],"collection":[{"href":"https:\/\/imagazine.it\/home_desk\/wp-json\/wp\/v2\/posts"}],"about":[{"href":"https:\/\/imagazine.it\/home_desk\/wp-json\/wp\/v2\/types\/post"}],"author":[{"embeddable":true,"href":"https:\/\/imagazine.it\/home_desk\/wp-json\/wp\/v2\/users\/28"}],"replies":[{"embeddable":true,"href":"https:\/\/imagazine.it\/home_desk\/wp-json\/wp\/v2\/comments?post=16997"}],"version-history":[{"count":0,"href":"https:\/\/imagazine.it\/home_desk\/wp-json\/wp\/v2\/posts\/16997\/revisions"}],"wp:featuredmedia":[{"embeddable":true,"href":"https:\/\/imagazine.it\/home_desk\/wp-json\/wp\/v2\/media\/16998"}],"wp:attachment":[{"href":"https:\/\/imagazine.it\/home_desk\/wp-json\/wp\/v2\/media?parent=16997"}],"wp:term":[{"taxonomy":"category","embeddable":true,"href":"https:\/\/imagazine.it\/home_desk\/wp-json\/wp\/v2\/categories?post=16997"},{"taxonomy":"post_tag","embeddable":true,"href":"https:\/\/imagazine.it\/home_desk\/wp-json\/wp\/v2\/tags?post=16997"}],"curies":[{"name":"wp","href":"https:\/\/api.w.org\/{rel}","templated":true}]}}