{"id":16987,"date":"2015-06-09T00:00:00","date_gmt":"2015-06-08T23:00:00","guid":{"rendered":"https:\/\/imagazine.it\/?p=16987"},"modified":"2015-06-09T00:00:00","modified_gmt":"2015-06-08T23:00:00","slug":"trieste-finito-il-mandato-del-consiglio-comunale-dei-ragazzi","status":"publish","type":"post","link":"https:\/\/imagazine.it\/home_desk\/trieste-finito-il-mandato-del-consiglio-comunale-dei-ragazzi\/","title":{"rendered":"Trieste, finito il mandato del Consiglio Comunale dei Ragazzi"},"content":{"rendered":"<p style=\"text-align: justify;\" class=\"ui-droppable\"> \tSi \u00e8 concluso &#8220;<em>Se io fossi il sindaco<\/em>&#8220;, progetto sperimentale finalizzato all&#8217;avvio del Consiglio Comunale delle Ragazze e dei Ragazzi (CCRR) della citt\u00e0 di Trieste, a cui sono intervenuti tutti i principali &#8216;attori&#8217;, dai giovanissimi studenti delle scuole partecipanti agli insegnanti, ai genitori, alla direttrice del Servizio Biblioteche Civiche <strong>Bianca Cuderi<\/strong>,\u00a0 al primo cittadino, <strong>Roberto Cosolini<\/strong>: \u201cAttraverso la vostra esperienza diretta con i problemi della citt\u00e0 e la loro risoluzione, che \u00e8 il principale compito degli amministratori pubblici, &#8211; ha dichiarato il sindaco &#8211; avete offerto un contributo importante in particolare alla sostenibilit\u00e0, alla qualit\u00e0 ambientale e alla costruzione di una cultura del &#8216;vivere insieme&#8217; per far conoscere la nostra citt\u00e0 anche dal punto vista turistico. A Vienna, dove mi sono recato per lavoro qualche settimana fa, sono rimasti molto colpiti dalla rilevanza della sezione che qui a Trieste abbiamo dedicato ai giovani e che pu\u00f2 essere implementata con ulteriori spazi dedicati, contrastando fenomeni di incivilt\u00e0 come l&#8217;imbrattamento e invece esprimendosi creando qualcosa di bello sui pannelli o sui muri delle vostre scuole\u201d.<\/p>\n<p style=\"text-align: justify;\" class=\"ui-droppable\"> \tIl progetto, nato nel settembre del 2013 per volont\u00e0 dell&#8217;Area Educazione, Universit\u00e0, Ricerca Cultura e Sport e dell&#8217;assessore <strong>Antonella Grim<\/strong>, \u00e8 finalizzato alla creazione di un organismo che consenta la partecipazione dei ragazzi dai 9 ai 14 anni alla vita della citt\u00e0. \u201cTale organismo &#8211; dichiara l\u2019assessore Grim &#8211;\u00a0 nello scorso luglio \u00e8 diventato di fatto organo ufficiale dell\u2019Ente con delibera del Consiglio Comunale. Si tratta di un\u2019esperienza educativa che ha gi\u00e0 dei precedenti sia in Italia sia nella regione Friuli Venezia Giulia, in cui sono attivi circa 70 Consigli Comunali delle Ragazze e dei Ragazzi\u201d.<\/p>\n<p style=\"text-align: justify;\" class=\"ui-droppable\"> \tIl progetto si \u00e8 svolto in collaborazione con l\u2019Ufficio Scolastico Regionale e Unicef \u2013 Comitato Provinciale di Trieste, oltre che con finanziamento della Regione Friuli Venezia Giulia per lo start up dell\u2019iniziativa. Vi hanno aderito 26 classi, appartenenti a 12 scuole (6 primarie e 6 secondarie di primo grado) pubbliche e private, interessate ad approfondire il tema delle tecniche di partecipazione e di cittadinanza attiva.<\/p>\n<p style=\"text-align: justify;\" class=\"ui-droppable\"> \tLa fase di avvio ha visto un\u2019introduzione formativa per gli insegnanti sui principi che ispirano il progetto dei CCRR e le relative implicazioni pedagogiche, nel quadro normativo su cui poggiano i diritti dei bambini e dei ragazzi nel nostro paese: fulcro dell\u2019idea di partecipazione \u00e8 la Convenzione per i Diritti dell\u2019Infanzia e dell\u2019Adolescenza di New York, sottoscritta nel 1989 e ratificata in Italia con legge dello stato nel 1996.<\/p>\n<p style=\"text-align: justify;\" class=\"ui-droppable\"> \tPer insegnare\u00a0 i metodi della vera democrazia, i 9 incontri di progettazione con il gruppo dei ragazzi, per giungere a proposte condivise, hanno trattato la negoziazione e la mediazione dei conflitti, sotto la guida dell\u2019Associazione Kallipolis.\u00a0 Una parte fondamentale del lavoro \u00e8 stata inoltre condotta dal gruppo di lavoro degli insegnanti che ha seguito i passi del progetto con attenta e puntuale regia didattico-educativa, tenendo i collegamenti con la classe e la scuola.<\/p>\n<p style=\"text-align: justify;\" class=\"ui-droppable\"> \tLa trentina di consiglieri eletti, dai 9 ai 14 anni, hanno elaborato alla fine dello scorso anno scolastico il <strong><em>PARSU &#8211; Piano di Azione delle Ragazze e dei Ragazzi per gli Spazi Urbani di Trieste<\/em><\/strong> &#8211;\u00a0 integralmente adottato dal sindaco Cosolini il 6 giugno 2014.<\/p>\n<p style=\"text-align: justify;\" class=\"ui-droppable\"> \tNel corso dei 6 incontri di quest\u2019anno, le attivit\u00e0 si sono concentrate nel perfezionare e realizzare i seguenti filoni progettuali del PARSU, che si avviano a diventare patrimonio stabile per i ragazzi della nostra citt\u00e0:\u00a0 filone SOSTENIBILITA\u2019 &#8211; gara tra rioni<strong> <em>Il rione pi\u00f9 pulito<\/em><\/strong>, in collaborazione con le circoscrizioni 3.a, 4.a, 5.a,\u00a0 AcegasApsAmga, Istat, Associazione Kallipolis, Querciambiente\/Ecospace, Unicef, e i Servizi comunali Ambiente ed Energia e Statistica (maggio 2105); filone\u00a0 RIQUALIFICARE &#8211; la sezione per i giovani nella piattaforma turistica<strong> <em>Discover Trieste<\/em>, <\/strong>in collaborazione con Tcd e l\u2019Area Sviluppo Economico (marzo\/aprile 2015); filone INCONTRARSI<strong>, <\/strong>percorsi formativi di<strong> <em>street art<\/em> <\/strong>per i pre \u2013 adolescenti<strong>, <\/strong>in collaborazione con l\u2019associazione Melart e la scuola Bergamas (aprile\/maggio 2015); filone SOSTENIBILITA\u2019 \u2013 percorsi di collaborazione negli eventi di <strong><em>mobilit\u00e0 sostenibile<\/em><\/strong> in citt\u00e0, come la SEM.<\/p>\n<p style=\"text-align: justify;\" class=\"ui-droppable\"> \tAl termine, sono stati premiati tutti i ragazzi che hanno preso parte al progetto con un dono simbolico: il libro sulla storia di Malala, la ragazza pakistana Premio Nobel per la Pace 2014,\u00a0 \u201cche rappresenta l&#8217;importanza del rispetto dei diritti umani per una societ\u00e0 migliore\u201d, come sottolineato dalla coordinatrice del progetto <strong>Donatella Rocco<\/strong>.<\/p>\n<p style=\"text-align: justify;\" class=\"ui-droppable\"> \tInfine, \u00e8 stata annunciata l&#8217;invito alla partecipazione di 101 ragazzi quale componenti della giuria del concorso per il migliore cortometraggio che si terr\u00e0 in luglio all&#8217;Auditorium del Revoltella, a cui hanno contribuito Casa del Cinema, Maremetraggio, Cappella Underground.<\/p>\n","protected":false},"excerpt":{"rendered":"<p>Rimasto in carica due anni<\/p>\n","protected":false},"author":28,"featured_media":16988,"comment_status":"closed","ping_status":"closed","sticky":false,"template":"","format":"standard","meta":{"dwc-title":[],"dwc-content":[],"footnotes":""},"categories":[5],"tags":[],"class_list":["post-16987","post","type-post","status-publish","format-standard","has-post-thumbnail","hentry","category-attualita"],"rttpg_featured_image_url":{"full":["https:\/\/imagazine.it\/wp-content\/uploads\/2024\/01\/10241-1.webp",600,400,false],"landscape":["https:\/\/imagazine.it\/wp-content\/uploads\/2024\/01\/10241-1.webp",600,400,false],"portraits":["https:\/\/imagazine.it\/wp-content\/uploads\/2024\/01\/10241-1.webp",600,400,false],"thumbnail":["https:\/\/imagazine.it\/wp-content\/uploads\/2024\/01\/10241-1-150x150.webp",150,150,true],"medium":["https:\/\/imagazine.it\/wp-content\/uploads\/2024\/01\/10241-1-300x200.webp",300,200,true],"large":["https:\/\/imagazine.it\/wp-content\/uploads\/2024\/01\/10241-1.webp",600,400,false],"thumblist":["https:\/\/imagazine.it\/wp-content\/uploads\/2024\/01\/10241-1.webp",300,200,false],"thumbrelated":["https:\/\/imagazine.it\/wp-content\/uploads\/2024\/01\/10241-1.webp",500,333,false],"meccarouselthumb":["https:\/\/imagazine.it\/wp-content\/uploads\/2024\/01\/10241-1.webp",474,316,false],"gridsquare":["https:\/\/imagazine.it\/wp-content\/uploads\/2024\/01\/10241-1.webp",391,260,false],"tileview":["https:\/\/imagazine.it\/wp-content\/uploads\/2024\/01\/10241-1.webp",300,200,false],"1536x1536":["https:\/\/imagazine.it\/wp-content\/uploads\/2024\/01\/10241-1.webp",600,400,false],"2048x2048":["https:\/\/imagazine.it\/wp-content\/uploads\/2024\/01\/10241-1.webp",600,400,false],"newsup-slider-full":["https:\/\/imagazine.it\/wp-content\/uploads\/2024\/01\/10241-1.webp",600,400,false],"newsup-featured":["https:\/\/imagazine.it\/wp-content\/uploads\/2024\/01\/10241-1.webp",600,400,false],"newsup-medium":["https:\/\/imagazine.it\/wp-content\/uploads\/2024\/01\/10241-1-600x380.webp",600,380,true],"tptn_thumbnail":["https:\/\/imagazine.it\/wp-content\/uploads\/2024\/01\/10241-1.webp",250,167,false],"sow-carousel-default":["https:\/\/imagazine.it\/wp-content\/uploads\/2024\/01\/10241-1-272x182.webp",272,182,true]},"rttpg_author":{"display_name":"redazione","author_link":"https:\/\/imagazine.it\/home_desk\/author\/redazione\/"},"rttpg_comment":0,"rttpg_category":"<a href=\"https:\/\/imagazine.it\/home_desk\/category\/attualita\/\" rel=\"category tag\">ATTUALIT\u00c0<\/a>","rttpg_excerpt":"Rimasto in carica due anni","_links":{"self":[{"href":"https:\/\/imagazine.it\/home_desk\/wp-json\/wp\/v2\/posts\/16987","targetHints":{"allow":["GET"]}}],"collection":[{"href":"https:\/\/imagazine.it\/home_desk\/wp-json\/wp\/v2\/posts"}],"about":[{"href":"https:\/\/imagazine.it\/home_desk\/wp-json\/wp\/v2\/types\/post"}],"author":[{"embeddable":true,"href":"https:\/\/imagazine.it\/home_desk\/wp-json\/wp\/v2\/users\/28"}],"replies":[{"embeddable":true,"href":"https:\/\/imagazine.it\/home_desk\/wp-json\/wp\/v2\/comments?post=16987"}],"version-history":[{"count":0,"href":"https:\/\/imagazine.it\/home_desk\/wp-json\/wp\/v2\/posts\/16987\/revisions"}],"wp:featuredmedia":[{"embeddable":true,"href":"https:\/\/imagazine.it\/home_desk\/wp-json\/wp\/v2\/media\/16988"}],"wp:attachment":[{"href":"https:\/\/imagazine.it\/home_desk\/wp-json\/wp\/v2\/media?parent=16987"}],"wp:term":[{"taxonomy":"category","embeddable":true,"href":"https:\/\/imagazine.it\/home_desk\/wp-json\/wp\/v2\/categories?post=16987"},{"taxonomy":"post_tag","embeddable":true,"href":"https:\/\/imagazine.it\/home_desk\/wp-json\/wp\/v2\/tags?post=16987"}],"curies":[{"name":"wp","href":"https:\/\/api.w.org\/{rel}","templated":true}]}}