{"id":16977,"date":"2015-06-08T00:00:00","date_gmt":"2015-06-07T23:00:00","guid":{"rendered":"https:\/\/imagazine.it\/?p=16977"},"modified":"2015-06-08T00:00:00","modified_gmt":"2015-06-07T23:00:00","slug":"linformazione-va-in-scena-a-trieste","status":"publish","type":"post","link":"https:\/\/imagazine.it\/home_desk\/linformazione-va-in-scena-a-trieste\/","title":{"rendered":"L&#8217;informazione va in scena a Trieste"},"content":{"rendered":"<p style=\"text-align: justify;\" class=\"ui-droppable\"> \tL\u2019informazione va in onda da <strong>Trieste<\/strong> con il <strong>Premio giornalistico internazionale Marco Luchetta<\/strong>, giunto alla sua 12^ edizione. E dal 2015 l\u2019informazione va anche \u201cin scena\u201d, con la prima edizione di L.ink, Premio Luchetta Incontra, in programma a Trieste da luned\u00ec 29 giugno a gioved\u00ec 2 luglio.<\/p>\n<p style=\"text-align: justify;\" class=\"ui-droppable\"> \tRitratti d\u2019autore con la dedica ai protagonisti dell\u2019informazione \u2013 <strong>Giovanna Botteri, Antonio Di Bella<\/strong> e <strong>Ferruccio de Bortoli<\/strong> in occasione di L.ink 2015 \u2013 si alterneranno ai dialoghi sulle attualit\u00e0 del nostro tempo, raccontate da chi ha la mission di testimoniarle per la cronaca scritta e parlata \u2013 Adriano <strong>Sofri, Maria Gianniti, Toni Capuozzo e Pablo Trincia<\/strong> \u2013 ma anche da chi contribuisce a dipanarle, nel nome\u00a0 delle popolazioni civili e della loro sopravvivenza, come il medico triestino <strong>Marzio Babille<\/strong> che da molti anni rappresenta l\u2019Unicef nel Medio Oriente devastato dalle guerre civili, o come <strong>Wael Farouk<\/strong>, l\u2019esperto di scienze linguistiche impegnato da anni fra Milano e Il Cairo.<\/p>\n<p style=\"text-align: justify;\" class=\"ui-droppable\"> \tTeatro di <strong>L.ink<\/strong> 2015 a Trieste sar\u00e0 la collaudata location di <strong>piazza Unit\u00e0 d\u2019Italia: nel Cortile interno del Palazzo della Regione<\/strong>, \u2018agor\u00e0\u2019 suggestiva e centralissima, gli appuntamenti si avvicenderanno ogni giorno fra le 17 e le 20. Scandito dalle dirette di <strong>Radio1 Rai<\/strong>, con il programma \u2018Restate scomodi\u2019 che trasmetter\u00e0 da Trieste fra le 15.35 e le 17, e dalle dirette di <strong>Radio1 Rai FVG<\/strong> che ogni mattina accompagneranno pubblico e ascoltatori, il cartellone di <strong>L.ink<\/strong> 2015, realizzato con la collaborazione di <strong>Fincantieri<\/strong>, culminer\u00e0 gioved\u00ec 2 luglio nella Serata \u201cI nostri Angeli\u201d in programma al Politeama Rossetti, ripresa e trasmessa da Rai1.<\/p>\n<p style=\"text-align: justify;\" class=\"ui-droppable\"> \t<strong>Un festival legato all\u2019informazione<\/strong>: ai suoi protagonisti, ai suoi contenuti e target pi\u00f9 attuali, ma anche alle dinamiche del giornalismo del nostro tempo, alla sua evoluzione, all\u2019interazione con la societ\u00e0. Questo si propone di essere <strong>L.ink, Premio Luchetta Incontra<\/strong>. E anche da queste premesse nasce il dialogo intorno a \u201c<strong>Libert\u00e0 di diffamare<\/strong>\u201d che coinvolger\u00e0 (marted\u00ec 30 giugno, ore 17) molte firme di punta della categoria. <strong>Giuseppe Giulietti, Lirio Abbate, Alberto Bollis <\/strong>e il presidente dell\u2019ordine dei giornalisti FVG <strong>Cristiano Degano<\/strong> si confronteranno sul tema con il costituzionalista <strong>Roberto Zaccaria<\/strong>, presidente Rai dal 1998 al 2002.<\/p>\n<p style=\"text-align: justify;\" class=\"ui-droppable\"> \tMa nel cuore dell\u2019informazione del nostro tempo, a qualsiasi latitudine, campeggiano le cronache legate all\u2019emergenza in Medio Oriente e all\u2019avanzata violenta dell\u2019<strong>Isis<\/strong>: L.ink restituir\u00e0 l\u2019attenzione che da sempre il Premio Luchetta riserva all\u2019attualit\u00e0 internazionale con diversi incontri dedicati. A cominciare dal dialogo della serata inaugurale, luned\u00ec 29 giugno (ore 19): intorno a \u201c<strong>Siria, la fabbrica del terrore<\/strong>\u201d si confronteranno a Trieste <strong>Adriano Sofri <\/strong>e <strong>Marzio Babille<\/strong>, il medico che da anni coordina, sul campo, le missioni di soccorso alle popolazioni stremate da\u00a0 guerre civili o internazionali, conflitti religiosi e terrorismo. Converser\u00e0 con loro il portavoce di Unicef Italia <strong>Andrea Iacomini.<\/strong> Di \u201c<strong>Isis, attacco all\u2019Europa<\/strong>\u201d converseranno mercoled\u00ec 1 luglio (ore 19) <strong>Toni Capuozzo, Pablo Trincia, Maria Gianniti<\/strong> e <strong>Wael Farouk<\/strong>, coordinati dal vicedirettore Tg3 <strong>Giuliano Giubilei<\/strong>.\u00a0 Implicitamente collegato a questi dialoghi \u00e8 l\u2019incontro precedente, \u201c<strong>Clandestini: pericolo o risorsa<\/strong>?\u201d, che dalle 18 impegner\u00e0 il fondatore del Centro Balducci di Zugliano <strong>Pierluigi Di Piazza<\/strong> con il presidente Ics <strong>Gianfranco Schiavone<\/strong>, l\u2019Assessore regionale all\u2019Immigrazione <strong>Gianni Torrenti<\/strong> e la corrispondente da New York di Avvenire <strong>Elena Molinari<\/strong>, vincitrice del Premio Luchetta 2015: la conversazione sar\u00e0 coordinata dal caporedattore centrale del Piccolo, <strong>Marco Pacini<\/strong>.<\/p>\n<p style=\"text-align: justify;\" class=\"ui-droppable\"> \tDialoghi, ma anche e soprattutto incontri e \u2018ritratti\u2019: L.ink entrer\u00e0 nel vivo di protagonisti che \u2018fanno\u2019 l\u2019informazione del nostro tempo. Conoscere da vicino <strong>Giovanna Botteri<\/strong>, <strong>Ferruccio de Bortoli<\/strong> e <strong>Antonio Di Bella<\/strong> significher\u00e0 anche avventurarsi in quell\u2019inestricabile confine, fra personale e professionale, che per sua natura alimenta spesso il \u2018mestiere\u2019 del giornalista: le corrispondenze, i reportage, le cronache dalle frontiere pi\u00f9 varie dell\u2019attualit\u00e0. <strong>Giovanna Botteri<\/strong>, <strong>Premio Speciale Luchetta 2015<\/strong>, sar\u00e0 intervistata (mercoled\u00ec 1 luglio, ore 17) da Giovanni Marzini, segretario di Giuria del Premio Luchetta. <strong>Ferruccio de Bortoli<\/strong>, <strong>Premio FriulAdria \u2018Testimoni della Storia\u2019 2015<\/strong>, si racconter\u00e0 a Trieste gioved\u00ec 2 luglio (ore 19) nel dialogo con il direttore del quotidiano \u201cIl Piccolo\u201d <strong>Paolo Possamai<\/strong>. E <strong>Antonio Di Bella<\/strong>, corrispondente Rai da Parigi, converser\u00e0 martedi\u2019 30 giugno (ore 18) con l\u2019editorialista <strong>Roberto Morelli<\/strong>. Ulteriore \u2018ritratto\u2019, per meglio conoscere il raggio d\u2019azione di una testata storicamente legata al sociale, sar\u00e0 la conversazione con il direttore di Famiglia Cristiana <strong>don Antonio Sciortino<\/strong>: gioved\u00ec 2 luglio, alle 18, ricever\u00e0 il <strong>Premio Unicef \u2018I nostri Angeli\u2019<\/strong>, assegnato per la prima edizione dalla Fondazione Luchetta con Unicef Italia. Lo premieranno la presidente della Fondazione <strong>Daniela Luchetta<\/strong> e il presidente Unicef Italia <strong>Giacomo Guerrera<\/strong>, seguir\u00e0 il dialogo con l\u2019opinionista <strong>Franco Del Campo<\/strong>.<\/p>\n<p style=\"text-align: justify;\" class=\"ui-droppable\"> \t\u00a0<strong>L.ink<\/strong> 2015 si avventurer\u00e0 anche sulle tracce di Kapuscinski, pioniere del racconto di viaggio, riletto con lo sguardo attento del reporter: due firme internazionali, autorevoli epigoni di Kapuscinski, <strong>Paolo Rumiz <\/strong>e<strong> Martin van Aldeeren<\/strong>, racconteranno la loro esperienza al direttore del Venerd\u00ec Attilio Giordano (marted\u00ec 30 giugno, ore 19).\u00a0 E <strong>nel 2015 anno di Expo a Milano, L.ink non poteva non focalizzare parte del suo programma intorno all\u2019attualit\u00e0 pi\u00f9 capillare del nostro tempo: nutrire il pianeta<\/strong> \u00e8 una prospettiva di \u2018Expottimismo\u2019 intorno alla quale si confronteranno proprio in apertura di festival, luned\u00ec 29 giugno (ore 17) il vicepresidente della Regione FVG <strong>Sergio Bolzonello<\/strong> e il presidente e Ad Illycaff\u00e8 <strong>Andrea Illy<\/strong>. Nutrire il pianeta significa anche e soprattutto imparare a nutrirci e a riscoprire l\u2019oro nel nostro piatto: della \u2018Dieta della felicit\u00e0\u2019 e dell\u2019importanza dell\u2019educazione alimentare converseranno, di seguito, l\u2019agroeconomista <strong>Andrea Segr\u00e8<\/strong> e il direttore generale ICGEB <strong>Mauro Giacca<\/strong>, coordinati dalla responsabile di Tg2 \u2013 Medicina 33 <strong>Laura Berti<\/strong>. A <strong>L.ink<\/strong> 2015 non potr\u00e0 naturalmente mancare il focus con i veri protagonisti del <strong>Premio Luchetta 2015<\/strong>: prima di essere presentati sul palcoscenico del Rossetti, in occasione della Serata I nostri Angeli, <strong>i vincitori \u2013 Jonathan Rugman, Elena Molinari, Emilie Blachere, Pablo Trincia, JM Lopez \u2013incontreranno il pubblico gioved\u00ec 2 luglio, alle 17.<\/strong> L\u2019incontro sar\u00e0 condotto dal responsabile della sede Ansa di Trieste, <strong>Pierluigi Franco. <\/strong><\/p>\n<p style=\"text-align: justify;\" class=\"ui-droppable\"> \tLa <strong>Serata \u201cI nostri Angeli\u201d 2015<\/strong>, condotta da Alberto Matano (Tg2) \u00e8 in programma gioved\u00ec 2 luglio, alle 21, al Politeama Rossetti di Trieste. Sar\u00e0 preceduta anche quest\u2019anno (dalle 20.30) dall\u2019<strong>Anteprima<\/strong>, ripresa e trasmessa dalla sede regionale RAI FVG.<\/p>\n<p style=\"text-align: justify;\" class=\"ui-droppable\"> \tAlcuni incontri di <strong>L.ink<\/strong> saranno oggetto di <strong>crediti formativi<\/strong> dell\u2019<strong>Ordine nazionale dei Giornalisti.<\/strong><\/p>\n","protected":false},"excerpt":{"rendered":"<p>Presentato &#8220;Link Festival&#8221;<\/p>\n","protected":false},"author":28,"featured_media":16978,"comment_status":"closed","ping_status":"closed","sticky":false,"template":"","format":"standard","meta":{"dwc-title":[],"dwc-content":[],"footnotes":""},"categories":[37],"tags":[],"class_list":["post-16977","post","type-post","status-publish","format-standard","has-post-thumbnail","hentry","category-cultura-e-spettacolo"],"rttpg_featured_image_url":{"full":["https:\/\/imagazine.it\/wp-content\/uploads\/2024\/01\/10233-1.webp",400,545,false],"landscape":["https:\/\/imagazine.it\/wp-content\/uploads\/2024\/01\/10233-1.webp",400,545,false],"portraits":["https:\/\/imagazine.it\/wp-content\/uploads\/2024\/01\/10233-1.webp",400,545,false],"thumbnail":["https:\/\/imagazine.it\/wp-content\/uploads\/2024\/01\/10233-1-150x150.webp",150,150,true],"medium":["https:\/\/imagazine.it\/wp-content\/uploads\/2024\/01\/10233-1-220x300.webp",220,300,true],"large":["https:\/\/imagazine.it\/wp-content\/uploads\/2024\/01\/10233-1.webp",400,545,false],"thumblist":["https:\/\/imagazine.it\/wp-content\/uploads\/2024\/01\/10233-1.webp",220,300,false],"thumbrelated":["https:\/\/imagazine.it\/wp-content\/uploads\/2024\/01\/10233-1.webp",367,500,false],"meccarouselthumb":["https:\/\/imagazine.it\/wp-content\/uploads\/2024\/01\/10233-1.webp",238,324,false],"gridsquare":["https:\/\/imagazine.it\/wp-content\/uploads\/2024\/01\/10233-1.webp",191,260,false],"tileview":["https:\/\/imagazine.it\/wp-content\/uploads\/2024\/01\/10233-1.webp",294,400,false],"1536x1536":["https:\/\/imagazine.it\/wp-content\/uploads\/2024\/01\/10233-1.webp",400,545,false],"2048x2048":["https:\/\/imagazine.it\/wp-content\/uploads\/2024\/01\/10233-1.webp",400,545,false],"newsup-slider-full":["https:\/\/imagazine.it\/wp-content\/uploads\/2024\/01\/10233-1.webp",400,545,false],"newsup-featured":["https:\/\/imagazine.it\/wp-content\/uploads\/2024\/01\/10233-1.webp",400,545,false],"newsup-medium":["https:\/\/imagazine.it\/wp-content\/uploads\/2024\/01\/10233-1-400x380.webp",400,380,true],"tptn_thumbnail":["https:\/\/imagazine.it\/wp-content\/uploads\/2024\/01\/10233-1.webp",154,210,false],"sow-carousel-default":["https:\/\/imagazine.it\/wp-content\/uploads\/2024\/01\/10233-1-272x182.webp",272,182,true]},"rttpg_author":{"display_name":"redazione","author_link":"https:\/\/imagazine.it\/home_desk\/author\/redazione\/"},"rttpg_comment":0,"rttpg_category":"<a href=\"https:\/\/imagazine.it\/home_desk\/category\/cultura-e-spettacolo\/\" rel=\"category tag\">CULTURA&amp;SPETTACOLO<\/a>","rttpg_excerpt":"Presentato \"Link Festival\"","_links":{"self":[{"href":"https:\/\/imagazine.it\/home_desk\/wp-json\/wp\/v2\/posts\/16977","targetHints":{"allow":["GET"]}}],"collection":[{"href":"https:\/\/imagazine.it\/home_desk\/wp-json\/wp\/v2\/posts"}],"about":[{"href":"https:\/\/imagazine.it\/home_desk\/wp-json\/wp\/v2\/types\/post"}],"author":[{"embeddable":true,"href":"https:\/\/imagazine.it\/home_desk\/wp-json\/wp\/v2\/users\/28"}],"replies":[{"embeddable":true,"href":"https:\/\/imagazine.it\/home_desk\/wp-json\/wp\/v2\/comments?post=16977"}],"version-history":[{"count":0,"href":"https:\/\/imagazine.it\/home_desk\/wp-json\/wp\/v2\/posts\/16977\/revisions"}],"wp:featuredmedia":[{"embeddable":true,"href":"https:\/\/imagazine.it\/home_desk\/wp-json\/wp\/v2\/media\/16978"}],"wp:attachment":[{"href":"https:\/\/imagazine.it\/home_desk\/wp-json\/wp\/v2\/media?parent=16977"}],"wp:term":[{"taxonomy":"category","embeddable":true,"href":"https:\/\/imagazine.it\/home_desk\/wp-json\/wp\/v2\/categories?post=16977"},{"taxonomy":"post_tag","embeddable":true,"href":"https:\/\/imagazine.it\/home_desk\/wp-json\/wp\/v2\/tags?post=16977"}],"curies":[{"name":"wp","href":"https:\/\/api.w.org\/{rel}","templated":true}]}}