{"id":16975,"date":"2015-06-08T00:00:00","date_gmt":"2015-06-07T23:00:00","guid":{"rendered":"https:\/\/imagazine.it\/?p=16975"},"modified":"2015-06-08T00:00:00","modified_gmt":"2015-06-07T23:00:00","slug":"palmanova-nuovo-mezzo-per-il-trasporto-di-disabili","status":"publish","type":"post","link":"https:\/\/imagazine.it\/home_desk\/palmanova-nuovo-mezzo-per-il-trasporto-di-disabili\/","title":{"rendered":"Palmanova, nuovo mezzo per il trasporto di disabili"},"content":{"rendered":"<p style=\"text-align: justify;\" class=\"ui-droppable\"> \t\u00c8 stato consegnato ufficialmente a Palmanova il nuovo mezzo attrezzato per il trasporto di persone non deambulanti\u00a0 ai volontari dell\u2019Auser Bassa Friulana.<\/p>\n<p style=\"text-align: justify;\" class=\"ui-droppable\"> \t\u00abL\u2019arrivo del nuovo veicolo \u2013 dichiara l\u2019assessore alle politiche sociali <strong>Giuseppe Tellini<\/strong> \u2013 permetter\u00e0 ai cittadini anziani e disabili di usufruire di un trasporto adeguato, attrezzato con il sollevatore per la sedia a rotelle e apparecchiature e strumenti idonei al trasporto di persone con disabilit\u00e0, per raggiungere i presidi sanitari, per effettuare visite mediche ed eseguire esami clinici. Rappresenta anche un\u2019opportunit\u00e0 per poter accompagnare presso parenti e amici per una visita di cortesia le persone che vivono sole o che non hanno il sostegno di qualche familiare\u00bb.<\/p>\n<p style=\"text-align: justify;\" class=\"ui-droppable\"> \tPresenti alla cerimonia di consegna del mezzo anche il direttore generale dell\u2019ASS 2 Bassa Friulana-Isontina, <strong>Giovanni Pilati<\/strong>, il sindaco di Palmanova, <strong>Francesco Martines<\/strong>, i volontari dell\u2019associazioni di volontariato del territorio, l\u2019Auser Bassa Friulana e la Croce Rossa.<\/p>\n<p style=\"text-align: justify;\" class=\"ui-droppable\"> \tL\u2019assessore nel suo intervento, inoltre, ha ringraziato i volontari dell\u2019Auser Bassa Friulana che si prodigano per consentire la continuit\u00e0 del servizio e ha auspicato ci siano nuove adesioni per rendere sempre pi\u00f9 consistente il numero di richieste evase. A tal proposito ci si pu\u00f2 iscrivere all\u2019Auser Bassa Friulana recandosi presso la sede di via Garzoni 23\/25 dalle 10 alle 12 del luned\u00ec, mercoled\u00ec e venerd\u00ec.<\/p>\n<p style=\"text-align: justify;\" class=\"ui-droppable\"> \tIl costo complessivo del mezzo, circa 25 mila euro, \u00e8 stato sostenuto interamente con fondi comunali preferendo non ricorrere a sponsorizzazioni da parte di privati che avrebbero comportato l\u2019inserimento di immagini commerciali sulla carrozzeria del mezzo.<\/p>\n","protected":false},"excerpt":{"rendered":"<p>Donato dal Comune all&#8217;Auser<\/p>\n","protected":false},"author":28,"featured_media":16976,"comment_status":"closed","ping_status":"closed","sticky":false,"template":"","format":"standard","meta":{"dwc-title":[],"dwc-content":[],"footnotes":""},"categories":[5],"tags":[],"class_list":["post-16975","post","type-post","status-publish","format-standard","has-post-thumbnail","hentry","category-attualita"],"rttpg_featured_image_url":{"full":["https:\/\/imagazine.it\/wp-content\/uploads\/2024\/01\/10230-1.webp",533,400,false],"landscape":["https:\/\/imagazine.it\/wp-content\/uploads\/2024\/01\/10230-1.webp",533,400,false],"portraits":["https:\/\/imagazine.it\/wp-content\/uploads\/2024\/01\/10230-1.webp",533,400,false],"thumbnail":["https:\/\/imagazine.it\/wp-content\/uploads\/2024\/01\/10230-1-150x150.webp",150,150,true],"medium":["https:\/\/imagazine.it\/wp-content\/uploads\/2024\/01\/10230-1-300x225.webp",300,225,true],"large":["https:\/\/imagazine.it\/wp-content\/uploads\/2024\/01\/10230-1.webp",533,400,false],"thumblist":["https:\/\/imagazine.it\/wp-content\/uploads\/2024\/01\/10230-1.webp",300,225,false],"thumbrelated":["https:\/\/imagazine.it\/wp-content\/uploads\/2024\/01\/10230-1.webp",500,375,false],"meccarouselthumb":["https:\/\/imagazine.it\/wp-content\/uploads\/2024\/01\/10230-1.webp",432,324,false],"gridsquare":["https:\/\/imagazine.it\/wp-content\/uploads\/2024\/01\/10230-1.webp",346,260,false],"tileview":["https:\/\/imagazine.it\/wp-content\/uploads\/2024\/01\/10230-1.webp",300,225,false],"1536x1536":["https:\/\/imagazine.it\/wp-content\/uploads\/2024\/01\/10230-1.webp",533,400,false],"2048x2048":["https:\/\/imagazine.it\/wp-content\/uploads\/2024\/01\/10230-1.webp",533,400,false],"newsup-slider-full":["https:\/\/imagazine.it\/wp-content\/uploads\/2024\/01\/10230-1.webp",533,400,false],"newsup-featured":["https:\/\/imagazine.it\/wp-content\/uploads\/2024\/01\/10230-1.webp",533,400,false],"newsup-medium":["https:\/\/imagazine.it\/wp-content\/uploads\/2024\/01\/10230-1-533x380.webp",533,380,true],"tptn_thumbnail":["https:\/\/imagazine.it\/wp-content\/uploads\/2024\/01\/10230-1.webp",250,188,false],"sow-carousel-default":["https:\/\/imagazine.it\/wp-content\/uploads\/2024\/01\/10230-1-272x182.webp",272,182,true]},"rttpg_author":{"display_name":"redazione","author_link":"https:\/\/imagazine.it\/home_desk\/author\/redazione\/"},"rttpg_comment":0,"rttpg_category":"<a href=\"https:\/\/imagazine.it\/home_desk\/category\/attualita\/\" rel=\"category tag\">ATTUALIT\u00c0<\/a>","rttpg_excerpt":"Donato dal Comune all'Auser","_links":{"self":[{"href":"https:\/\/imagazine.it\/home_desk\/wp-json\/wp\/v2\/posts\/16975","targetHints":{"allow":["GET"]}}],"collection":[{"href":"https:\/\/imagazine.it\/home_desk\/wp-json\/wp\/v2\/posts"}],"about":[{"href":"https:\/\/imagazine.it\/home_desk\/wp-json\/wp\/v2\/types\/post"}],"author":[{"embeddable":true,"href":"https:\/\/imagazine.it\/home_desk\/wp-json\/wp\/v2\/users\/28"}],"replies":[{"embeddable":true,"href":"https:\/\/imagazine.it\/home_desk\/wp-json\/wp\/v2\/comments?post=16975"}],"version-history":[{"count":0,"href":"https:\/\/imagazine.it\/home_desk\/wp-json\/wp\/v2\/posts\/16975\/revisions"}],"wp:featuredmedia":[{"embeddable":true,"href":"https:\/\/imagazine.it\/home_desk\/wp-json\/wp\/v2\/media\/16976"}],"wp:attachment":[{"href":"https:\/\/imagazine.it\/home_desk\/wp-json\/wp\/v2\/media?parent=16975"}],"wp:term":[{"taxonomy":"category","embeddable":true,"href":"https:\/\/imagazine.it\/home_desk\/wp-json\/wp\/v2\/categories?post=16975"},{"taxonomy":"post_tag","embeddable":true,"href":"https:\/\/imagazine.it\/home_desk\/wp-json\/wp\/v2\/tags?post=16975"}],"curies":[{"name":"wp","href":"https:\/\/api.w.org\/{rel}","templated":true}]}}