{"id":16962,"date":"2015-06-04T00:00:00","date_gmt":"2015-06-03T23:00:00","guid":{"rendered":"https:\/\/imagazine.it\/?p=16962"},"modified":"2015-06-04T00:00:00","modified_gmt":"2015-06-03T23:00:00","slug":"testimoni-della-storia-riconoscimento-a-ferruccio-de-bortoli","status":"publish","type":"post","link":"https:\/\/imagazine.it\/home_desk\/testimoni-della-storia-riconoscimento-a-ferruccio-de-bortoli\/","title":{"rendered":"Testimoni della Storia, riconoscimento a Ferruccio de Bortoli"},"content":{"rendered":"<p class=\"ui-droppable\" style=\"text-align: justify;\"> \tVa a\u00a0<strong>Ferruccio de Bortoli <\/strong>la IV edizione del<strong> Premio FriulAdria Testimoni della Storia 2015<\/strong>, promosso dal <strong>Premio Giornalistico internazionale Marco Luchetta<\/strong> su impulso di <strong>Banca Popolare FriulAdria &#8211; Gruppo Cariparma Cr\u00e9dit Agricole<\/strong>, d\u2019intesa con i festival <strong>pordenonelegge<\/strong> ed <strong>\u00e8Storia<\/strong>.<\/p>\n<\/p>\n<p class=\"ui-droppable\" style=\"text-align: justify;\"> \t\u00abFigura di spicco nel mondo della comunicazione per autorevolezza, equilibrio e correttezza \u2013 recitano le <strong>motivazioni<\/strong> \u2013 Ferruccio de Bortoli pu\u00f2 essere definito il perfetto esempio del giornalista con la \u201cschiena dritta\u201d. Il rispetto dell\u2019etica professionale \u00e8 stato linea guida, per Ferruccio de Bortoli, nei quarant\u2019anni della sua carriera e per questa ragione merita a pieno titolo il riconoscimento del Premio FriulAdria quale \u201ctestimone del nostro tempo\u201d\u00bb.<\/p>\n<p class=\"ui-droppable\" style=\"text-align: justify;\"> \t<strong>Il premio<\/strong>, assegnato nelle scorse edizioni a Gianni Min\u00e0, Giovanni Floris e <a href=\"http:\/\/www.imagazine.it\/news\/1472#.VXB4z8_tlBc\" target=\"_blank\" rel=\"noopener\">Lilli Gruber<\/a>, sar\u00e0 consegnato gioved\u00ec 2 luglio alle 18 nel Cortile del Palazzo della Regione Friuli Venezia Giulia, nell\u2019ambito della 1^ edizione di L.INK, Premio Luchetta Incontra. Lo scorso maggio in occasione del festival \u00e8Storia di Gorizia era stato consegnato il Premio FriulAdria <em>Il romanzo della storia<\/em> a <strong>Roberto Saviano<\/strong> e il prossimo settembre al festival pordenonelegge sar\u00e0 consegnato il Premio FriulAdria <em>La storia in un romanzo<\/em>.<\/p>\n<p class=\"ui-droppable\" style=\"text-align: justify;\"> \t\u00a0<\/p>\n<p class=\"ui-droppable\" style=\"text-align: justify;\"> \tMilanese, 62 anni, dal 15 maggio scorso presidente della casa editrice Longanesi, <strong>Ferruccio De Bortoli<\/strong> ha diretto per quattro anni il pi\u00f9 importante quotidiano economico italiano, Il Sole 24 ore, e per due volte Il Corriere della Sera, testata di riferimento del giornalismo nazionale, negli ultimi difficili vent\u2019anni del nostro Paese: sino all\u2019aprile scorso quando \u00e8 diventato presidente della casa editrice Longanesi. Ai vertici Rcs dal 2003 al 2005, De Bortoli \u00e8 stato Presidente della Casa Editrice Flammarion S.A. e Vice Presidente dell&#39;Associazione Italiana Editori (A.I.E.). <strong>De Bortoli<\/strong> \u00e8 nato a Milano il 20 maggio 1953. Laureato in giurisprudenza all&#39;Universit\u00e0 degli Studi di Milano, \u00e8 giornalista professionista dal 1973. Al Corriere ha cominciato nel 1979 come cronista per poi passare alle pagine economiche. \u00c8 stato caporedattore dell&#39;Europeo e del Sole 24 Ore. Nell&#39;aprile del 1987 torna al Corriere con la qualifica di caporedattore dell&#39;economia e commentatore economico. E&#39; diventato Vice Direttore del Corriere della Sera nel dicembre del 1993 per poi passare, l&#39;8 maggio 1997, Direttore. E&#39; stato anche Presidente della &#8220;Fondazione Pier Lombardo &#8211; Teatro Franco Parenti&#8221; e Presidente della &#8220;Fondazione Memoriale della Shoah di Milano Onlus&#8221;.<\/p>\n","protected":false},"excerpt":{"rendered":"<p>Nell&#8217;ambito del Premio Luchetta<\/p>\n","protected":false},"author":28,"featured_media":16963,"comment_status":"closed","ping_status":"closed","sticky":false,"template":"","format":"standard","meta":{"dwc-title":[],"dwc-content":[],"footnotes":""},"categories":[37],"tags":[],"class_list":["post-16962","post","type-post","status-publish","format-standard","has-post-thumbnail","hentry","category-cultura-e-spettacolo"],"rttpg_featured_image_url":{"full":["https:\/\/imagazine.it\/wp-content\/uploads\/2024\/01\/10213-1.webp",800,532,false],"landscape":["https:\/\/imagazine.it\/wp-content\/uploads\/2024\/01\/10213-1.webp",800,532,false],"portraits":["https:\/\/imagazine.it\/wp-content\/uploads\/2024\/01\/10213-1.webp",800,532,false],"thumbnail":["https:\/\/imagazine.it\/wp-content\/uploads\/2024\/01\/10213-1-150x150.webp",150,150,true],"medium":["https:\/\/imagazine.it\/wp-content\/uploads\/2024\/01\/10213-1-300x200.webp",300,200,true],"large":["https:\/\/imagazine.it\/wp-content\/uploads\/2024\/01\/10213-1.webp",640,426,false],"thumblist":["https:\/\/imagazine.it\/wp-content\/uploads\/2024\/01\/10213-1.webp",300,200,false],"thumbrelated":["https:\/\/imagazine.it\/wp-content\/uploads\/2024\/01\/10213-1.webp",500,333,false],"meccarouselthumb":["https:\/\/imagazine.it\/wp-content\/uploads\/2024\/01\/10213-1.webp",474,315,false],"gridsquare":["https:\/\/imagazine.it\/wp-content\/uploads\/2024\/01\/10213-1.webp",391,260,false],"tileview":["https:\/\/imagazine.it\/wp-content\/uploads\/2024\/01\/10213-1.webp",300,200,false],"1536x1536":["https:\/\/imagazine.it\/wp-content\/uploads\/2024\/01\/10213-1.webp",800,532,false],"2048x2048":["https:\/\/imagazine.it\/wp-content\/uploads\/2024\/01\/10213-1.webp",800,532,false],"newsup-slider-full":["https:\/\/imagazine.it\/wp-content\/uploads\/2024\/01\/10213-1.webp",800,532,false],"newsup-featured":["https:\/\/imagazine.it\/wp-content\/uploads\/2024\/01\/10213-1.webp",800,532,false],"newsup-medium":["https:\/\/imagazine.it\/wp-content\/uploads\/2024\/01\/10213-1-720x380.webp",720,380,true],"tptn_thumbnail":["https:\/\/imagazine.it\/wp-content\/uploads\/2024\/01\/10213-1.webp",250,166,false],"sow-carousel-default":["https:\/\/imagazine.it\/wp-content\/uploads\/2024\/01\/10213-1-272x182.webp",272,182,true]},"rttpg_author":{"display_name":"redazione","author_link":"https:\/\/imagazine.it\/home_desk\/author\/redazione\/"},"rttpg_comment":0,"rttpg_category":"<a href=\"https:\/\/imagazine.it\/home_desk\/category\/cultura-e-spettacolo\/\" rel=\"category tag\">CULTURA&amp;SPETTACOLO<\/a>","rttpg_excerpt":"Nell'ambito del Premio Luchetta","_links":{"self":[{"href":"https:\/\/imagazine.it\/home_desk\/wp-json\/wp\/v2\/posts\/16962","targetHints":{"allow":["GET"]}}],"collection":[{"href":"https:\/\/imagazine.it\/home_desk\/wp-json\/wp\/v2\/posts"}],"about":[{"href":"https:\/\/imagazine.it\/home_desk\/wp-json\/wp\/v2\/types\/post"}],"author":[{"embeddable":true,"href":"https:\/\/imagazine.it\/home_desk\/wp-json\/wp\/v2\/users\/28"}],"replies":[{"embeddable":true,"href":"https:\/\/imagazine.it\/home_desk\/wp-json\/wp\/v2\/comments?post=16962"}],"version-history":[{"count":0,"href":"https:\/\/imagazine.it\/home_desk\/wp-json\/wp\/v2\/posts\/16962\/revisions"}],"wp:featuredmedia":[{"embeddable":true,"href":"https:\/\/imagazine.it\/home_desk\/wp-json\/wp\/v2\/media\/16963"}],"wp:attachment":[{"href":"https:\/\/imagazine.it\/home_desk\/wp-json\/wp\/v2\/media?parent=16962"}],"wp:term":[{"taxonomy":"category","embeddable":true,"href":"https:\/\/imagazine.it\/home_desk\/wp-json\/wp\/v2\/categories?post=16962"},{"taxonomy":"post_tag","embeddable":true,"href":"https:\/\/imagazine.it\/home_desk\/wp-json\/wp\/v2\/tags?post=16962"}],"curies":[{"name":"wp","href":"https:\/\/api.w.org\/{rel}","templated":true}]}}