{"id":16943,"date":"2015-05-27T00:00:00","date_gmt":"2015-05-26T23:00:00","guid":{"rendered":"https:\/\/imagazine.it\/?p=16943"},"modified":"2015-05-27T00:00:00","modified_gmt":"2015-05-26T23:00:00","slug":"nasce-a-palmanova-il-centro-commerciale-naturale","status":"publish","type":"post","link":"https:\/\/imagazine.it\/home_desk\/nasce-a-palmanova-il-centro-commerciale-naturale\/","title":{"rendered":"Nasce a Palmanova il Centro Commerciale Naturale"},"content":{"rendered":"<p style=\"text-align: justify;\" class=\"ui-droppable\"> \t\u00abChiedo a tutte le entit\u00e0 economiche presenti sul territorio (commercianti, esercenti, professionisti, artigiani, societ\u00e0 di servizi \u00a0come banche, assicurazioni, Proloco, associazioni di categoria) di contribuire con 360 euro all\u2019anno\u00a0 &#8211; il costo di\u00a0un caff\u00e8 al giorno\u00a0&#8211; per finanziare una nuova entit\u00e0 associativa che si chiamer\u00e0 <em>Centro Commerciale Naturale \u201cCitt\u00e0 da Vivere\u201d<\/em>, che incorporer\u00e0 l\u2019attuale associazione \u201cPalmanova Attivit\u00e0 Economiche\u201d alla quale il Comune \u00e8 disposto ad assegnare ulteriori risorse per 10\/15 mila euro. Cos\u00ec facendo si potrebbe creare una struttura dedicata con una sede ufficiale presso il Comune, con una dipendente part time selezionata in grado di rispondere alle nuove esigenze che la gestione del Centro Commerciale Naturale richieder\u00e0. In citt\u00e0 le entit\u00e0 economiche alle quali \u00e8 in corso di distribuzione l\u2019opuscolo che spiega l\u2019iniziativa sono oltre 250: l\u2019adesione del 50% potrebbe portare a grandi risultati per il futuro di questa citt\u00e0\u00bb.\u00a0Parole e proposte del sindaco di Palmanova, <strong>Francesco Martines<\/strong>.<\/p>\n<p style=\"text-align: justify;\" class=\"ui-droppable\"> \tCollegare il tessuto culturale a quello turistico e commerciale, spostare le persone dai centri commerciali e rivitalizzare il centro cittadino, mantenendo e alimentando un legame con le realt\u00e0 che lo vivono: da queste finalit\u00e0 nasce il\u00a0progetto illustrato dal primo cittadino e che verr\u00e0 ufficialmente presentato nel mese di giugno<strong>. <\/strong>L\u2019iniziativa prevede la realizzazione di un polo commerciale e di servizi integrato nel centro storico cittadino, che faccia della fortezza non pi\u00f9 soltanto un crocevia geografico sulle principali direttrici viarie della regione, ma un baricentro capace di attrarre nuovi clienti e turisti.<\/p>\n<p style=\"text-align: justify;\" class=\"ui-droppable\"> \t\u00abSi tratta di un progetto strategico per Palmanova \u2013 commenta Martines \u2013 che mira a fare sistema tra amministrazione, commercianti, operatori dell\u2019accoglienza e ad accrescere la collaborazione tra pubblico e privato. L\u2019intento \u00e8 quello di creare un\u2019identit\u00e0 attraente e opportunit\u00e0 concrete alla citt\u00e0 stellata, potenziando l\u2019offerta in termini commerciali, di servizio, culturali e di intrattenimento rispetto alla concorrenza dei grandi centri commerciali. Con l\u2019obiettivo di vendere all\u2019esterno il marchio Palmanova\u00bb.<\/p>\n<p style=\"text-align: justify;\" class=\"ui-droppable\"> \tIl progetto, sul quale si stanno investendo 110 mila euro, si sviluppa su tre linee d\u2019intervento: la formazione degli operatori commerciali, la realizzazione di un\u2019immagine coordinata della Citt\u00e0 stellata come strumento di informazione e comunicazione per promuovere l\u2019incoming commerciale e turistico e la realizzazione di una infrastruttura digitale di wi-fi a supporto della promozione della citt\u00e0: rete wi-fi su tutta la Piazza Grande e sui tre borghi con connessione gratuita a Internet, lo sviluppo di un sito internet bilingue (italiano-inglese) del progetto con canali social dedicati e un\u2019App per smartphone con servizi per i cittadini e i turisti; il tutto abbinato all\u2019installazione di totem multimediali e a una piattaforma per la realt\u00e0 aumentata, ovvero la possibilit\u00e0 per turisti e cittadini di ottenere informazioni multimediali in\u00a0tempo reale\u00a0durante la visita alla citt\u00e0 stellata.<\/p>\n<p style=\"text-align: justify;\" class=\"ui-droppable\"> \tGli interessati che intendono cogliere l\u2019opportunit\u00e0 di essere parte attiva di questo progetto integrato potranno consegnare la propria adesione in Comune, direttamente agli assessori e ai dipendenti della Polizia Municipale che in questi giorni consegneranno la brochure esplicativa. Per ricevere ulteriori e maggiori informazioni sul progetto \u00e8 possibile rivolgersi all\u2019Ufficio Attivit\u00e0 produttive del Comune &#8211; persona di riferimento dottoressa <strong>Paola Trinco<\/strong> -, chiamare al 0432 922120 oppure al 373 7317517 o parlare con il sindaco e l\u2019assessore <strong>Massimo Agnese<\/strong>.<\/p>\n","protected":false},"excerpt":{"rendered":"<p>Investimento da 110 mila euro<\/p>\n","protected":false},"author":28,"featured_media":0,"comment_status":"closed","ping_status":"closed","sticky":false,"template":"","format":"standard","meta":{"dwc-title":[],"dwc-content":[],"footnotes":""},"categories":[5],"tags":[],"class_list":["post-16943","post","type-post","status-publish","format-standard","hentry","category-attualita"],"rttpg_featured_image_url":null,"rttpg_author":{"display_name":"redazione","author_link":"https:\/\/imagazine.it\/home_desk\/author\/redazione\/"},"rttpg_comment":0,"rttpg_category":"<a href=\"https:\/\/imagazine.it\/home_desk\/category\/attualita\/\" rel=\"category tag\">ATTUALIT\u00c0<\/a>","rttpg_excerpt":"Investimento da 110 mila euro","_links":{"self":[{"href":"https:\/\/imagazine.it\/home_desk\/wp-json\/wp\/v2\/posts\/16943","targetHints":{"allow":["GET"]}}],"collection":[{"href":"https:\/\/imagazine.it\/home_desk\/wp-json\/wp\/v2\/posts"}],"about":[{"href":"https:\/\/imagazine.it\/home_desk\/wp-json\/wp\/v2\/types\/post"}],"author":[{"embeddable":true,"href":"https:\/\/imagazine.it\/home_desk\/wp-json\/wp\/v2\/users\/28"}],"replies":[{"embeddable":true,"href":"https:\/\/imagazine.it\/home_desk\/wp-json\/wp\/v2\/comments?post=16943"}],"version-history":[{"count":0,"href":"https:\/\/imagazine.it\/home_desk\/wp-json\/wp\/v2\/posts\/16943\/revisions"}],"wp:attachment":[{"href":"https:\/\/imagazine.it\/home_desk\/wp-json\/wp\/v2\/media?parent=16943"}],"wp:term":[{"taxonomy":"category","embeddable":true,"href":"https:\/\/imagazine.it\/home_desk\/wp-json\/wp\/v2\/categories?post=16943"},{"taxonomy":"post_tag","embeddable":true,"href":"https:\/\/imagazine.it\/home_desk\/wp-json\/wp\/v2\/tags?post=16943"}],"curies":[{"name":"wp","href":"https:\/\/api.w.org\/{rel}","templated":true}]}}