{"id":16937,"date":"2015-05-26T00:00:00","date_gmt":"2015-05-25T23:00:00","guid":{"rendered":"https:\/\/imagazine.it\/?p=16937"},"modified":"2015-05-26T00:00:00","modified_gmt":"2015-05-25T23:00:00","slug":"premio-villalta-scelti-i-tre-finalisti","status":"publish","type":"post","link":"https:\/\/imagazine.it\/home_desk\/premio-villalta-scelti-i-tre-finalisti\/","title":{"rendered":"Premio Villalta, scelti i tre finalisti"},"content":{"rendered":"<p style=\"text-align: justify;\" class=\"ui-droppable\"> \tSono <strong>Franco Buffoni<\/strong> per <strong><em>Jucci <\/em><\/strong>(Mondadori), <strong>Fabio Pusterla<\/strong> con <strong><em>Arg\u00e8man<\/em><\/strong> (Marcos y Marcos) e<strong> Giulia Rusconi<\/strong> con il volume di versi <strong><em>Suite per una notte<\/em><\/strong> (Collana Gialla LietoColle-pordenonelegge) i finalisti della terza edizione del Premio di Poesia Castello di Villalta che si aprir\u00e0 domenica 31 maggio alle 18.30 nella cornice del Castello di Villalta, per giungere a conclusione domenica 18 ottobre con la premiazione del vincitore. Il volume di Franco <strong>Buffoni<\/strong> apre una prospettiva di intensa interrogazione sui sentimenti e sulle emozioni della giovinezza, alla luce di una consapevole distanza e di una pi\u00f9 definita identit\u00e0; Fabio <strong>Pusterla<\/strong> si caratterizza come autore attento ai fatti di ogni giorno, dalle grandi catastrofi naturali ai temi della politica come a quelli dell&#8217;esistenza, con una cifra linguistica limpida e profonda; Giulia <strong>Rusconi<\/strong>, rivelazione della giovane poesia gi\u00e0 segnalata alla prima edizione del premio, che conferma l&#8217;originale ispirazione a dire un presente attraversato da mille impulsi, da desideri intensi e da dolori inafferrabili, nel tentativo di comporre nelle parole ci\u00f2 che resta scomposto e \u201cincurabile\u201d nella vita.\u00a0 \u00a0\u00a0<\/p>\n<p style=\"text-align: justify;\" class=\"ui-droppable\"> \tMa c\u2019\u00e8 un\u2019ulteriore novit\u00e0 in questa edizione 2014 del Premio Villalta Poesia: il Comitato Promotore del premio &#8211; composto da Pierluigi Cappello, Furio Honsell, Marzio Strassoldo, Gian Mario Villalta, con la Presidenza di Marina Gelmi di Caporiacco &#8211; ha deciso di rendere autonoma la sezione dedicata ai giovani, permettendo a una giuria formata da poeti della nuova generazione di scegliere i libri che, secondo il loro giudizio, sono stati i migliori tra quelli editi a firma degli under 40 nell&#8217;arco di tempo che va dal maggio 2014 alla fine di aprile del 2015. E la giuria, composta da\u00a0 Roberto Cescon, Azzurra D\u2019Agostino, Tommaso Di Dio, Masimo Gezzi e Franca Mancinelli (Presidente Gian Mario Villalta, con funzione di coordinamento) presenter\u00e0 una terna finalista il prossimo 6 settembre 2015. Da quei nomi sar\u00e0 espresso il vincitore del Premio Castello di Villalta Poesia Giovani. \u00abD\u2019altra parte il Premio di Poesia Castello di Villalta &#8211; spiega il curatore Gian Mario Villalta &#8211; pu\u00f2 gi\u00e0 vantare un curriculum di rilievo, non solo per la qualit\u00e0 dei libri premiati nei due anni precedenti, ma per il lavoro di promozione della poesia e soprattutto di quella che, sempre pi\u00f9 valida, producono le nuove generazioni\u00bb.<\/p>\n<p style=\"text-align: justify;\" class=\"ui-droppable\"> \tSar\u00e0 compito invece della Giuria composta da <strong>Antonella Anedda, Alberto Bertoni, Antonio Riccardi e Roberto Galaverni <\/strong>e<strong> Gian Mario Villalta<\/strong> guidare le letture e le conversazioni che domenica prossima si intrecceranno al Castello di Villalta, presentando gli autori finalisti dell\u2019edizione 2015: sar\u00e0 un momento di riflessione sulla poesia contemporanea, l\u2019occasione per \u00a0condividere le parole della poesia e il piacere di stare insieme. Nel corso dell\u2019incontro <strong>Franco Buffoni<\/strong>, <strong>Fabio Pusterla<\/strong> e <strong>Giulia Rusconi<\/strong> racconteranno la loro esperienza e leggeranno le loro poesie, ma soprattutto saranno chiamati a tracciare insieme alla giuria e agli ospiti che desiderano partecipare, l&#8217;orizzonte della parola nella poesia del presente.<\/p>\n<p style=\"text-align: justify;\" class=\"ui-droppable\"> \t<strong>Info: <\/strong><a href=\"http:\/\/www.castellodivillaltapoesia.com\" target=\"_blank\" rel=\"noopener\">www.castellodivillaltapoesia.com<\/a><\/p>\n","protected":false},"excerpt":{"rendered":"<p>Domenica al via l&#8217;evento di poesia<\/p>\n","protected":false},"author":28,"featured_media":16938,"comment_status":"closed","ping_status":"closed","sticky":false,"template":"","format":"standard","meta":{"dwc-title":[],"dwc-content":[],"footnotes":""},"categories":[37],"tags":[],"class_list":["post-16937","post","type-post","status-publish","format-standard","has-post-thumbnail","hentry","category-cultura-e-spettacolo"],"rttpg_featured_image_url":{"full":["https:\/\/imagazine.it\/wp-content\/uploads\/2024\/01\/10140-1.webp",461,300,false],"landscape":["https:\/\/imagazine.it\/wp-content\/uploads\/2024\/01\/10140-1.webp",461,300,false],"portraits":["https:\/\/imagazine.it\/wp-content\/uploads\/2024\/01\/10140-1.webp",461,300,false],"thumbnail":["https:\/\/imagazine.it\/wp-content\/uploads\/2024\/01\/10140-1-150x150.webp",150,150,true],"medium":["https:\/\/imagazine.it\/wp-content\/uploads\/2024\/01\/10140-1-300x195.webp",300,195,true],"large":["https:\/\/imagazine.it\/wp-content\/uploads\/2024\/01\/10140-1.webp",461,300,false],"thumblist":["https:\/\/imagazine.it\/wp-content\/uploads\/2024\/01\/10140-1.webp",300,195,false],"thumbrelated":["https:\/\/imagazine.it\/wp-content\/uploads\/2024\/01\/10140-1.webp",461,300,false],"meccarouselthumb":["https:\/\/imagazine.it\/wp-content\/uploads\/2024\/01\/10140-1.webp",461,300,false],"gridsquare":["https:\/\/imagazine.it\/wp-content\/uploads\/2024\/01\/10140-1.webp",391,254,false],"tileview":["https:\/\/imagazine.it\/wp-content\/uploads\/2024\/01\/10140-1.webp",300,195,false],"1536x1536":["https:\/\/imagazine.it\/wp-content\/uploads\/2024\/01\/10140-1.webp",461,300,false],"2048x2048":["https:\/\/imagazine.it\/wp-content\/uploads\/2024\/01\/10140-1.webp",461,300,false],"newsup-slider-full":["https:\/\/imagazine.it\/wp-content\/uploads\/2024\/01\/10140-1.webp",461,300,false],"newsup-featured":["https:\/\/imagazine.it\/wp-content\/uploads\/2024\/01\/10140-1.webp",461,300,false],"newsup-medium":["https:\/\/imagazine.it\/wp-content\/uploads\/2024\/01\/10140-1.webp",461,300,false],"tptn_thumbnail":["https:\/\/imagazine.it\/wp-content\/uploads\/2024\/01\/10140-1.webp",250,163,false],"sow-carousel-default":["https:\/\/imagazine.it\/wp-content\/uploads\/2024\/01\/10140-1-272x182.webp",272,182,true]},"rttpg_author":{"display_name":"redazione","author_link":"https:\/\/imagazine.it\/home_desk\/author\/redazione\/"},"rttpg_comment":0,"rttpg_category":"<a href=\"https:\/\/imagazine.it\/home_desk\/category\/cultura-e-spettacolo\/\" rel=\"category tag\">CULTURA&amp;SPETTACOLO<\/a>","rttpg_excerpt":"Domenica al via l'evento di poesia","_links":{"self":[{"href":"https:\/\/imagazine.it\/home_desk\/wp-json\/wp\/v2\/posts\/16937","targetHints":{"allow":["GET"]}}],"collection":[{"href":"https:\/\/imagazine.it\/home_desk\/wp-json\/wp\/v2\/posts"}],"about":[{"href":"https:\/\/imagazine.it\/home_desk\/wp-json\/wp\/v2\/types\/post"}],"author":[{"embeddable":true,"href":"https:\/\/imagazine.it\/home_desk\/wp-json\/wp\/v2\/users\/28"}],"replies":[{"embeddable":true,"href":"https:\/\/imagazine.it\/home_desk\/wp-json\/wp\/v2\/comments?post=16937"}],"version-history":[{"count":0,"href":"https:\/\/imagazine.it\/home_desk\/wp-json\/wp\/v2\/posts\/16937\/revisions"}],"wp:featuredmedia":[{"embeddable":true,"href":"https:\/\/imagazine.it\/home_desk\/wp-json\/wp\/v2\/media\/16938"}],"wp:attachment":[{"href":"https:\/\/imagazine.it\/home_desk\/wp-json\/wp\/v2\/media?parent=16937"}],"wp:term":[{"taxonomy":"category","embeddable":true,"href":"https:\/\/imagazine.it\/home_desk\/wp-json\/wp\/v2\/categories?post=16937"},{"taxonomy":"post_tag","embeddable":true,"href":"https:\/\/imagazine.it\/home_desk\/wp-json\/wp\/v2\/tags?post=16937"}],"curies":[{"name":"wp","href":"https:\/\/api.w.org\/{rel}","templated":true}]}}