{"id":16927,"date":"2015-05-25T00:00:00","date_gmt":"2015-05-24T23:00:00","guid":{"rendered":"https:\/\/imagazine.it\/?p=16927"},"modified":"2015-05-25T00:00:00","modified_gmt":"2015-05-24T23:00:00","slug":"calcio-tapogliano-in-festa-per-i-50-anni-del-torre","status":"publish","type":"post","link":"https:\/\/imagazine.it\/home_desk\/calcio-tapogliano-in-festa-per-i-50-anni-del-torre\/","title":{"rendered":"Calcio, Tapogliano in festa per i 50 anni del Torre"},"content":{"rendered":"<p style=\"text-align: justify;\" class=\"ui-droppable\"> \tCinquant\u2019anni fa un manipolo di amici fondava l\u2019AC Tapogliano. Oggi questa associazione \u00e8 un piccolo fiore all&#8217;occhiello del panorama calcistico della Bassa friulana, grazie al Torre, vera e unica bandiera di Campolongo Tapogliano. L&#8217;eredit\u00e0 di tutto questo lavoro e tutta questa passione oggi parla chiaro: la prima squadra si \u00e8 confermata per la terza volta consecutiva in Seconda categoria (risultato mai raggiunto in passato), il settore giovanile grazie alla collaborazione con Aquileia, Terzo e Villa Vicentina, sta dando i suoi frutti con una copertura totale di tutte le squadre provinciali e regionali, dai pulcini fino ad arrivare agli allievi.<\/p>\n<p style=\"text-align: justify;\" class=\"ui-droppable\"> \tTutto questo verr\u00e0 rappresentato in una serie di iniziative che avranno luogo a partire dal 29 maggio alle ore 20,\u00a0quando nel Palazzo del Comune verr\u00e0 organizzato un convegno su \u201cIl calcio dilettanti nel periodo della crisi\u201d. Interverranno il presidente dell&#8217;ASD Torre TC <strong>Mauro Savioni<\/strong>, il sindaco di Campolongo Tapogliano <strong>Cristina Masutto<\/strong>, l&#8217;assessore provinciale allo Sport <strong>Beppino Govetto<\/strong>, l&#8217;assessore regionale <strong>Diego Moretti<\/strong>, il vicepresidente della FIGC regionale <strong>Dionisio Zorat<\/strong>, il presidente della FIGC regionale <strong>Gianni Toffoletto<\/strong> e il presidente del CONI regionale <strong>Giorgio Brandolin<\/strong>.<\/p>\n<p style=\"text-align: justify;\" class=\"ui-droppable\"> \tAl termine della serata verranno premiati tutti gli ex presidenti del Torre.<\/p>\n<p style=\"text-align: justify;\" class=\"ui-droppable\"> \tIl 30 maggio sar\u00e0 la volta dell&#8217;amarcord: sul campo sportivo a Tapogliano ci sar\u00e0 una serata dedicata a tutti gli ex Torre. Si inizier\u00e0 alle ore 17 con il III <em>Torneo G. Folla<\/em> (indimenticato presidente rossobl\u00f9),\u00a0triangolare categoria Giovanissimi tra le squadre del settore giovanile unificato. Alle ore 19. 30 scenderanno in campo il Torre 2014-15 contro le ALL STARS. Al termine della partita verranno premiati tutti gli allenatori vincenti, verr\u00e0 premiata la squadra del 50\u00b0 e verr\u00e0 eletto il giocatore del 50\u00b0. La serata verr\u00e0 allietata da dj Flo e sar\u00e0 il momento per ricordare le gesta di tutte le leggende rossobl\u00f9: Comar, Folla, Gregorat, Cozzi, Di Giusto, Braida, Francescon, Tomasin, Pecorari, Tarlao, Zorat, Zanolla, Dilena, Sponton, Girotto, Grigollo, Macuglia, Bertossi, Ronch, Cian,\u00a0Pitton, Cumin, Bazzeo, Aizza, Pastanella, Cecchin, Lepre, Blasich, solo alcuni dei tanti\u00a0che hanno lavorato e giocato per il Torre.\u00a0\u00a0<\/p>\n<p style=\"text-align: justify;\" class=\"ui-droppable\"> \tLe celebrazioni ma proseguiranno anche il 3 e 4 giugno, quando sul campo sportivo a Tapogliano si svolger\u00e0 il XXIV <em>Torneo F. Dean<\/em> categoria Pulcini. Novit\u00e0 di quest&#8217;anno la <em>Coppa Fair play<\/em> consegnata\u00a0alla squadra che si sar\u00e0 comportata meglio in campo nei confronti degli avversari e dell&#8217;arbitro, o a un giocatore, allenatore o genitore per un gesto di fair play.<\/p>\n<p style=\"text-align: justify;\" class=\"ui-droppable\"> \tDurante tutte le manifestazioni nell&#8217;atrio del Comune di Campolongo Tapogliano sar\u00e0 possibile visitare la mostra fotografica\u00a0di\u00a0<strong>Livio Avian<\/strong>: <em>50 anni di Torre<\/em>.\u00a0<\/p>\n","protected":false},"excerpt":{"rendered":"<p>Convegni, mostre e tornei sportivi<\/p>\n","protected":false},"author":22,"featured_media":16928,"comment_status":"closed","ping_status":"closed","sticky":false,"template":"","format":"standard","meta":{"dwc-title":[],"dwc-content":[],"footnotes":""},"categories":[38],"tags":[],"class_list":["post-16927","post","type-post","status-publish","format-standard","has-post-thumbnail","hentry","category-sport"],"rttpg_featured_image_url":{"full":["https:\/\/imagazine.it\/wp-content\/uploads\/2024\/01\/10126-1.webp",400,300,false],"landscape":["https:\/\/imagazine.it\/wp-content\/uploads\/2024\/01\/10126-1.webp",400,300,false],"portraits":["https:\/\/imagazine.it\/wp-content\/uploads\/2024\/01\/10126-1.webp",400,300,false],"thumbnail":["https:\/\/imagazine.it\/wp-content\/uploads\/2024\/01\/10126-1-150x150.webp",150,150,true],"medium":["https:\/\/imagazine.it\/wp-content\/uploads\/2024\/01\/10126-1-300x225.webp",300,225,true],"large":["https:\/\/imagazine.it\/wp-content\/uploads\/2024\/01\/10126-1.webp",400,300,false],"thumblist":["https:\/\/imagazine.it\/wp-content\/uploads\/2024\/01\/10126-1.webp",300,225,false],"thumbrelated":["https:\/\/imagazine.it\/wp-content\/uploads\/2024\/01\/10126-1.webp",400,300,false],"meccarouselthumb":["https:\/\/imagazine.it\/wp-content\/uploads\/2024\/01\/10126-1.webp",400,300,false],"gridsquare":["https:\/\/imagazine.it\/wp-content\/uploads\/2024\/01\/10126-1.webp",347,260,false],"tileview":["https:\/\/imagazine.it\/wp-content\/uploads\/2024\/01\/10126-1.webp",300,225,false],"1536x1536":["https:\/\/imagazine.it\/wp-content\/uploads\/2024\/01\/10126-1.webp",400,300,false],"2048x2048":["https:\/\/imagazine.it\/wp-content\/uploads\/2024\/01\/10126-1.webp",400,300,false],"newsup-slider-full":["https:\/\/imagazine.it\/wp-content\/uploads\/2024\/01\/10126-1.webp",400,300,false],"newsup-featured":["https:\/\/imagazine.it\/wp-content\/uploads\/2024\/01\/10126-1.webp",400,300,false],"newsup-medium":["https:\/\/imagazine.it\/wp-content\/uploads\/2024\/01\/10126-1.webp",400,300,false],"tptn_thumbnail":["https:\/\/imagazine.it\/wp-content\/uploads\/2024\/01\/10126-1.webp",250,188,false],"sow-carousel-default":["https:\/\/imagazine.it\/wp-content\/uploads\/2024\/01\/10126-1-272x182.webp",272,182,true]},"rttpg_author":{"display_name":"Livio Nonis","author_link":"https:\/\/imagazine.it\/home_desk\/author\/nonis\/"},"rttpg_comment":0,"rttpg_category":"<a href=\"https:\/\/imagazine.it\/home_desk\/category\/sport\/\" rel=\"category tag\">SPORT<\/a>","rttpg_excerpt":"Convegni, mostre e tornei sportivi","_links":{"self":[{"href":"https:\/\/imagazine.it\/home_desk\/wp-json\/wp\/v2\/posts\/16927","targetHints":{"allow":["GET"]}}],"collection":[{"href":"https:\/\/imagazine.it\/home_desk\/wp-json\/wp\/v2\/posts"}],"about":[{"href":"https:\/\/imagazine.it\/home_desk\/wp-json\/wp\/v2\/types\/post"}],"author":[{"embeddable":true,"href":"https:\/\/imagazine.it\/home_desk\/wp-json\/wp\/v2\/users\/22"}],"replies":[{"embeddable":true,"href":"https:\/\/imagazine.it\/home_desk\/wp-json\/wp\/v2\/comments?post=16927"}],"version-history":[{"count":0,"href":"https:\/\/imagazine.it\/home_desk\/wp-json\/wp\/v2\/posts\/16927\/revisions"}],"wp:featuredmedia":[{"embeddable":true,"href":"https:\/\/imagazine.it\/home_desk\/wp-json\/wp\/v2\/media\/16928"}],"wp:attachment":[{"href":"https:\/\/imagazine.it\/home_desk\/wp-json\/wp\/v2\/media?parent=16927"}],"wp:term":[{"taxonomy":"category","embeddable":true,"href":"https:\/\/imagazine.it\/home_desk\/wp-json\/wp\/v2\/categories?post=16927"},{"taxonomy":"post_tag","embeddable":true,"href":"https:\/\/imagazine.it\/home_desk\/wp-json\/wp\/v2\/tags?post=16927"}],"curies":[{"name":"wp","href":"https:\/\/api.w.org\/{rel}","templated":true}]}}