{"id":16923,"date":"2015-05-22T00:00:00","date_gmt":"2015-05-21T23:00:00","guid":{"rendered":"https:\/\/imagazine.it\/?p=16923"},"modified":"2015-05-22T00:00:00","modified_gmt":"2015-05-21T23:00:00","slug":"ritorna-il-premio-trio-di-trieste","status":"publish","type":"post","link":"https:\/\/imagazine.it\/home_desk\/ritorna-il-premio-trio-di-trieste\/","title":{"rendered":"Ritorna il Premio &#8220;Trio di Trieste&#8221;"},"content":{"rendered":"<p style=\"text-align: justify;\" class=\"ui-droppable\"> \tSi apre <strong>domenica 24 maggio<\/strong> la <strong>XVI edizione del Concorso internazionale \u201cPremio Trio di Trieste\u201d, <\/strong>curato e promosso dall\u2019Associazione <strong>Chamber Music<\/strong> per la direzione artistica di <strong>Fedra Florit<\/strong>. Un Premio che annovera ad oggi la partecipazione di circa 600 complessi, per oltre 1.300 musicisti provenienti da Paesi di tutto il mondo.<\/p>\n<p style=\"text-align: justify;\" class=\"ui-droppable\"> \tIl Premio si aprir\u00e0 con la prima selezione elaborata su visione dvd, affidata alla giuria composta quest\u2019anno da prestigiosi musicisti internazionali: la violoncellista\u00a0 <strong>Silvia Chiesa,<\/strong> il pianista canadese <strong>Chia Chiou, <\/strong>il pianista russo<strong> Pavel Gililov, <\/strong>il compositore\u00a0 <strong>Alessandro Solbiati <\/strong>(delegato dal Conservatorio di Trieste), il violinista tedesco <strong>Ulf Schneider<\/strong>, il violinista <strong>Alberto Martini <\/strong>(presidente di giuria)<strong>, <\/strong>la violista lituana <strong>Ula Ulijona.<\/strong> <strong>Sono ben 37<\/strong>, provenienti da una ventina di Paesi di tutto il mondo, i gruppi ammessi all\u2019edizione 2015, dedicata al Duo pianoforte e violino, al Duo pianoforte e viola e al Duo pianoforte e violoncello, per un totale di 74 giovani musicisti. Ai vincitori sar\u00e0 assegnata la Medaglia del Presidente della Repubblica, concessa quale riconoscimento all\u2019attivit\u00e0 prestigiosa dell\u2019Associazione e sar\u00e0 offerta la Targa d\u2019argento del Senato, oltre a una serie di concerti in Italia, Europa e USA e a un premio in denaro. Il Concorso si avvale del contributo del Ministero per i Beni e le Attivit\u00e0 Culturali, della Regione, della collaborazione con la RAI-FVG e Rai 3 nazionale, del Patrocinio della Provincia, del Comune di Trieste e della CCIAA di Trieste, oltre che della sponsorizzazione di Assicurazioni Generali, Fondazione CRTrieste, Fondazione Casali, Samer &#038; Co. Shipping. Domenica 24 maggio verranno selezionati 12 gruppi che passeranno alla prova \u2018live\u2019 in programma a Trieste dal 5 al 7 e settembre. Luned\u00ec 7 settembre sar\u00e0 in programma la prova finale, in due fasi, cui far\u00e0 seguito il concerto dei 3 Duo finalisti, nella Sala Ridotto del Teatro Verdi di Trieste. Dopo questo concerto (che prevede l&#8217;esecuzione di musiche di Brahms) la giuria assegner\u00e0 in diretta i remi in palio.<\/p>\n<p style=\"text-align: justify;\" class=\"ui-droppable\"> \tI premi si pongono al livello dei maggiori concorsi internazionali: \u20ac 9.000,00 il primo premio (pi\u00f9 una serie di 12 concerti in Italia, e 10 all\u2019estero in Austria, Ungheria, Svizzera, Belgio, Olanda, U.S.A. e la registrazione di un CD\/DVD a cura di Limen Music), \u20ac 4.000,00 il secondo e \u20ac 3.000,00 il terzo. Verranno anche assegnati lo Young Award da parte di una giuria di studenti del Conservatorio e il premio del pubblico, votato dai presenti durante il concerto conclusivo di luned\u00ec 7 settembre.<\/p>\n","protected":false},"excerpt":{"rendered":"<p>Al via il concorso internazionale<\/p>\n","protected":false},"author":28,"featured_media":16924,"comment_status":"closed","ping_status":"closed","sticky":false,"template":"","format":"standard","meta":{"dwc-title":[],"dwc-content":[],"footnotes":""},"categories":[37],"tags":[],"class_list":["post-16923","post","type-post","status-publish","format-standard","has-post-thumbnail","hentry","category-cultura-e-spettacolo"],"rttpg_featured_image_url":{"full":["https:\/\/imagazine.it\/wp-content\/uploads\/2024\/01\/10122-1.webp",720,480,false],"landscape":["https:\/\/imagazine.it\/wp-content\/uploads\/2024\/01\/10122-1.webp",720,480,false],"portraits":["https:\/\/imagazine.it\/wp-content\/uploads\/2024\/01\/10122-1.webp",720,480,false],"thumbnail":["https:\/\/imagazine.it\/wp-content\/uploads\/2024\/01\/10122-1-150x150.webp",150,150,true],"medium":["https:\/\/imagazine.it\/wp-content\/uploads\/2024\/01\/10122-1-300x200.webp",300,200,true],"large":["https:\/\/imagazine.it\/wp-content\/uploads\/2024\/01\/10122-1.webp",640,427,false],"thumblist":["https:\/\/imagazine.it\/wp-content\/uploads\/2024\/01\/10122-1.webp",300,200,false],"thumbrelated":["https:\/\/imagazine.it\/wp-content\/uploads\/2024\/01\/10122-1.webp",500,333,false],"meccarouselthumb":["https:\/\/imagazine.it\/wp-content\/uploads\/2024\/01\/10122-1.webp",474,316,false],"gridsquare":["https:\/\/imagazine.it\/wp-content\/uploads\/2024\/01\/10122-1.webp",391,260,false],"tileview":["https:\/\/imagazine.it\/wp-content\/uploads\/2024\/01\/10122-1.webp",300,200,false],"1536x1536":["https:\/\/imagazine.it\/wp-content\/uploads\/2024\/01\/10122-1.webp",720,480,false],"2048x2048":["https:\/\/imagazine.it\/wp-content\/uploads\/2024\/01\/10122-1.webp",720,480,false],"newsup-slider-full":["https:\/\/imagazine.it\/wp-content\/uploads\/2024\/01\/10122-1.webp",720,480,false],"newsup-featured":["https:\/\/imagazine.it\/wp-content\/uploads\/2024\/01\/10122-1.webp",720,480,false],"newsup-medium":["https:\/\/imagazine.it\/wp-content\/uploads\/2024\/01\/10122-1-720x380.webp",720,380,true],"tptn_thumbnail":["https:\/\/imagazine.it\/wp-content\/uploads\/2024\/01\/10122-1.webp",250,167,false],"sow-carousel-default":["https:\/\/imagazine.it\/wp-content\/uploads\/2024\/01\/10122-1-272x182.webp",272,182,true]},"rttpg_author":{"display_name":"redazione","author_link":"https:\/\/imagazine.it\/home_desk\/author\/redazione\/"},"rttpg_comment":0,"rttpg_category":"<a href=\"https:\/\/imagazine.it\/home_desk\/category\/cultura-e-spettacolo\/\" rel=\"category tag\">CULTURA&amp;SPETTACOLO<\/a>","rttpg_excerpt":"Al via il concorso internazionale","_links":{"self":[{"href":"https:\/\/imagazine.it\/home_desk\/wp-json\/wp\/v2\/posts\/16923","targetHints":{"allow":["GET"]}}],"collection":[{"href":"https:\/\/imagazine.it\/home_desk\/wp-json\/wp\/v2\/posts"}],"about":[{"href":"https:\/\/imagazine.it\/home_desk\/wp-json\/wp\/v2\/types\/post"}],"author":[{"embeddable":true,"href":"https:\/\/imagazine.it\/home_desk\/wp-json\/wp\/v2\/users\/28"}],"replies":[{"embeddable":true,"href":"https:\/\/imagazine.it\/home_desk\/wp-json\/wp\/v2\/comments?post=16923"}],"version-history":[{"count":0,"href":"https:\/\/imagazine.it\/home_desk\/wp-json\/wp\/v2\/posts\/16923\/revisions"}],"wp:featuredmedia":[{"embeddable":true,"href":"https:\/\/imagazine.it\/home_desk\/wp-json\/wp\/v2\/media\/16924"}],"wp:attachment":[{"href":"https:\/\/imagazine.it\/home_desk\/wp-json\/wp\/v2\/media?parent=16923"}],"wp:term":[{"taxonomy":"category","embeddable":true,"href":"https:\/\/imagazine.it\/home_desk\/wp-json\/wp\/v2\/categories?post=16923"},{"taxonomy":"post_tag","embeddable":true,"href":"https:\/\/imagazine.it\/home_desk\/wp-json\/wp\/v2\/tags?post=16923"}],"curies":[{"name":"wp","href":"https:\/\/api.w.org\/{rel}","templated":true}]}}