{"id":16911,"date":"2015-05-20T00:00:00","date_gmt":"2015-05-19T23:00:00","guid":{"rendered":"https:\/\/imagazine.it\/?p=16911"},"modified":"2015-05-20T00:00:00","modified_gmt":"2015-05-19T23:00:00","slug":"nuovi-manager-per-i-centri-commerciali-naturali","status":"publish","type":"post","link":"https:\/\/imagazine.it\/home_desk\/nuovi-manager-per-i-centri-commerciali-naturali\/","title":{"rendered":"Nuovi manager per i centri commerciali naturali"},"content":{"rendered":"<p class=\"ui-droppable\" style=\"text-align: justify;\"> \tCi vogliono\u00a0manager pronti alle sfide future che attendono il rilancio dei centri storici e delle attivit\u00e0 della piccola impresa commerciale,\u00a0formati\u00a0adeguatamente e con una\u00a0preparazione specifica\u00a0per gestire e far funzionare i\u00a0<strong>Centri commerciali naturali (Ccn)<\/strong>, \u201cgallerie\u201d di attivit\u00e0 economiche che nel cuore di molti centri d\u2019Italia e d\u2019Europa stanno diventando strumento vincente per dar loro nuovo impulso e vitalit\u00e0.\u00a0In regione, ed \u00e8 la prima volta, ci sono oggi queste nuove figure, per la precisione 21:\u00a0giovani laureati in materie economiche\u00a0all\u2019ateneo udinese e\u00a0professionisti con esperienza nella gestione e realizzazione di eventi. Hanno\u00a0frequentato il corso di formazione che Camera di Commercio di Udine\u00a0e\u00a0Confcommercio Udine, in collaborazione con l\u2019Universit\u00e0, hanno organizzato nell\u2019ambito del progetto\u00a0Friuli Future Forum\u00a0(Fff) e in particolare delle attivit\u00e0 che il programma d\u2019innovazione della Cciaa udinese ha studiato e realizzato assieme alle categorie economiche.\u00a0<\/p>\n<\/p>\n<p class=\"ui-droppable\" style=\"text-align: justify;\"> \tUna rappresentanza\u00a0dei\u00a0primi 21 manager \u201cmade in Fvg\u201d\u00a0ha ricevuto gli attestati, stamattina, nella sede udinese della Regione, alla presenza dell\u2019assessore regionale\u00a0<strong>Mariagrazia Santoro<\/strong>, della vicepresidente Cciaa\u00a0<strong>Clara Maddalena<\/strong>, assieme a\u00a0<strong>Caterina Segat<\/strong>, vicedirettore di Confcommercio Udine, e\u00a0<strong>Domenico Fumi<\/strong>, direttore di Terziaria Cat Udine.\u00a0<\/p>\n<p class=\"ui-droppable\" style=\"text-align: justify;\"> \t\u00abLa valorizzazione dei centri storici \u2013 commenta\u00a0<strong>Santoro<\/strong>\u00a0\u2013 \u00e8 una delle opportunit\u00e0 pi\u00f9 preziose su cui il nostro Paese deve puntare per riagganciare la crescita economica a partire dal tessuto imprenditoriale locale e dal turismo. Ci sono due leve per attivare questa tendenza: una \u00e8 la creazione di una rete evoluta e specializzata di attivit\u00e0 commerciali, con il supporto di figure professionali innovative come quelle che presentiamo oggi; l\u2019altra \u00e8 il recupero del patrimonio immobiliare che identifica il centro storico, frenando al contempo l\u2019espansione delle aree commerciali extra urbane e il consumo di suolo. Sono gli obiettivi perseguiti dalla Regione con la legge per il riuso, che consente il recupero del residenziale, e con il blocco dell\u2019ulteriore espansione dei grandi centri commerciali\u00bb.\u00a0<\/p>\n<p class=\"ui-droppable\" style=\"text-align: justify;\"> \tConfcommercio Udine \u00e8 sin dall\u2019inizio protagonista dell\u2019innovazione dei Ccn. Di fatto l\u2019idea, poi concretizzata con la legge regionale 11 del 2011, \u00e8 nata dall\u2019associazione. Poi, tramite il suo centro di assistenza tecnica, Terziaria Cat Udine, Confcommercio ha collaborato in varie forme, dirette e indirette, alle realizzazione di Ccn nel capoluogo friulano, e pure a San Daniele, Cividale, Latisana, Gemona, Tolmezzo, Lignano e Palmanova. \u00abI\u00a0<em>town center manager<\/em>\u00a0\u2013 precisa\u00a0<strong>Maddalena<\/strong>\u00a0\u2013 sono un passaggio decisivo per verificare le effettive potenzialit\u00e0 di rilancio dei Ccn delle nostre citt\u00e0. La collaborazione tra il Friuli Future Forum della nostra Cciaa e Confcommercio \u00e8 gi\u00e0 un risultato. Dobbiamo incentivare visioni di sistema per promuovere un intenso lavoro di squadra con imprese categorie economiche per supportarle nell\u2019immaginare, approfondire e progettare nuove idee per lo sviluppo dell\u2019economia locale, in tutti i settori\u00bb.\u00a0<\/p>\n<p class=\"ui-droppable\" style=\"text-align: justify;\"> \t\u00abGli eventi \u2013 aggiunge\u00a0<strong>Sara Fantini<\/strong>, presidente provinciale Confcommercio Federeventi, che peraltro ha partecipato al percorso formativo di FFF \u2013 saranno il volano per lo sviluppo dei Ccn. Il corso \u00e8 stato dunque un\u2019opportunit\u00e0 per aumentare la professionalit\u00e0 in un ruolo, quello di presidente di Federeventi, che incrocia questo nuovo modo, decisamente innovativo, di fare commercio nei centri storici. L&#39;aspetto fondamentale del corso \u00e8 stato il confronto con professionisti al lavoro in Ccn che gi\u00e0 funzionano al meglio\u00bb.\u00a0<\/p>\n<p class=\"ui-droppable\" style=\"text-align: justify;\"> \tGli attestati sono stati consegnati a\u00a0<strong>Donatella Arnaldi, Stefano Beltramini, Rita Bragatto, Maria Cecilia Camino, Stefania Cavuoto, Manuele Ceschia, Michele Della Mea, Sara Fantini, Rosella Lovato, Loredana Macor, Francesco Maffia, Alessia Menotti, Anna Pantanali, Giulia Pillinini, Lina Pividori, Cristina Pozzo, Annalisa Stella, Silvio Trevisani, Antonietta Tulisso, Enrico Zamparutti, Valentina Zilli<\/strong>.<\/p>\n","protected":false},"excerpt":{"rendered":"<p>Corso realizzato da Cciaa, Confcommercio e Universit\u00e0<\/p>\n","protected":false},"author":28,"featured_media":16912,"comment_status":"closed","ping_status":"closed","sticky":false,"template":"","format":"standard","meta":{"dwc-title":[],"dwc-content":[],"footnotes":""},"categories":[5],"tags":[],"class_list":["post-16911","post","type-post","status-publish","format-standard","has-post-thumbnail","hentry","category-attualita"],"rttpg_featured_image_url":{"full":["https:\/\/imagazine.it\/wp-content\/uploads\/2024\/01\/10098-1.webp",592,400,false],"landscape":["https:\/\/imagazine.it\/wp-content\/uploads\/2024\/01\/10098-1.webp",592,400,false],"portraits":["https:\/\/imagazine.it\/wp-content\/uploads\/2024\/01\/10098-1.webp",592,400,false],"thumbnail":["https:\/\/imagazine.it\/wp-content\/uploads\/2024\/01\/10098-1-150x150.webp",150,150,true],"medium":["https:\/\/imagazine.it\/wp-content\/uploads\/2024\/01\/10098-1-300x203.webp",300,203,true],"large":["https:\/\/imagazine.it\/wp-content\/uploads\/2024\/01\/10098-1.webp",592,400,false],"thumblist":["https:\/\/imagazine.it\/wp-content\/uploads\/2024\/01\/10098-1.webp",300,203,false],"thumbrelated":["https:\/\/imagazine.it\/wp-content\/uploads\/2024\/01\/10098-1.webp",500,338,false],"meccarouselthumb":["https:\/\/imagazine.it\/wp-content\/uploads\/2024\/01\/10098-1.webp",474,320,false],"gridsquare":["https:\/\/imagazine.it\/wp-content\/uploads\/2024\/01\/10098-1.webp",385,260,false],"tileview":["https:\/\/imagazine.it\/wp-content\/uploads\/2024\/01\/10098-1.webp",300,203,false],"1536x1536":["https:\/\/imagazine.it\/wp-content\/uploads\/2024\/01\/10098-1.webp",592,400,false],"2048x2048":["https:\/\/imagazine.it\/wp-content\/uploads\/2024\/01\/10098-1.webp",592,400,false],"newsup-slider-full":["https:\/\/imagazine.it\/wp-content\/uploads\/2024\/01\/10098-1.webp",592,400,false],"newsup-featured":["https:\/\/imagazine.it\/wp-content\/uploads\/2024\/01\/10098-1.webp",592,400,false],"newsup-medium":["https:\/\/imagazine.it\/wp-content\/uploads\/2024\/01\/10098-1-592x380.webp",592,380,true],"tptn_thumbnail":["https:\/\/imagazine.it\/wp-content\/uploads\/2024\/01\/10098-1.webp",250,169,false],"sow-carousel-default":["https:\/\/imagazine.it\/wp-content\/uploads\/2024\/01\/10098-1-272x182.webp",272,182,true]},"rttpg_author":{"display_name":"redazione","author_link":"https:\/\/imagazine.it\/home_desk\/author\/redazione\/"},"rttpg_comment":0,"rttpg_category":"<a href=\"https:\/\/imagazine.it\/home_desk\/category\/attualita\/\" rel=\"category tag\">ATTUALIT\u00c0<\/a>","rttpg_excerpt":"Corso realizzato da Cciaa, Confcommercio e Universit\u00e0","_links":{"self":[{"href":"https:\/\/imagazine.it\/home_desk\/wp-json\/wp\/v2\/posts\/16911","targetHints":{"allow":["GET"]}}],"collection":[{"href":"https:\/\/imagazine.it\/home_desk\/wp-json\/wp\/v2\/posts"}],"about":[{"href":"https:\/\/imagazine.it\/home_desk\/wp-json\/wp\/v2\/types\/post"}],"author":[{"embeddable":true,"href":"https:\/\/imagazine.it\/home_desk\/wp-json\/wp\/v2\/users\/28"}],"replies":[{"embeddable":true,"href":"https:\/\/imagazine.it\/home_desk\/wp-json\/wp\/v2\/comments?post=16911"}],"version-history":[{"count":0,"href":"https:\/\/imagazine.it\/home_desk\/wp-json\/wp\/v2\/posts\/16911\/revisions"}],"wp:featuredmedia":[{"embeddable":true,"href":"https:\/\/imagazine.it\/home_desk\/wp-json\/wp\/v2\/media\/16912"}],"wp:attachment":[{"href":"https:\/\/imagazine.it\/home_desk\/wp-json\/wp\/v2\/media?parent=16911"}],"wp:term":[{"taxonomy":"category","embeddable":true,"href":"https:\/\/imagazine.it\/home_desk\/wp-json\/wp\/v2\/categories?post=16911"},{"taxonomy":"post_tag","embeddable":true,"href":"https:\/\/imagazine.it\/home_desk\/wp-json\/wp\/v2\/tags?post=16911"}],"curies":[{"name":"wp","href":"https:\/\/api.w.org\/{rel}","templated":true}]}}