{"id":16909,"date":"2015-05-20T00:00:00","date_gmt":"2015-05-19T23:00:00","guid":{"rendered":"https:\/\/imagazine.it\/?p=16909"},"modified":"2015-05-20T00:00:00","modified_gmt":"2015-05-19T23:00:00","slug":"trieste-annullo-filatelico-dedicato-al-faro-della-vittoria","status":"publish","type":"post","link":"https:\/\/imagazine.it\/home_desk\/trieste-annullo-filatelico-dedicato-al-faro-della-vittoria\/","title":{"rendered":"Trieste, annullo filatelico dedicato al Faro della Vittoria"},"content":{"rendered":"<p style=\"text-align: justify;\" class=\"ui-droppable\"> \tIn occasione del centenario dell\u2019entrata dell\u2019Italia nella prima guerra mondiale, la Provincia di Trieste, nell\u2019ambito delle iniziative di valorizzazione del patrimonio storico architettonico e artistico del territorio, ha organizzato uno speciale annullo filatelico dedicato al Faro della Vittoria, monumento commemorativo dei caduti della Marina militare italiana nel 1915-18 inaugurato proprio il 24 maggio del 1927 da re Vittorio Emanuele.<\/p>\n<p style=\"text-align: justify;\" class=\"ui-droppable\"> \tL\u2019iniziativa si svolge in collaborazione con il Comando Zona Fari di Venezia, l\u2019Associazione Marinai d\u2019Italia e il sostegno della societ\u00e0 Tripmare. \u201cDomenica 24 maggio saranno a disposizione dei cittadini mille cartoline raffiguranti un\u2019immagine storica del Faro presente nella Fototeca dei Civici Musei di Trieste \u2013 ha spiegato <strong>Maria Teresa Bassa Poropat<\/strong>,\u00a0 presidente della Provincia di Trieste e assessore alla cultura \u2013\u00a0 nel corso di un\u2019apertura straordinaria del sito, prevista dalle 9 alle 14\u201d.<\/p>\n<p style=\"text-align: justify;\" class=\"ui-droppable\"> \tUna postazione di Poste Italiane, allestita per l\u2019occasione, sar\u00e0 presente nell\u2019area antistante all\u2019ingresso della struttura. Per prendere la cartolina con il timbro commemorativo ideato, \u00e8 necessario, come sempre per gli annulli,\u00a0 acquistare sul posto il francobollo. Domenica mattina sar\u00e0 possibile visitare la torre con le consuete modalit\u00e0 legate alla sicurezza e cio\u00e8 a gruppi di dieci persone alla volta e fino a un massimo di duecento visitatori complessivi. Il Faro della Vittoria come di consueto resta aperto nel normale orario di apertura anche nel pomeriggio di sabato 23 a partire dalle 16 (alle 15 l\u2019ingresso \u00e8 riservato ad un gruppo su prenotazione) e domenica 24 dalle 15 alle 19. (ultimo accesso \u00e8 alle 18.30).<\/p>\n","protected":false},"excerpt":{"rendered":"<p>Evento speciale domenica 24 maggio<\/p>\n","protected":false},"author":28,"featured_media":16910,"comment_status":"closed","ping_status":"closed","sticky":false,"template":"","format":"standard","meta":{"dwc-title":[],"dwc-content":[],"footnotes":""},"categories":[5],"tags":[],"class_list":["post-16909","post","type-post","status-publish","format-standard","has-post-thumbnail","hentry","category-attualita"],"rttpg_featured_image_url":{"full":["https:\/\/imagazine.it\/wp-content\/uploads\/2024\/01\/10097-1.webp",366,366,false],"landscape":["https:\/\/imagazine.it\/wp-content\/uploads\/2024\/01\/10097-1.webp",366,366,false],"portraits":["https:\/\/imagazine.it\/wp-content\/uploads\/2024\/01\/10097-1.webp",366,366,false],"thumbnail":["https:\/\/imagazine.it\/wp-content\/uploads\/2024\/01\/10097-1-150x150.webp",150,150,true],"medium":["https:\/\/imagazine.it\/wp-content\/uploads\/2024\/01\/10097-1-300x300.webp",300,300,true],"large":["https:\/\/imagazine.it\/wp-content\/uploads\/2024\/01\/10097-1.webp",366,366,false],"thumblist":["https:\/\/imagazine.it\/wp-content\/uploads\/2024\/01\/10097-1.webp",300,300,false],"thumbrelated":["https:\/\/imagazine.it\/wp-content\/uploads\/2024\/01\/10097-1.webp",366,366,false],"meccarouselthumb":["https:\/\/imagazine.it\/wp-content\/uploads\/2024\/01\/10097-1.webp",324,324,false],"gridsquare":["https:\/\/imagazine.it\/wp-content\/uploads\/2024\/01\/10097-1.webp",260,260,false],"tileview":["https:\/\/imagazine.it\/wp-content\/uploads\/2024\/01\/10097-1.webp",300,300,false],"1536x1536":["https:\/\/imagazine.it\/wp-content\/uploads\/2024\/01\/10097-1.webp",366,366,false],"2048x2048":["https:\/\/imagazine.it\/wp-content\/uploads\/2024\/01\/10097-1.webp",366,366,false],"newsup-slider-full":["https:\/\/imagazine.it\/wp-content\/uploads\/2024\/01\/10097-1.webp",366,366,false],"newsup-featured":["https:\/\/imagazine.it\/wp-content\/uploads\/2024\/01\/10097-1.webp",366,366,false],"newsup-medium":["https:\/\/imagazine.it\/wp-content\/uploads\/2024\/01\/10097-1.webp",366,366,false],"tptn_thumbnail":["https:\/\/imagazine.it\/wp-content\/uploads\/2024\/01\/10097-1.webp",210,210,false],"sow-carousel-default":["https:\/\/imagazine.it\/wp-content\/uploads\/2024\/01\/10097-1-272x182.webp",272,182,true]},"rttpg_author":{"display_name":"redazione","author_link":"https:\/\/imagazine.it\/home_desk\/author\/redazione\/"},"rttpg_comment":0,"rttpg_category":"<a href=\"https:\/\/imagazine.it\/home_desk\/category\/attualita\/\" rel=\"category tag\">ATTUALIT\u00c0<\/a>","rttpg_excerpt":"Evento speciale domenica 24 maggio","_links":{"self":[{"href":"https:\/\/imagazine.it\/home_desk\/wp-json\/wp\/v2\/posts\/16909","targetHints":{"allow":["GET"]}}],"collection":[{"href":"https:\/\/imagazine.it\/home_desk\/wp-json\/wp\/v2\/posts"}],"about":[{"href":"https:\/\/imagazine.it\/home_desk\/wp-json\/wp\/v2\/types\/post"}],"author":[{"embeddable":true,"href":"https:\/\/imagazine.it\/home_desk\/wp-json\/wp\/v2\/users\/28"}],"replies":[{"embeddable":true,"href":"https:\/\/imagazine.it\/home_desk\/wp-json\/wp\/v2\/comments?post=16909"}],"version-history":[{"count":0,"href":"https:\/\/imagazine.it\/home_desk\/wp-json\/wp\/v2\/posts\/16909\/revisions"}],"wp:featuredmedia":[{"embeddable":true,"href":"https:\/\/imagazine.it\/home_desk\/wp-json\/wp\/v2\/media\/16910"}],"wp:attachment":[{"href":"https:\/\/imagazine.it\/home_desk\/wp-json\/wp\/v2\/media?parent=16909"}],"wp:term":[{"taxonomy":"category","embeddable":true,"href":"https:\/\/imagazine.it\/home_desk\/wp-json\/wp\/v2\/categories?post=16909"},{"taxonomy":"post_tag","embeddable":true,"href":"https:\/\/imagazine.it\/home_desk\/wp-json\/wp\/v2\/tags?post=16909"}],"curies":[{"name":"wp","href":"https:\/\/api.w.org\/{rel}","templated":true}]}}