{"id":16905,"date":"2015-05-20T00:00:00","date_gmt":"2015-05-19T23:00:00","guid":{"rendered":"https:\/\/imagazine.it\/?p=16905"},"modified":"2015-05-20T00:00:00","modified_gmt":"2015-05-19T23:00:00","slug":"la-primavera-della-lingua-friulana","status":"publish","type":"post","link":"https:\/\/imagazine.it\/home_desk\/la-primavera-della-lingua-friulana\/","title":{"rendered":"La primavera della lingua friulana"},"content":{"rendered":"<p class=\"ui-droppable\" style=\"text-align: justify;\"> \tSono due gli appuntamenti della settimana con\u00a0<strong>Fu\u0302rxFur, il progetto\u00a0finanziato dall\u2019ARLeF (Agenzia Regionale per la Lingua Friulana) e realizzato dalla Cooperativa Informazione Friulana\u00a0<\/strong>per\u00a0promuovere la lingua friulana come strumento di comunicazione in\u00a0manifestazioni ed eventi di carattere trasversale: dalle rassegne culturali a\u00a0quelle dedicate alla musica dal vivo o all\u2019enogastronomia.<\/p>\n<\/p>\n<p class=\"ui-droppable\" style=\"text-align: justify;\"> \tPer\u00a0la\u00a0<strong>Fieste\u00a0de Viarte<\/strong>,\u00a0domani dalle 16alle 18, dall\u2019Enoteca di Cormons <strong>Mauro Missana<\/strong> ed <strong>Enrico Turloni<\/strong> condurranno la\u00a0<strong>diretta di Radio Onde Furlane<\/strong>. Numerosi gli ospiti in scaletta, tra cui autorit\u00e0 locali ma anche espositori, produttori e artisti che anticiperanno temi e appuntamenti della rassegna in programma nei cortili di Cormons\u00a0<strong>domenica<\/strong>\u00a0<strong>24\u00a0<\/strong>maggio. Proprio domenica a partire\u00a0<strong>dalle 15.30,\u00a0\u00a0 <\/strong>F\u00fbrxFur entra nel vivo di<strong> Musike Fuarte<\/strong>, rassegna di Musica di Confine che non conosce confini linguistici e di generi musicali, portando sul palco\u00a0<strong>Hard Lemonade<\/strong>, band composta da musicisti triestini e friulani\u00a0che unisce surf e rockabilly;\u00a0<strong>Lestofantje<\/strong>, nato dal trio dei Popotniki e due schegge degli Arbe Garbe, armati di fisarmoniche, bombardini, trombe e percussioni;\u00a0<strong>Zio Volvo<\/strong>, personaggio di culto che col viso nascosto da una maschera usa voce chitarra e batteria;\u00a0<strong>Aldo Sbadiglio e\u00a0la Famiglia Ananas\u00a0in Vacanza a Dresda<\/strong>,\u00a0miscela esplosiva di rock, pop, folk, r&#39;n&#39;b con testi ironici e surreali in friulano, italiano e schegge di inglese e sloveno.\u00a0Dj set di\u00a0<strong>Frank Pinazza<\/strong>, un gradito ritorno alla Fieste da Viarte.<\/p>\n<\/p>\n<p class=\"ui-droppable\" style=\"text-align: justify;\"> \t<strong>Venerd\u00ec 22<\/strong>\u00a0maggio\u00a0F\u00fbrxFur anima invece il palco di <strong>Sapori Pro Loco, a Villa Manin. Alle 20.30 il concerto\u00a0\u201cTiere di sav\u00f4rs, Tiere di musiche\u201d\u00a0<\/strong>presenta noti protagonisti della creativit\u00e0 musicale \u201cmade in Fri\u00fbl\u201d. Ad esibirsi saranno i\u00a0<strong>Luna e Un Quarto,\u00a0<\/strong>band\u00a0di Muzzana del Turgnano che con la sua miscela di rock, folk, musiche dal mondo e canzone d&#39;autore si \u00e8 fatta apprezzare sia in Friuli che altrove e\u00a0<strong>Muchacho Much Love,\u00a0<\/strong>nuovo progetto musicale di Luca D\u2019Angela, gi\u00e0 voce e frontman dei Jonokogn\u00f2s, una delle formazioni pi\u00f9 interessanti della &#39;Gnove Musiche Furlane&#39;. L&#39;intrattenimento della serata \u00e8 affidato ai\u00a0<strong>Cjastrons<\/strong>, i tre speakers, animatori radiofonici e multimediali lanciati nell&#39;etere proprio da Radio Onde Furlane.<\/p>\n<p class=\"ui-droppable\" style=\"text-align: justify;\"> \t<strong>Sabato 23<\/strong>, dalle 10 alle 12, Missana e Turloni saranno nuovamente al microfono, in diretta radio con i protagonisti di Sapori Pro Loco per raccontare dal vivo la quattordicesima edizione della festa dei sapori regionali. In occasione delle due manifestazioni, l\u2019ARLeF e F\u00fbrxFur saranno presenti con uno stand per la distribuzione di gadgets e materiali promozionali.<\/p>\n","protected":false},"excerpt":{"rendered":"<p>Progetto &#8220;Fu\u0302rxFur&#8221; dell&#8217;ARLeF<\/p>\n","protected":false},"author":28,"featured_media":16906,"comment_status":"closed","ping_status":"closed","sticky":false,"template":"","format":"standard","meta":{"dwc-title":[],"dwc-content":[],"footnotes":""},"categories":[37],"tags":[],"class_list":["post-16905","post","type-post","status-publish","format-standard","has-post-thumbnail","hentry","category-cultura-e-spettacolo"],"rttpg_featured_image_url":{"full":["https:\/\/imagazine.it\/wp-content\/uploads\/2024\/01\/10088-1.webp",598,400,false],"landscape":["https:\/\/imagazine.it\/wp-content\/uploads\/2024\/01\/10088-1.webp",598,400,false],"portraits":["https:\/\/imagazine.it\/wp-content\/uploads\/2024\/01\/10088-1.webp",598,400,false],"thumbnail":["https:\/\/imagazine.it\/wp-content\/uploads\/2024\/01\/10088-1-150x150.webp",150,150,true],"medium":["https:\/\/imagazine.it\/wp-content\/uploads\/2024\/01\/10088-1-300x201.webp",300,201,true],"large":["https:\/\/imagazine.it\/wp-content\/uploads\/2024\/01\/10088-1.webp",598,400,false],"thumblist":["https:\/\/imagazine.it\/wp-content\/uploads\/2024\/01\/10088-1.webp",300,201,false],"thumbrelated":["https:\/\/imagazine.it\/wp-content\/uploads\/2024\/01\/10088-1.webp",500,334,false],"meccarouselthumb":["https:\/\/imagazine.it\/wp-content\/uploads\/2024\/01\/10088-1.webp",474,317,false],"gridsquare":["https:\/\/imagazine.it\/wp-content\/uploads\/2024\/01\/10088-1.webp",389,260,false],"tileview":["https:\/\/imagazine.it\/wp-content\/uploads\/2024\/01\/10088-1.webp",300,201,false],"1536x1536":["https:\/\/imagazine.it\/wp-content\/uploads\/2024\/01\/10088-1.webp",598,400,false],"2048x2048":["https:\/\/imagazine.it\/wp-content\/uploads\/2024\/01\/10088-1.webp",598,400,false],"newsup-slider-full":["https:\/\/imagazine.it\/wp-content\/uploads\/2024\/01\/10088-1.webp",598,400,false],"newsup-featured":["https:\/\/imagazine.it\/wp-content\/uploads\/2024\/01\/10088-1.webp",598,400,false],"newsup-medium":["https:\/\/imagazine.it\/wp-content\/uploads\/2024\/01\/10088-1-598x380.webp",598,380,true],"tptn_thumbnail":["https:\/\/imagazine.it\/wp-content\/uploads\/2024\/01\/10088-1.webp",250,167,false],"sow-carousel-default":["https:\/\/imagazine.it\/wp-content\/uploads\/2024\/01\/10088-1-272x182.webp",272,182,true]},"rttpg_author":{"display_name":"redazione","author_link":"https:\/\/imagazine.it\/home_desk\/author\/redazione\/"},"rttpg_comment":0,"rttpg_category":"<a href=\"https:\/\/imagazine.it\/home_desk\/category\/cultura-e-spettacolo\/\" rel=\"category tag\">CULTURA&amp;SPETTACOLO<\/a>","rttpg_excerpt":"Progetto \"Fu\u0302rxFur\" dell'ARLeF","_links":{"self":[{"href":"https:\/\/imagazine.it\/home_desk\/wp-json\/wp\/v2\/posts\/16905","targetHints":{"allow":["GET"]}}],"collection":[{"href":"https:\/\/imagazine.it\/home_desk\/wp-json\/wp\/v2\/posts"}],"about":[{"href":"https:\/\/imagazine.it\/home_desk\/wp-json\/wp\/v2\/types\/post"}],"author":[{"embeddable":true,"href":"https:\/\/imagazine.it\/home_desk\/wp-json\/wp\/v2\/users\/28"}],"replies":[{"embeddable":true,"href":"https:\/\/imagazine.it\/home_desk\/wp-json\/wp\/v2\/comments?post=16905"}],"version-history":[{"count":0,"href":"https:\/\/imagazine.it\/home_desk\/wp-json\/wp\/v2\/posts\/16905\/revisions"}],"wp:featuredmedia":[{"embeddable":true,"href":"https:\/\/imagazine.it\/home_desk\/wp-json\/wp\/v2\/media\/16906"}],"wp:attachment":[{"href":"https:\/\/imagazine.it\/home_desk\/wp-json\/wp\/v2\/media?parent=16905"}],"wp:term":[{"taxonomy":"category","embeddable":true,"href":"https:\/\/imagazine.it\/home_desk\/wp-json\/wp\/v2\/categories?post=16905"},{"taxonomy":"post_tag","embeddable":true,"href":"https:\/\/imagazine.it\/home_desk\/wp-json\/wp\/v2\/tags?post=16905"}],"curies":[{"name":"wp","href":"https:\/\/api.w.org\/{rel}","templated":true}]}}