{"id":16895,"date":"2015-05-18T00:00:00","date_gmt":"2015-05-17T23:00:00","guid":{"rendered":"https:\/\/imagazine.it\/?p=16895"},"modified":"2015-05-18T00:00:00","modified_gmt":"2015-05-17T23:00:00","slug":"sapori-pro-loco-esordio-boom","status":"publish","type":"post","link":"https:\/\/imagazine.it\/home_desk\/sapori-pro-loco-esordio-boom\/","title":{"rendered":"Sapori Pro Loco, esordio boom"},"content":{"rendered":"<p style=\"text-align: justify;\" class=\"ui-droppable\"> \tInizio record per Sapori Pro Loco, la grande vetrina dell\u2019enogastronomia del Friuli Venezia Giulia a Villa Manin: tra sabato e domenica oltre 30 mila persone hanno degustato i 107 piatti proposti da 43 Pro Loco provenienti da tutte le zone del Friuli Venezia Giulia. \u201cSabato sera &#8211; ha dichiarato <strong>Valter Pezzarini<\/strong>, presidente del Comitato del Friuli Venezia Giulia dell\u2019Unione nazionale Pro loco d\u2019Italia &#8211; alcune Pro Loco hanno dovuto fare un secondo rifornimento per far fronte alle richieste, mentre i visitatori hanno iniziato ad arrivare ancora prima che fossero aperti i chioschi, rimanendo poi fino a tarda notte. Non solo: nella giornata di domenica sono giunti gruppi in corriera da fuori regione, a testimoniare il grande richiamo turistico che ha la nostra manifestazione. I segreti del nostro successo? I piatti hanno al massimo un costo di 4,50 euro, propongono sapori tradizionali e possiamo contare sull\u2019impegno e passione di 1.200 volontari che rendono possibile questo vero e proprio tour della regione non solo enogastronomico ma anche turistico, visto che mettiamo in mostra anche il materiale promozionale degli altri eventi e sagre che le Pro Loco organizzano sul territorio nel resto dell\u2019anno\u201d.<\/p>\n<p style=\"text-align: justify;\" class=\"ui-droppable\"> \tPezzarini, a nome del Comitato rappresentato anche dal vicepresidente <strong>Antonio Tesolin<\/strong> e dal consigliere nazionale Unpli <strong>Marco Specia<\/strong>, ha ricordato il prezioso impegno di partner istituzionali e sponsor presenti all\u2019inaugurazione ufficiale con taglio del nastro svoltasi nella mattinata del 17 maggio. Sul palco di Sapori Pro Loco si \u00e8 idealmente svolto il passaggio di consegne come assessore regionale dell\u2019agricoltura tra\u00a0 il vicepresidente del Friuli Venezia Giulia <strong>Sergio Bolzonello<\/strong> e <strong>Cristiano Shaurli<\/strong>. Il primo ha lodato ancora una volta il valore centrale della manifestazione nella proposta turistica regionale che trova in Villa Manin il suo luogo naturale, mentre il secondo alla prima uscita pubblica nel nuovo incarico ha sottolineato l\u2019importanza del lavoro di squadra che le Pro Loco sanno fare, unit\u00e0 da consolidare anche in agricoltura.<\/p>\n<p style=\"text-align: justify;\" class=\"ui-droppable\"> \t<strong>Piero Colussi<\/strong>, sovrintendente dell\u2019Azienda speciale Villa Manin, ha annunciato, grazie all\u2019assegnazione di fondi regionali per oltre 3 milioni di euro, l\u2019avvio dei lavori di ammodernamento della Villa e del corpo delle esedre, con novit\u00e0 anche dal punto di vista logistico per ospitare al meglio gli stand di Sapori Pro Loco (tra le anticipazioni anche una mostra su Mir\u00f2 nel prossimo autunno). Lavori che gestir\u00e0 il Comune di Codroipo, con il sindaco <strong>Fabio Marchetti<\/strong> che ha definito Sapori Pro Loco l\u2019Expo del Friuli Venezia Giulia. Ringraziamenti anche alla Fondazione Crup per il sostegno, presente il presidente <strong>Lionello D\u2019Agostini<\/strong>, al vicepresidente del Consiglio regionale del Friuli Venezia Giulia <strong>Paride Cargnelutti<\/strong> e al consigliere comunale <strong>Vittorino Boem<\/strong>, mentre <strong>Fabrizio Pitton<\/strong> quale presidente del consiglio della Provincia di Udine ha detto grazie alle Pro Loco che ogni giorno lavorano a favore del territorio. <strong>Sonia Venerus<\/strong> responsabile dell\u2019Ersa, anche a nome del direttore <strong>Paolo Stefanelli<\/strong>, ha ricordato la collaborazione con Sapori Pro Loco con incontri specifici sui vari prodotti tipici e nuovi che potrebbero trovare in Friuli Venezia Giulia un ambiente ideale (per esempio il carciofo). <strong>Giuseppe Morandini<\/strong>, presidente della Cassa di Risparmio del Friuli Venezia Giulia, ha dichiarato come Sapori Pro Loco abbia un potere terapeutico, permettendo di dimenticare tutti i problemi e godersi il meglio della nostra terra. Infine anche un passaggio sui fondi comunitari per la promozione territoriale, con l\u2019europarlamentare <strong>Isabella De Monte<\/strong> che ha detto come Sapori Pro Loco aiuti a creare ancora di pi\u00f9 l\u2019Europa dei popoli. Durante la cerimonia di inaugurazione i presenti sono stati allietati dalla Banda civica Citt\u00e0 di Grado diretta dal maestro <strong>Nevio Lestuzzi<\/strong> (in collaborazione con l\u2019Anbima Fvg).<\/p>\n<p style=\"text-align: justify;\" class=\"ui-droppable\"> \tLa giornata ha visto anche numerosi eventi collaterali, dalle gite in carrozza nel parco di Villa Manin (aperte anche le mostre in corso) con l\u2019Afac all\u2019esposizione delle fragole regionali con la Pro Loco di Faedis, dai giochi di una volta alla conferenza dell\u2019Istituto regionale per il Patrimonio culturale del Friuli Venezia Giulia sulla cultura del vino da Aquileia fino ai giorni nostri, oltre al citato incontro dell\u2019Ersa sui frutti della Carnia insieme a Crita e Comunit\u00e0 montana, l\u2019esposizione artistica del Circolo culturale artistico Quadrivium e lo spettacolo finale con le anticipazioni del festival <em>Percoto canta<\/em> insieme alla comicit\u00e0 de I Trigeminus. Sapori Pro Loco riprender\u00e0 venerd\u00ec 22 maggio: programma completo sul sito web\u00a0<a href=\"http:\/\/www.prolocoregionefvg.it\/\" target=\"_blank\" rel=\"noopener\">www.prolocoregionefvg.it<\/a>\u00a0e sui social network seguendo l\u2019hashtag #SaporiProLoco.\u00a0<\/p>\n","protected":false},"excerpt":{"rendered":"<p>Guarda le foto on line!<\/p>\n","protected":false},"author":28,"featured_media":16896,"comment_status":"closed","ping_status":"closed","sticky":false,"template":"","format":"standard","meta":{"dwc-title":[],"dwc-content":[],"footnotes":""},"categories":[8],"tags":[],"class_list":["post-16895","post","type-post","status-publish","format-standard","has-post-thumbnail","hentry","category-turismo"],"rttpg_featured_image_url":{"full":["https:\/\/imagazine.it\/wp-content\/uploads\/2024\/01\/10055-1.webp",638,400,false],"landscape":["https:\/\/imagazine.it\/wp-content\/uploads\/2024\/01\/10055-1.webp",638,400,false],"portraits":["https:\/\/imagazine.it\/wp-content\/uploads\/2024\/01\/10055-1.webp",638,400,false],"thumbnail":["https:\/\/imagazine.it\/wp-content\/uploads\/2024\/01\/10055-1-150x150.webp",150,150,true],"medium":["https:\/\/imagazine.it\/wp-content\/uploads\/2024\/01\/10055-1-300x188.webp",300,188,true],"large":["https:\/\/imagazine.it\/wp-content\/uploads\/2024\/01\/10055-1.webp",638,400,false],"thumblist":["https:\/\/imagazine.it\/wp-content\/uploads\/2024\/01\/10055-1.webp",300,188,false],"thumbrelated":["https:\/\/imagazine.it\/wp-content\/uploads\/2024\/01\/10055-1.webp",500,313,false],"meccarouselthumb":["https:\/\/imagazine.it\/wp-content\/uploads\/2024\/01\/10055-1.webp",474,297,false],"gridsquare":["https:\/\/imagazine.it\/wp-content\/uploads\/2024\/01\/10055-1.webp",391,245,false],"tileview":["https:\/\/imagazine.it\/wp-content\/uploads\/2024\/01\/10055-1.webp",300,188,false],"1536x1536":["https:\/\/imagazine.it\/wp-content\/uploads\/2024\/01\/10055-1.webp",638,400,false],"2048x2048":["https:\/\/imagazine.it\/wp-content\/uploads\/2024\/01\/10055-1.webp",638,400,false],"newsup-slider-full":["https:\/\/imagazine.it\/wp-content\/uploads\/2024\/01\/10055-1.webp",638,400,false],"newsup-featured":["https:\/\/imagazine.it\/wp-content\/uploads\/2024\/01\/10055-1.webp",638,400,false],"newsup-medium":["https:\/\/imagazine.it\/wp-content\/uploads\/2024\/01\/10055-1-638x380.webp",638,380,true],"tptn_thumbnail":["https:\/\/imagazine.it\/wp-content\/uploads\/2024\/01\/10055-1.webp",250,157,false],"sow-carousel-default":["https:\/\/imagazine.it\/wp-content\/uploads\/2024\/01\/10055-1-272x182.webp",272,182,true]},"rttpg_author":{"display_name":"redazione","author_link":"https:\/\/imagazine.it\/home_desk\/author\/redazione\/"},"rttpg_comment":0,"rttpg_category":"<a href=\"https:\/\/imagazine.it\/home_desk\/category\/turismo\/\" rel=\"category tag\">TURISMO<\/a>","rttpg_excerpt":"Guarda le foto on line!","_links":{"self":[{"href":"https:\/\/imagazine.it\/home_desk\/wp-json\/wp\/v2\/posts\/16895","targetHints":{"allow":["GET"]}}],"collection":[{"href":"https:\/\/imagazine.it\/home_desk\/wp-json\/wp\/v2\/posts"}],"about":[{"href":"https:\/\/imagazine.it\/home_desk\/wp-json\/wp\/v2\/types\/post"}],"author":[{"embeddable":true,"href":"https:\/\/imagazine.it\/home_desk\/wp-json\/wp\/v2\/users\/28"}],"replies":[{"embeddable":true,"href":"https:\/\/imagazine.it\/home_desk\/wp-json\/wp\/v2\/comments?post=16895"}],"version-history":[{"count":0,"href":"https:\/\/imagazine.it\/home_desk\/wp-json\/wp\/v2\/posts\/16895\/revisions"}],"wp:featuredmedia":[{"embeddable":true,"href":"https:\/\/imagazine.it\/home_desk\/wp-json\/wp\/v2\/media\/16896"}],"wp:attachment":[{"href":"https:\/\/imagazine.it\/home_desk\/wp-json\/wp\/v2\/media?parent=16895"}],"wp:term":[{"taxonomy":"category","embeddable":true,"href":"https:\/\/imagazine.it\/home_desk\/wp-json\/wp\/v2\/categories?post=16895"},{"taxonomy":"post_tag","embeddable":true,"href":"https:\/\/imagazine.it\/home_desk\/wp-json\/wp\/v2\/tags?post=16895"}],"curies":[{"name":"wp","href":"https:\/\/api.w.org\/{rel}","templated":true}]}}