{"id":16889,"date":"2015-05-18T00:00:00","date_gmt":"2015-05-17T23:00:00","guid":{"rendered":"https:\/\/imagazine.it\/?p=16889"},"modified":"2015-05-18T00:00:00","modified_gmt":"2015-05-17T23:00:00","slug":"cinema-a-trieste-cortometraggi-da-tutto-il-mondo","status":"publish","type":"post","link":"https:\/\/imagazine.it\/home_desk\/cinema-a-trieste-cortometraggi-da-tutto-il-mondo\/","title":{"rendered":"Cinema, a Trieste cortometraggi da tutto il mondo"},"content":{"rendered":"<p style=\"text-align: justify;\" class=\"ui-droppable\"> \tVengono da ogni parte del mondo gli oltre 1.300 cortometraggi che hanno partecipato alle selezioni per la XVI edizione del ShorTS International Film Festival, organizzato dall\u2019Associazione Maremetraggio, che si svolger\u00e0 a Trieste dal 2 al 10 luglio 2015.<\/p>\n<p style=\"text-align: justify;\" class=\"ui-droppable\"> \tSono 89 i cortometraggi finalisti in gara per aggiudicarsi il premio di 10.000 euro e i vari riconoscimenti in palio.<\/p>\n<p style=\"text-align: justify;\" class=\"ui-droppable\"> \tProvengono\u00a0dalla Tunisia, dalla Danimarca, dagli USA, dall\u2019Australia, dall\u2019Iraq dal Libano e naturalmente dall\u2019Italia i 79 shorts \u2013 tra le opere brevi importanti perch\u00e9 gi\u00e0 premiate in altri festival \u2013 scelti\u00a0dall\u2019associazione Maremetraggio\u00a0che\u00a0\u00a0dal 2 al 10 luglio saranno proiettati sul maxi schermo in piazza Verdi per diventare il numero uno dei cortometraggi in gara.<\/p>\n<p style=\"text-align: justify;\" class=\"ui-droppable\"> \tE selezionati anche i 10 \u201c<strong>Last chance<\/strong>\u201d\u00a0\u2013 una sezione dedicata ai cortometraggi che non hanno ancora mai ricevuto un premio \u2013 che <strong>Chiara Valenti Omero<\/strong>, presidente dell\u2019associazione Maremetraggio e direttrice artistica del festival, ha scelto, insieme ad un comitato di selezione, tra una rosa di proposte filmiche prodotte da giovani esordienti e che di diritto entrano anche loro a far parte della gara per i 10.000 euro in palio per il miglior corto del mondo.<\/p>\n<p style=\"text-align: justify;\" class=\"ui-droppable\"> \tTra i vari riconoscimenti poi, quello per il regista italiano pi\u00f9 interessante, il prestigioso premio \u201cStudio Universal\u201d, realizzato grazie al rinnovo della partnership tra Maremetraggio e Studio Universal (Mediaset Premium sul DTT) \u2013 la TV del cinema da chi fa cinema \u2013 che consiste nell\u2019acquisizione dei diritti Pay per la trasmissione televisiva al numero uno dei corti italiani, selezionato da una giuria interna al Canale.<\/p>\n<p style=\"text-align: justify;\" class=\"ui-droppable\"> \tInoltre, i premi al miglior corto d\u2019animazione, al miglior montaggio italiano assegnato dall\u2019AMC (Associazione Montatori Cinematografici) e molti altri.<\/p>\n<p style=\"text-align: justify;\" class=\"ui-droppable\"> \tTra gli 89 cortometraggi selezionati per questa XVI edizione del ShorTS International Film Festival, il vincitore agli Oscar \u201cHelium\u201d: una toccante storia tra un bambino morente ricoverato in ospedale e un inserviente del posto che gli crea, attraverso diversi racconti, un mondo immaginario dove la sofferenza non esiste e tutto \u00e8 magico e leggero come l\u2019elio.<\/p>\n<p style=\"text-align: justify;\" class=\"ui-droppable\"> \tMa anche una comica splatter story dagli USA, \u201cFool\u2019s Day\u201d, Pesce d\u2019aprile, uno scherzo fatto a un\u2019insegnante il primo aprile si trasforma per sbaglio in un omicidio con un cadavere da nascondere. Dalla Tunisia \u201cP\u00e8re\u201d: un tassista, dopo aver portato una donna nubile, incinta, in ospedale, viene accusato di essere il padre del bambino. In seguito, dopo un test di paternit\u00e0, scopre che la sua vita non \u00e8 come credeva; una profonda lezione sul perdono. E il futuro non poteva essere pi\u00f9 raccapricciante per un padre e un figlio in \u201cThe nostalgist\u201d, corto britannico dove, grazie a un innovativo sistema, la realt\u00e0 degradante e sporca pu\u00f2 essere resa pi\u00f9 bella di un paradiso, finch\u00e9 un giorno il sistema si difetta e padre e figlio si scontreranno con la dura realt\u00e0 preferendo ad essa una finta illusione. E poi ancora l\u2019atterraggio di uno strano oggetto nel campo di una fattoria americana negli anni 60 in \u201cThe Landing\u201d; la previsione metereologica che determin\u00f2 la data dello sbarco in Normandia in \u201cThe Weather Report\u201d; \u201cYo te Quiero\u201d, simpatico stop motion sull\u2019amicizia tra un cavallino e un ragazzo; e \u201cTobacco Burn\u201d sulla schiavit\u00f9 in America. Non manca all\u2019appello neanche quest\u2019anno il Friuli Venezia Giulia, grazie al regista di Sacile (Pn) Francesco Roder, laureatosi all\u2019Universit\u00e0 DAMS di Udine con il suo \u201cSnowflake\u201d girato a New York.<\/p>\n<p style=\"text-align: justify;\" class=\"ui-droppable\"> \tDiverse le novit\u00e0 in arrivo, tra cui una nuova sezione dedicata ai pi\u00f9 piccoli.<\/p>\n","protected":false},"excerpt":{"rendered":"<p>Dal 2 al 10 luglio il ShorTs Film Festival<\/p>\n","protected":false},"author":28,"featured_media":16890,"comment_status":"closed","ping_status":"closed","sticky":false,"template":"","format":"standard","meta":{"dwc-title":[],"dwc-content":[],"footnotes":""},"categories":[37],"tags":[],"class_list":["post-16889","post","type-post","status-publish","format-standard","has-post-thumbnail","hentry","category-cultura-e-spettacolo"],"rttpg_featured_image_url":{"full":["https:\/\/imagazine.it\/wp-content\/uploads\/2024\/01\/10039-1.webp",583,400,false],"landscape":["https:\/\/imagazine.it\/wp-content\/uploads\/2024\/01\/10039-1.webp",583,400,false],"portraits":["https:\/\/imagazine.it\/wp-content\/uploads\/2024\/01\/10039-1.webp",583,400,false],"thumbnail":["https:\/\/imagazine.it\/wp-content\/uploads\/2024\/01\/10039-1-150x150.webp",150,150,true],"medium":["https:\/\/imagazine.it\/wp-content\/uploads\/2024\/01\/10039-1-300x206.webp",300,206,true],"large":["https:\/\/imagazine.it\/wp-content\/uploads\/2024\/01\/10039-1.webp",583,400,false],"thumblist":["https:\/\/imagazine.it\/wp-content\/uploads\/2024\/01\/10039-1.webp",300,206,false],"thumbrelated":["https:\/\/imagazine.it\/wp-content\/uploads\/2024\/01\/10039-1.webp",500,343,false],"meccarouselthumb":["https:\/\/imagazine.it\/wp-content\/uploads\/2024\/01\/10039-1.webp",472,324,false],"gridsquare":["https:\/\/imagazine.it\/wp-content\/uploads\/2024\/01\/10039-1.webp",379,260,false],"tileview":["https:\/\/imagazine.it\/wp-content\/uploads\/2024\/01\/10039-1.webp",300,206,false],"1536x1536":["https:\/\/imagazine.it\/wp-content\/uploads\/2024\/01\/10039-1.webp",583,400,false],"2048x2048":["https:\/\/imagazine.it\/wp-content\/uploads\/2024\/01\/10039-1.webp",583,400,false],"newsup-slider-full":["https:\/\/imagazine.it\/wp-content\/uploads\/2024\/01\/10039-1.webp",583,400,false],"newsup-featured":["https:\/\/imagazine.it\/wp-content\/uploads\/2024\/01\/10039-1.webp",583,400,false],"newsup-medium":["https:\/\/imagazine.it\/wp-content\/uploads\/2024\/01\/10039-1-583x380.webp",583,380,true],"tptn_thumbnail":["https:\/\/imagazine.it\/wp-content\/uploads\/2024\/01\/10039-1.webp",250,172,false],"sow-carousel-default":["https:\/\/imagazine.it\/wp-content\/uploads\/2024\/01\/10039-1-272x182.webp",272,182,true]},"rttpg_author":{"display_name":"redazione","author_link":"https:\/\/imagazine.it\/home_desk\/author\/redazione\/"},"rttpg_comment":0,"rttpg_category":"<a href=\"https:\/\/imagazine.it\/home_desk\/category\/cultura-e-spettacolo\/\" rel=\"category tag\">CULTURA&amp;SPETTACOLO<\/a>","rttpg_excerpt":"Dal 2 al 10 luglio il ShorTs Film Festival","_links":{"self":[{"href":"https:\/\/imagazine.it\/home_desk\/wp-json\/wp\/v2\/posts\/16889","targetHints":{"allow":["GET"]}}],"collection":[{"href":"https:\/\/imagazine.it\/home_desk\/wp-json\/wp\/v2\/posts"}],"about":[{"href":"https:\/\/imagazine.it\/home_desk\/wp-json\/wp\/v2\/types\/post"}],"author":[{"embeddable":true,"href":"https:\/\/imagazine.it\/home_desk\/wp-json\/wp\/v2\/users\/28"}],"replies":[{"embeddable":true,"href":"https:\/\/imagazine.it\/home_desk\/wp-json\/wp\/v2\/comments?post=16889"}],"version-history":[{"count":0,"href":"https:\/\/imagazine.it\/home_desk\/wp-json\/wp\/v2\/posts\/16889\/revisions"}],"wp:featuredmedia":[{"embeddable":true,"href":"https:\/\/imagazine.it\/home_desk\/wp-json\/wp\/v2\/media\/16890"}],"wp:attachment":[{"href":"https:\/\/imagazine.it\/home_desk\/wp-json\/wp\/v2\/media?parent=16889"}],"wp:term":[{"taxonomy":"category","embeddable":true,"href":"https:\/\/imagazine.it\/home_desk\/wp-json\/wp\/v2\/categories?post=16889"},{"taxonomy":"post_tag","embeddable":true,"href":"https:\/\/imagazine.it\/home_desk\/wp-json\/wp\/v2\/tags?post=16889"}],"curies":[{"name":"wp","href":"https:\/\/api.w.org\/{rel}","templated":true}]}}