{"id":16876,"date":"2015-05-13T00:00:00","date_gmt":"2015-05-12T23:00:00","guid":{"rendered":"https:\/\/imagazine.it\/?p=16876"},"modified":"2015-05-13T00:00:00","modified_gmt":"2015-05-12T23:00:00","slug":"azzerare-tutto-per-ricominciare","status":"publish","type":"post","link":"https:\/\/imagazine.it\/home_desk\/azzerare-tutto-per-ricominciare\/","title":{"rendered":"Azzerare tutto. Per ricominciare"},"content":{"rendered":"<p style=\"text-align: justify;\" class=\"ui-droppable\"> \t<em>\u201cArtefatto 10_Reset\u201d<\/em> \u00e8 il titolo dell&#8217;evento di cui quest&#8217;anno ricorre il decennale e che mette in mostra l&#8217;arte, i giovani e l&#8217;Europa.<\/p>\n<p style=\"text-align: justify;\" class=\"ui-droppable\"> \tL&#8217;iniziativa \u2013 organizzata dall&#8217;Area Educazione, Scuola Universit\u00e0, Ricerca con l&#8217;Ufficio Affari Internazionali e della Cooperazione del Comune di Trieste \u2013 \u00e8 stata realizzata con l&#8217;intento di sostenere e promuovere artisti e creativi under 31 ed \u00e8 stata selezionata e cofinanziata nell&#8217;ambito del programma \u201cGiovent\u00f9 in azione\u201d della Commissione Europea col patrocinio dell&#8217;Universit\u00e0 degli Studi di Trieste. Ed \u00e8 uno dei filoni in cui trovano espressione le progettualit\u00e0 dei Poli di Aggregazione Giovanile del Comune, nonch\u00e9 laboratorio permanente che d\u00e0 vita ogni anno a una mostra internazionale e a numerosi eventi collaterali, grazie alle partnership attivate e ai circuiti del GAI (Giovani Artisti Italiani) e della BJCEM (Biennale des jeunes cr\u00e8ateurs de l&#8217;Europe et del la M\u00e8diterran\u00e8e) di cui fa parte.<\/p>\n<p style=\"text-align: justify;\" class=\"ui-droppable\"> \tIl titolo di questa edizione, RESET, significa letteralmente risistemare. Ma anche azzerare, ripristinare, ristabilire, ricominciare. Come ogni anno Artefatto affida ai giovani la scelta del tema che gli artisti devono interpretare per accedere alle selezioni e sceglie, con un voto on-line, la proposta dell\u2019immagine grafica. Quest\u2019anno il <em>concept <\/em>\u00e8 stato sviluppato dal venticinquenne <strong>Marco Castro<\/strong> e l\u2019immagine grafica \u00e8 stata ideata dal ventisettenne <strong>Denis Pitter<\/strong>.<\/p>\n<p style=\"text-align: justify;\" class=\"ui-droppable\"> \tA queste collaborazioni si \u00e8 aggiunto l\u2019apporto dei partner di progetto sloveni (Associazione per la cultura e l\u2019educazione PINA_Capodistria), croati (Fondazione per l\u2019incentivazione del partenariato e lo sviluppo della societ\u00e0 civile_Pola, Associazione Giovanile ALFA ALBONA_Albona) e austriaci (Fondazione per l\u2019educazione artistica interculturale THINC e Associazione culturale Durchblick K\u0171nstvermittlung_Salisburgo).<\/p>\n<p style=\"text-align: justify;\" class=\"ui-droppable\"> \t\u201cQuesto <em>network, <\/em>coordinato dal Comune di Trieste \u2013 ha sottolineato l&#8217;assessore all&#8217;Educazione, Scuola, Universit\u00e0 e Ricerca <strong>Antonella Grim<\/strong>, intervenuta assieme all&#8217;assessore alla Cultura, <strong>Paolo Tassinari<\/strong>\u00a0\u2013 ha consentito di allargare i confini e di accrescere la dimensione europea di <em>Artefatto<\/em>. Il calendario \u00e8 composto da numerosi eventi di arte, musica, workshop, portfolio e incontri tematici che esplorano i temi della creativit\u00e0 con particolare attenzione all&#8217;occupabilit\u00e0 in campo artistico, la visibilit\u00e0 e la mobilit\u00e0 dei giovani che partecipano e collaborano allo sviluppo dell&#8217;articolato progetto. Progetto attorno a cui ruotano pi\u00f9 di 250 giovani che saranno presenti a Trieste in occasione degli eventi inaugurali e da qui alla fine di settembre\u201d.\u00a0 \u201cLe opere degli artisti sono 85, selezionati in diversi contest \u2013 ha spiegato <strong>Susan Petri<\/strong>, tra le coordinatrici di Artefatto \u2013 e di et\u00e0 compresa fra i 18 e i 30 anni, che espongono nelle tre sezioni in cui si articola la mostra, a ingresso libero, allestite nelle sale Selva e Bobi Bazlen di Palazzo Gopcevich e in Sala Giubileo. Nell&#8217;ambito del contest fotografico sulle immagini pi\u00f9 belle di Trieste, sono state scelte e stampate anche 12 cartoline dei giovani selezionati. <strong>L&#8217;inaugurazione si terr\u00e0 venerd\u00ec 15 maggio, alla 17.30, nei pressi del Canale di Ponterosso, con l&#8217;installazione \u201cMare Nostrum\u201d di Emmanuele Panzarini\u201d.<\/strong><\/p>\n<p style=\"text-align: justify;\" class=\"ui-droppable\"> \tIl progetto e il programma possono essere scaricati da <a href=\"http:\/\/www.artefatto.info\/\" target=\"_blank\" rel=\"noopener\">www.artefatto.info<\/a> e dalla <a href=\"http:\/\/retecivica.trieste.it\" target=\"_blank\" rel=\"noopener\">retecivica.trieste.it<\/a><\/p>\n","protected":false},"excerpt":{"rendered":"<p>Decima edizione di Artefatto<\/p>\n","protected":false},"author":28,"featured_media":16877,"comment_status":"closed","ping_status":"closed","sticky":false,"template":"","format":"standard","meta":{"dwc-title":[],"dwc-content":[],"footnotes":""},"categories":[37],"tags":[],"class_list":["post-16876","post","type-post","status-publish","format-standard","has-post-thumbnail","hentry","category-cultura-e-spettacolo"],"rttpg_featured_image_url":{"full":["https:\/\/imagazine.it\/wp-content\/uploads\/2024\/01\/10012-1.webp",569,400,false],"landscape":["https:\/\/imagazine.it\/wp-content\/uploads\/2024\/01\/10012-1.webp",569,400,false],"portraits":["https:\/\/imagazine.it\/wp-content\/uploads\/2024\/01\/10012-1.webp",569,400,false],"thumbnail":["https:\/\/imagazine.it\/wp-content\/uploads\/2024\/01\/10012-1-150x150.webp",150,150,true],"medium":["https:\/\/imagazine.it\/wp-content\/uploads\/2024\/01\/10012-1-300x211.webp",300,211,true],"large":["https:\/\/imagazine.it\/wp-content\/uploads\/2024\/01\/10012-1.webp",569,400,false],"thumblist":["https:\/\/imagazine.it\/wp-content\/uploads\/2024\/01\/10012-1.webp",300,211,false],"thumbrelated":["https:\/\/imagazine.it\/wp-content\/uploads\/2024\/01\/10012-1.webp",500,351,false],"meccarouselthumb":["https:\/\/imagazine.it\/wp-content\/uploads\/2024\/01\/10012-1.webp",461,324,false],"gridsquare":["https:\/\/imagazine.it\/wp-content\/uploads\/2024\/01\/10012-1.webp",370,260,false],"tileview":["https:\/\/imagazine.it\/wp-content\/uploads\/2024\/01\/10012-1.webp",300,211,false],"1536x1536":["https:\/\/imagazine.it\/wp-content\/uploads\/2024\/01\/10012-1.webp",569,400,false],"2048x2048":["https:\/\/imagazine.it\/wp-content\/uploads\/2024\/01\/10012-1.webp",569,400,false],"newsup-slider-full":["https:\/\/imagazine.it\/wp-content\/uploads\/2024\/01\/10012-1.webp",569,400,false],"newsup-featured":["https:\/\/imagazine.it\/wp-content\/uploads\/2024\/01\/10012-1.webp",569,400,false],"newsup-medium":["https:\/\/imagazine.it\/wp-content\/uploads\/2024\/01\/10012-1-569x380.webp",569,380,true],"tptn_thumbnail":["https:\/\/imagazine.it\/wp-content\/uploads\/2024\/01\/10012-1.webp",250,176,false],"sow-carousel-default":["https:\/\/imagazine.it\/wp-content\/uploads\/2024\/01\/10012-1-272x182.webp",272,182,true]},"rttpg_author":{"display_name":"redazione","author_link":"https:\/\/imagazine.it\/home_desk\/author\/redazione\/"},"rttpg_comment":0,"rttpg_category":"<a href=\"https:\/\/imagazine.it\/home_desk\/category\/cultura-e-spettacolo\/\" rel=\"category tag\">CULTURA&amp;SPETTACOLO<\/a>","rttpg_excerpt":"Decima edizione di Artefatto","_links":{"self":[{"href":"https:\/\/imagazine.it\/home_desk\/wp-json\/wp\/v2\/posts\/16876","targetHints":{"allow":["GET"]}}],"collection":[{"href":"https:\/\/imagazine.it\/home_desk\/wp-json\/wp\/v2\/posts"}],"about":[{"href":"https:\/\/imagazine.it\/home_desk\/wp-json\/wp\/v2\/types\/post"}],"author":[{"embeddable":true,"href":"https:\/\/imagazine.it\/home_desk\/wp-json\/wp\/v2\/users\/28"}],"replies":[{"embeddable":true,"href":"https:\/\/imagazine.it\/home_desk\/wp-json\/wp\/v2\/comments?post=16876"}],"version-history":[{"count":0,"href":"https:\/\/imagazine.it\/home_desk\/wp-json\/wp\/v2\/posts\/16876\/revisions"}],"wp:featuredmedia":[{"embeddable":true,"href":"https:\/\/imagazine.it\/home_desk\/wp-json\/wp\/v2\/media\/16877"}],"wp:attachment":[{"href":"https:\/\/imagazine.it\/home_desk\/wp-json\/wp\/v2\/media?parent=16876"}],"wp:term":[{"taxonomy":"category","embeddable":true,"href":"https:\/\/imagazine.it\/home_desk\/wp-json\/wp\/v2\/categories?post=16876"},{"taxonomy":"post_tag","embeddable":true,"href":"https:\/\/imagazine.it\/home_desk\/wp-json\/wp\/v2\/tags?post=16876"}],"curies":[{"name":"wp","href":"https:\/\/api.w.org\/{rel}","templated":true}]}}