{"id":16869,"date":"2015-05-13T00:00:00","date_gmt":"2015-05-12T23:00:00","guid":{"rendered":"https:\/\/imagazine.it\/?p=16869"},"modified":"2015-05-13T00:00:00","modified_gmt":"2015-05-12T23:00:00","slug":"raccolta-di-funghi-corso-a-gorizia","status":"publish","type":"post","link":"https:\/\/imagazine.it\/home_desk\/raccolta-di-funghi-corso-a-gorizia\/","title":{"rendered":"Raccolta di funghi, corso a Gorizia"},"content":{"rendered":"<p> \tAnche quest&#39;anno la Provincia di Gorizia organizza un corso di preparazione al colloquio per il rilascio dell\u2019autorizzazione alla raccolta dei funghi sul territorio regionale.<\/p>\n<p style=\"text-align: justify;\"> \tIl corso avr\u00e0 la durata di 15 ore, inizier\u00e0 la prima settimana di giugno e sar\u00e0 aperto alle persone maggiorenni, anche se non residenti in Friuli Venezia Giulia.<\/p>\n<p style=\"text-align: justify;\"> \tLa domanda per partecipare deve essere presentata all\u2019Ufficio gestione faunistico-venatoria e risorse naturali della Provincia di Gorizia, in via Rossini 7\/A (tel. 0481.547120) entro il 31 maggio. Entro la stessa data dovr\u00e0 anche essere richiesta l\u2019ammissione al colloquio che avverr\u00e0 subito dopo la conclusione del corso.<\/p>\n<p style=\"text-align: justify;\"> \tPer l\u2019ammissione al colloquio non \u00e8 comunque richiesta la frequenza al corso, essendo questo facoltativo. Inoltre, le persone in possesso di tre o pi\u00f9 permessi per la raccolta dei funghi rilasciati nel periodo compreso tra il 17 maggio 1993 e il 17 maggio 2000 possono ottenere l\u2019autorizzazione senza sostenere il colloquio, presentando una dichiarazione al suddetto Ufficio della Provincia.<\/p>\n","protected":false},"excerpt":{"rendered":"<p>Organizzato dalla Provincia<\/p>\n","protected":false},"author":28,"featured_media":0,"comment_status":"closed","ping_status":"closed","sticky":false,"template":"","format":"standard","meta":{"dwc-title":[],"dwc-content":[],"footnotes":""},"categories":[5],"tags":[],"class_list":["post-16869","post","type-post","status-publish","format-standard","hentry","category-attualita"],"rttpg_featured_image_url":null,"rttpg_author":{"display_name":"redazione","author_link":"https:\/\/imagazine.it\/home_desk\/author\/redazione\/"},"rttpg_comment":0,"rttpg_category":"<a href=\"https:\/\/imagazine.it\/home_desk\/category\/attualita\/\" rel=\"category tag\">ATTUALIT\u00c0<\/a>","rttpg_excerpt":"Organizzato dalla Provincia","_links":{"self":[{"href":"https:\/\/imagazine.it\/home_desk\/wp-json\/wp\/v2\/posts\/16869","targetHints":{"allow":["GET"]}}],"collection":[{"href":"https:\/\/imagazine.it\/home_desk\/wp-json\/wp\/v2\/posts"}],"about":[{"href":"https:\/\/imagazine.it\/home_desk\/wp-json\/wp\/v2\/types\/post"}],"author":[{"embeddable":true,"href":"https:\/\/imagazine.it\/home_desk\/wp-json\/wp\/v2\/users\/28"}],"replies":[{"embeddable":true,"href":"https:\/\/imagazine.it\/home_desk\/wp-json\/wp\/v2\/comments?post=16869"}],"version-history":[{"count":0,"href":"https:\/\/imagazine.it\/home_desk\/wp-json\/wp\/v2\/posts\/16869\/revisions"}],"wp:attachment":[{"href":"https:\/\/imagazine.it\/home_desk\/wp-json\/wp\/v2\/media?parent=16869"}],"wp:term":[{"taxonomy":"category","embeddable":true,"href":"https:\/\/imagazine.it\/home_desk\/wp-json\/wp\/v2\/categories?post=16869"},{"taxonomy":"post_tag","embeddable":true,"href":"https:\/\/imagazine.it\/home_desk\/wp-json\/wp\/v2\/tags?post=16869"}],"curies":[{"name":"wp","href":"https:\/\/api.w.org\/{rel}","templated":true}]}}