{"id":16859,"date":"2015-05-11T00:00:00","date_gmt":"2015-05-10T23:00:00","guid":{"rendered":"https:\/\/imagazine.it\/?p=16859"},"modified":"2015-05-11T00:00:00","modified_gmt":"2015-05-10T23:00:00","slug":"con-il-treno-lungo-il-canyon","status":"publish","type":"post","link":"https:\/\/imagazine.it\/home_desk\/con-il-treno-lungo-il-canyon\/","title":{"rendered":"Con il treno lungo il Canyon"},"content":{"rendered":"<p style=\"text-align: justify;\" class=\"ui-droppable\"> \tComodamente seduti sui sedili di un piccolo trenino turistico rosso fuoco, addentrarsi fra le rocce a strapiombo di uno dei pi\u00f9 spettacolari canyon italiani, la Forra del Cellina, perla delle Dolomiti Friulane: dal 30 maggio a ottobre riprendono le corse del Trenino della Valcellina che dal lago di Barcis seguir\u00e0 il percorso della vecchia strada (ora chiusa al traffico) che portava a valle.<\/p>\n<p style=\"text-align: justify;\" class=\"ui-droppable\"> \tScavata nella roccia in milioni di anni dal torrente Cellina, che scorre azzurro e limpidissimo, la forra \u00e8 un susseguirsi di scorci spettacolari e di fantastici fenomeni di erosione, che vengono descritti man mano si procede. Un\u2019area di grande interesse naturalistico e paesaggistico, tutelata come Riserva naturale dal Parco Naturale delle Dolomiti Friulane.<\/p>\n<p style=\"text-align: justify;\" class=\"ui-droppable\"> \tModello Dotto Trains (realizzato a Castelfranco Veneto), il trenino \u00e8 stato acquistato dalla Comunit\u00e0 Montana. Il capolinea \u00e8 a Ponte Antoi a Barcis. Quattro le corse di mattina e quattro di pomeriggio con un percorso pi\u00f9 lungo che tocca anche il caratteristico borgo di Andreis. Il costo varia da 3 \u20ac a 6.50 \u20ac a seconda del percorso. Il servizio funzioner\u00e0 dal 30 maggio al 19 luglio e dal 31 agosto al 4 ottobre nei giorni festivi e prefestivi; dal 20 luglio al 30 agosto tutti i giorni.\u00a0<\/p>\n","protected":false},"excerpt":{"rendered":"<p>Nella Forra del Cellina<\/p>\n","protected":false},"author":28,"featured_media":16860,"comment_status":"closed","ping_status":"closed","sticky":false,"template":"","format":"standard","meta":{"dwc-title":[],"dwc-content":[],"footnotes":""},"categories":[8],"tags":[],"class_list":["post-16859","post","type-post","status-publish","format-standard","has-post-thumbnail","hentry","category-turismo"],"rttpg_featured_image_url":{"full":["https:\/\/imagazine.it\/wp-content\/uploads\/2024\/01\/9984-1.webp",533,400,false],"landscape":["https:\/\/imagazine.it\/wp-content\/uploads\/2024\/01\/9984-1.webp",533,400,false],"portraits":["https:\/\/imagazine.it\/wp-content\/uploads\/2024\/01\/9984-1.webp",533,400,false],"thumbnail":["https:\/\/imagazine.it\/wp-content\/uploads\/2024\/01\/9984-1-150x150.webp",150,150,true],"medium":["https:\/\/imagazine.it\/wp-content\/uploads\/2024\/01\/9984-1-300x225.webp",300,225,true],"large":["https:\/\/imagazine.it\/wp-content\/uploads\/2024\/01\/9984-1.webp",533,400,false],"thumblist":["https:\/\/imagazine.it\/wp-content\/uploads\/2024\/01\/9984-1.webp",300,225,false],"thumbrelated":["https:\/\/imagazine.it\/wp-content\/uploads\/2024\/01\/9984-1.webp",500,375,false],"meccarouselthumb":["https:\/\/imagazine.it\/wp-content\/uploads\/2024\/01\/9984-1.webp",432,324,false],"gridsquare":["https:\/\/imagazine.it\/wp-content\/uploads\/2024\/01\/9984-1.webp",346,260,false],"tileview":["https:\/\/imagazine.it\/wp-content\/uploads\/2024\/01\/9984-1.webp",300,225,false],"1536x1536":["https:\/\/imagazine.it\/wp-content\/uploads\/2024\/01\/9984-1.webp",533,400,false],"2048x2048":["https:\/\/imagazine.it\/wp-content\/uploads\/2024\/01\/9984-1.webp",533,400,false],"newsup-slider-full":["https:\/\/imagazine.it\/wp-content\/uploads\/2024\/01\/9984-1.webp",533,400,false],"newsup-featured":["https:\/\/imagazine.it\/wp-content\/uploads\/2024\/01\/9984-1.webp",533,400,false],"newsup-medium":["https:\/\/imagazine.it\/wp-content\/uploads\/2024\/01\/9984-1-533x380.webp",533,380,true],"tptn_thumbnail":["https:\/\/imagazine.it\/wp-content\/uploads\/2024\/01\/9984-1.webp",250,188,false],"sow-carousel-default":["https:\/\/imagazine.it\/wp-content\/uploads\/2024\/01\/9984-1-272x182.webp",272,182,true]},"rttpg_author":{"display_name":"redazione","author_link":"https:\/\/imagazine.it\/home_desk\/author\/redazione\/"},"rttpg_comment":0,"rttpg_category":"<a href=\"https:\/\/imagazine.it\/home_desk\/category\/turismo\/\" rel=\"category tag\">TURISMO<\/a>","rttpg_excerpt":"Nella Forra del Cellina","_links":{"self":[{"href":"https:\/\/imagazine.it\/home_desk\/wp-json\/wp\/v2\/posts\/16859","targetHints":{"allow":["GET"]}}],"collection":[{"href":"https:\/\/imagazine.it\/home_desk\/wp-json\/wp\/v2\/posts"}],"about":[{"href":"https:\/\/imagazine.it\/home_desk\/wp-json\/wp\/v2\/types\/post"}],"author":[{"embeddable":true,"href":"https:\/\/imagazine.it\/home_desk\/wp-json\/wp\/v2\/users\/28"}],"replies":[{"embeddable":true,"href":"https:\/\/imagazine.it\/home_desk\/wp-json\/wp\/v2\/comments?post=16859"}],"version-history":[{"count":0,"href":"https:\/\/imagazine.it\/home_desk\/wp-json\/wp\/v2\/posts\/16859\/revisions"}],"wp:featuredmedia":[{"embeddable":true,"href":"https:\/\/imagazine.it\/home_desk\/wp-json\/wp\/v2\/media\/16860"}],"wp:attachment":[{"href":"https:\/\/imagazine.it\/home_desk\/wp-json\/wp\/v2\/media?parent=16859"}],"wp:term":[{"taxonomy":"category","embeddable":true,"href":"https:\/\/imagazine.it\/home_desk\/wp-json\/wp\/v2\/categories?post=16859"},{"taxonomy":"post_tag","embeddable":true,"href":"https:\/\/imagazine.it\/home_desk\/wp-json\/wp\/v2\/tags?post=16859"}],"curies":[{"name":"wp","href":"https:\/\/api.w.org\/{rel}","templated":true}]}}