{"id":16857,"date":"2015-05-11T00:00:00","date_gmt":"2015-05-10T23:00:00","guid":{"rendered":"https:\/\/imagazine.it\/?p=16857"},"modified":"2015-05-11T00:00:00","modified_gmt":"2015-05-10T23:00:00","slug":"quale-sara-il-colore-dellacqua","status":"publish","type":"post","link":"https:\/\/imagazine.it\/home_desk\/quale-sara-il-colore-dellacqua\/","title":{"rendered":"Quale sar\u00e0 il colore dell&#8217;acqua?"},"content":{"rendered":"<p style=\"text-align: justify;\" class=\"ui-droppable\"> \tUna forte connotazione internazionale, produzioni e ospitalit\u00e0 italiane, anche in anteprima assoluta, e alcune imprescindibili eccellenze artistiche espresse dal nostro territorio regionale, delineano l\u2019edizione 2015 di <strong>Mittelfest<\/strong>, di scena quest\u2019anno dal 18 al 26 luglio nel consueto scenario di Cividale del Friuli, che del suo paesaggio e dei dettagli urbani ha fatto un palcoscenico a cielo aperto.<\/p>\n<p style=\"text-align: justify;\" class=\"ui-droppable\"> \tA partire dall\u2019edizione 2015 il Direttore <strong>Franco Calabretto<\/strong> \u2013 sempre affiancato dalla consulenza sul settore Teatro di <strong>Rita Maffei<\/strong>, per il CSS-Teatro Stabile d\u2019Innovazione \u2013 ha voluto aprire una trilogia che vedr\u00e0, fino all\u2019edizione 2017, susseguirsi i temi dell\u2019Acqua, dell\u2019Aria e della Terra: elementi distinti e beni comuni. Nell&#8217;anno dell&#8217;Expo, l&#8217;acqua e i suoi colori sono centro tematico del festival: tutela del territorio da un lato e mobilit\u00e0 delle genti, dall\u2019altro. Elemento materiale in pericolo, bene comune e non illimitato dell\u2019umanit\u00e0 ma anche figura dell\u2019immaginario e via di comunicazione per eccellenza.<\/p>\n<p style=\"text-align: justify;\" class=\"ui-droppable\"> \tCon un calendario di quasi sessanta spettacoli in nove giorni, il festival cividalese, che quest\u2019anno titola <strong><em>Il colore dell\u2019acqua,<\/em><\/strong> estende i suoi orizzonti geografici, prolungando lo sguardo dall\u2019area culturale della MittelEuropa verso il Mediterraneo: da qui l\u2019ospitalit\u00e0 del pi\u00f9 importante musicista armeno <strong>Arto Tuncboyaciyan<\/strong> e la presenza della <strong>Istanbul Symphony Orchestra<\/strong>, impegnata nella prima esecuzione italiana del concerto \u201c<strong><em>Water Dances<\/em><\/strong>\u201d, firmato dal grande pianista e compositore <strong>Michael Nyman<\/strong>.<\/p>\n<p style=\"text-align: justify;\" class=\"ui-droppable\"> \t\u00abUna duplice presenza che vuol anche essere un virtuale tentativo di conciliazione turco-armena, all\u2019interno di un festival che da sempre promuove ideali di incontro e pacificazione\u00bb, spiega Calabretto nell\u2019anticipare alcuni eventi di punta dell\u2019imminente edizione.<\/p>\n<p style=\"text-align: justify;\" class=\"ui-droppable\"> \tAncora nel segno dell\u2019incontro, l\u2019attesa presenza del <strong>Duo Amal<\/strong>. Due pianisti, uno \u00e8 israeliano, l&#8217;altro palestinese che suonano assieme in sincronia perfetta e spontanea empatia: Amal, in arabo, vuol dire speranza. Potremo, poi, ammirare al festival due grandi icone della danza mondiale, a partire da <strong>Carolyn Carlson<\/strong>, coreografa che all&#8217;acqua ha dedicato alcune fra le sue creazioni pi\u00f9 intense, che al festival presenter\u00e0 il trittico <em>Short storie<\/em> con la prima esecuzione italiana di \u201c<em>Immersion<\/em>\u201d.<\/p>\n<p style=\"text-align: justify;\" class=\"ui-droppable\"> \tCon una bellezza oggi pi\u00f9 morbida e ancor pi\u00f9 consapevole di s\u00e9, <strong>Alessandra Ferri<\/strong> ha ripreso il suo lavoro di palcoscenico, e potremo ammirarla a Mittelfest in una delle sue pochissime date estive. Aveva 19 anni quando fu nominata prima ballerina al Royal Ballet inglese, danzatrice dell&#8217;anno nel 1983 secondo la rivista internazionale Dance and Dancers e il New York Times. Pi\u00f9 di trent&#8217;anni dopo, questa splendida signora della danza ci assicura che, per i grandi artisti, la maturit\u00e0 \u00e8 un dono: la sfida di idee nuove e nuove sfumature.<\/p>\n<p style=\"text-align: justify;\" class=\"ui-droppable\"> \tL\u2019attrice <strong>Stefania Rocca<\/strong> sar\u00e0 protagonista con Franco Castellano del debutto in prima assoluta di \u201c<strong><em>Scandalo<\/em><\/strong><em> (Das Verm\u00e4chtnis \u2013 <\/em>1898), un\u2019opera di Schnitzler mai rappresentata finora in Italia: una coproduzione con il Teatro Stabile del Friuli Venezia Giulia per la regia di Franco Per\u00f2, in cui l\u2019autore rivela la spietatezza e la violenza di uno scontro famigliare molto attuale.<\/p>\n<p style=\"text-align: justify;\" class=\"ui-droppable\"> \tImportante evento internazionale quello con il <strong>Belarus Free Theatre<\/strong>. Ricercati, arrestati, o in esilio dal loro Paese &#8211; dove \u00e8 al potere l&#8217;ultima dittatura d&#8217;Europa &#8211; gli artisti bielorussi hanno un sola arma: il potenziale esplosivo del loro teatro. E nello spettacolo in prima italiana a Mittelfest <strong><em>Trash Cuisine<\/em><\/strong> la puntano verso una questione che ancora affligge 94 paesi al mondo: la pena di\u00a0 morte.<\/p>\n","protected":false},"excerpt":{"rendered":"<p>Dal 18 al 26 luglio la 24^ edizione di Mittelfest<\/p>\n","protected":false},"author":28,"featured_media":16858,"comment_status":"closed","ping_status":"closed","sticky":false,"template":"","format":"standard","meta":{"dwc-title":[],"dwc-content":[],"footnotes":""},"categories":[37],"tags":[],"class_list":["post-16857","post","type-post","status-publish","format-standard","has-post-thumbnail","hentry","category-cultura-e-spettacolo"],"rttpg_featured_image_url":{"full":["https:\/\/imagazine.it\/wp-content\/uploads\/2024\/01\/9981-1.webp",453,300,false],"landscape":["https:\/\/imagazine.it\/wp-content\/uploads\/2024\/01\/9981-1.webp",453,300,false],"portraits":["https:\/\/imagazine.it\/wp-content\/uploads\/2024\/01\/9981-1.webp",453,300,false],"thumbnail":["https:\/\/imagazine.it\/wp-content\/uploads\/2024\/01\/9981-1-150x150.webp",150,150,true],"medium":["https:\/\/imagazine.it\/wp-content\/uploads\/2024\/01\/9981-1-300x199.webp",300,199,true],"large":["https:\/\/imagazine.it\/wp-content\/uploads\/2024\/01\/9981-1.webp",453,300,false],"thumblist":["https:\/\/imagazine.it\/wp-content\/uploads\/2024\/01\/9981-1.webp",300,199,false],"thumbrelated":["https:\/\/imagazine.it\/wp-content\/uploads\/2024\/01\/9981-1.webp",453,300,false],"meccarouselthumb":["https:\/\/imagazine.it\/wp-content\/uploads\/2024\/01\/9981-1.webp",453,300,false],"gridsquare":["https:\/\/imagazine.it\/wp-content\/uploads\/2024\/01\/9981-1.webp",391,260,false],"tileview":["https:\/\/imagazine.it\/wp-content\/uploads\/2024\/01\/9981-1.webp",300,199,false],"1536x1536":["https:\/\/imagazine.it\/wp-content\/uploads\/2024\/01\/9981-1.webp",453,300,false],"2048x2048":["https:\/\/imagazine.it\/wp-content\/uploads\/2024\/01\/9981-1.webp",453,300,false],"newsup-slider-full":["https:\/\/imagazine.it\/wp-content\/uploads\/2024\/01\/9981-1.webp",453,300,false],"newsup-featured":["https:\/\/imagazine.it\/wp-content\/uploads\/2024\/01\/9981-1.webp",453,300,false],"newsup-medium":["https:\/\/imagazine.it\/wp-content\/uploads\/2024\/01\/9981-1.webp",453,300,false],"tptn_thumbnail":["https:\/\/imagazine.it\/wp-content\/uploads\/2024\/01\/9981-1.webp",250,166,false],"sow-carousel-default":["https:\/\/imagazine.it\/wp-content\/uploads\/2024\/01\/9981-1-272x182.webp",272,182,true]},"rttpg_author":{"display_name":"redazione","author_link":"https:\/\/imagazine.it\/home_desk\/author\/redazione\/"},"rttpg_comment":0,"rttpg_category":"<a href=\"https:\/\/imagazine.it\/home_desk\/category\/cultura-e-spettacolo\/\" rel=\"category tag\">CULTURA&amp;SPETTACOLO<\/a>","rttpg_excerpt":"Dal 18 al 26 luglio la 24^ edizione di Mittelfest","_links":{"self":[{"href":"https:\/\/imagazine.it\/home_desk\/wp-json\/wp\/v2\/posts\/16857","targetHints":{"allow":["GET"]}}],"collection":[{"href":"https:\/\/imagazine.it\/home_desk\/wp-json\/wp\/v2\/posts"}],"about":[{"href":"https:\/\/imagazine.it\/home_desk\/wp-json\/wp\/v2\/types\/post"}],"author":[{"embeddable":true,"href":"https:\/\/imagazine.it\/home_desk\/wp-json\/wp\/v2\/users\/28"}],"replies":[{"embeddable":true,"href":"https:\/\/imagazine.it\/home_desk\/wp-json\/wp\/v2\/comments?post=16857"}],"version-history":[{"count":0,"href":"https:\/\/imagazine.it\/home_desk\/wp-json\/wp\/v2\/posts\/16857\/revisions"}],"wp:featuredmedia":[{"embeddable":true,"href":"https:\/\/imagazine.it\/home_desk\/wp-json\/wp\/v2\/media\/16858"}],"wp:attachment":[{"href":"https:\/\/imagazine.it\/home_desk\/wp-json\/wp\/v2\/media?parent=16857"}],"wp:term":[{"taxonomy":"category","embeddable":true,"href":"https:\/\/imagazine.it\/home_desk\/wp-json\/wp\/v2\/categories?post=16857"},{"taxonomy":"post_tag","embeddable":true,"href":"https:\/\/imagazine.it\/home_desk\/wp-json\/wp\/v2\/tags?post=16857"}],"curies":[{"name":"wp","href":"https:\/\/api.w.org\/{rel}","templated":true}]}}