{"id":16847,"date":"2015-05-08T00:00:00","date_gmt":"2015-05-07T23:00:00","guid":{"rendered":"https:\/\/imagazine.it\/?p=16847"},"modified":"2015-05-08T00:00:00","modified_gmt":"2015-05-07T23:00:00","slug":"grande-guerra-il-fvg-diventa-set-per-fiction-rai","status":"publish","type":"post","link":"https:\/\/imagazine.it\/home_desk\/grande-guerra-il-fvg-diventa-set-per-fiction-rai\/","title":{"rendered":"Grande Guerra, il FVG diventa set per fiction Rai"},"content":{"rendered":"<p style=\"text-align: justify;\" class=\"ui-droppable\"> \tSar\u00e0 girata quasi interamente in FVG la fiction di punta del palinsesto di Rai 1 per la stagione 2015-2016, prodotta da PayperMoon per Rai Fiction.<\/p>\n<p style=\"text-align: justify;\" class=\"ui-droppable\"> \tSi tratta del film in 2 puntate dal titolo \u201cIl Confine\u201d per la regia di <strong>Carlo Carlei<\/strong>, sceneggiato con cui la Rai vuole celebrare la memoria della Prima guerra mondiale in occasione del suo centenario.<\/p>\n<p style=\"text-align: justify;\" class=\"ui-droppable\"> \tIl regista, gi\u00e0 autore di serie di grande successo quali quelle biografiche sulle vite di Padre Pio ed Enzo Ferrari, \u00e8 in regione da qualche giorno per ultimare i sopralluoghi e la preparazione delle riprese.<\/p>\n<p style=\"text-align: justify;\" class=\"ui-droppable\"> \tIl primo ciak sar\u00e0 battuto luned\u00ec 11 maggio a Gorizia; la troupe si fermer\u00e0 nel capoluogo isontino e dintorni (Castello di Spessa, Borgo del Tiglio) fino al 30 maggio, per poi trasferirsi in provincia di Trieste fino al 15 giugno per ulteriori due settimane di ripresa. Alcune scene belliche saranno inoltre girate a Rivoli Bianchi e a Venzone, mentre la scena finale del film, uno struggente ricordo ambientato ai nostri giorni, si svolger\u00e0 al Sacrario di Redipuglia.<\/p>\n<p style=\"text-align: justify;\" class=\"ui-droppable\"> \tLa storia narra le vicende di tre ragazzi, due di famiglia italiana e uno di famiglia austriaca, nella Trieste del 1914 quando le loro vite in tempo di pace sembravano avviate a un luminoso futuro: scuola, lavoro, amicizia, amori. L\u2019inizio della guerra sconvolge questo idillio mettendo i giovani davanti a intrecci tanto inattesi quanto drammatici. I tre ragazzi sono interpretati da tre giovani attori gi\u00e0 distintisi in alcune apprezzate fiction e film cinematografici degli ultimi anni: <strong>Filippo Scicchitano<\/strong>, <strong>Alan Cappelli Goetz<\/strong> e <strong>Caterina Shulha<\/strong>.<\/p>\n<p style=\"text-align: justify;\" class=\"ui-droppable\"> \tLa troupe sar\u00e0 composta da circa 50 persone, di cui una ventina saranno professionalit\u00e0 locali residenti in FVG; ingente sar\u00e0 anche il numero degli attori regionali e soprattutto delle comparse, selezionate attraverso la Galaxia Casting di Gorizia.<\/p>\n<p style=\"text-align: justify;\" class=\"ui-droppable\"> \tIl film, che pu\u00f2 contare su un budget di quasi 5 milioni di euro, andr\u00e0 a generare sul territorio regionale un indotto economico stimabile in via preventiva superiore al milione di euro. \u201cIl Confine\u201d gode della collaborazione di FVG Film Commission, Regione, Provincia di Gorizia (che ha concesso l\u2019utilizzo gratuito degli spazi esterni e interni dell\u2019Istituto Pacassi di via Vittorio Veneto) , Comune di Gorizia, Comune di Trieste, Comune di Venzone.<\/p>\n<p style=\"text-align: justify;\" class=\"ui-droppable\"> \tLe iniziali tre settimane di ripresa a Gorizia, oltre ad alcune residenze private, interesseranno il centro storico e in particolare via Cocevia (14 maggio, con parziale chiusura al traffico, anche di residenti), via Rastello (20 e 21 maggio, con chiusura totale al traffico, anche di residenti), Stazione Transalpina (22 maggio), Municipio (25 maggio).<\/p>\n","protected":false},"excerpt":{"rendered":"<p>Luned\u00ec l&#8217;inizio delle riprese<\/p>\n","protected":false},"author":28,"featured_media":16848,"comment_status":"closed","ping_status":"closed","sticky":false,"template":"","format":"standard","meta":{"dwc-title":[],"dwc-content":[],"footnotes":""},"categories":[37],"tags":[],"class_list":["post-16847","post","type-post","status-publish","format-standard","has-post-thumbnail","hentry","category-cultura-e-spettacolo"],"rttpg_featured_image_url":{"full":["https:\/\/imagazine.it\/wp-content\/uploads\/2024\/01\/9971-1.webp",600,400,false],"landscape":["https:\/\/imagazine.it\/wp-content\/uploads\/2024\/01\/9971-1.webp",600,400,false],"portraits":["https:\/\/imagazine.it\/wp-content\/uploads\/2024\/01\/9971-1.webp",600,400,false],"thumbnail":["https:\/\/imagazine.it\/wp-content\/uploads\/2024\/01\/9971-1-150x150.webp",150,150,true],"medium":["https:\/\/imagazine.it\/wp-content\/uploads\/2024\/01\/9971-1-300x200.webp",300,200,true],"large":["https:\/\/imagazine.it\/wp-content\/uploads\/2024\/01\/9971-1.webp",600,400,false],"thumblist":["https:\/\/imagazine.it\/wp-content\/uploads\/2024\/01\/9971-1.webp",300,200,false],"thumbrelated":["https:\/\/imagazine.it\/wp-content\/uploads\/2024\/01\/9971-1.webp",500,333,false],"meccarouselthumb":["https:\/\/imagazine.it\/wp-content\/uploads\/2024\/01\/9971-1.webp",474,316,false],"gridsquare":["https:\/\/imagazine.it\/wp-content\/uploads\/2024\/01\/9971-1.webp",391,260,false],"tileview":["https:\/\/imagazine.it\/wp-content\/uploads\/2024\/01\/9971-1.webp",300,200,false],"1536x1536":["https:\/\/imagazine.it\/wp-content\/uploads\/2024\/01\/9971-1.webp",600,400,false],"2048x2048":["https:\/\/imagazine.it\/wp-content\/uploads\/2024\/01\/9971-1.webp",600,400,false],"newsup-slider-full":["https:\/\/imagazine.it\/wp-content\/uploads\/2024\/01\/9971-1.webp",600,400,false],"newsup-featured":["https:\/\/imagazine.it\/wp-content\/uploads\/2024\/01\/9971-1.webp",600,400,false],"newsup-medium":["https:\/\/imagazine.it\/wp-content\/uploads\/2024\/01\/9971-1-600x380.webp",600,380,true],"tptn_thumbnail":["https:\/\/imagazine.it\/wp-content\/uploads\/2024\/01\/9971-1.webp",250,167,false],"sow-carousel-default":["https:\/\/imagazine.it\/wp-content\/uploads\/2024\/01\/9971-1-272x182.webp",272,182,true]},"rttpg_author":{"display_name":"redazione","author_link":"https:\/\/imagazine.it\/home_desk\/author\/redazione\/"},"rttpg_comment":0,"rttpg_category":"<a href=\"https:\/\/imagazine.it\/home_desk\/category\/cultura-e-spettacolo\/\" rel=\"category tag\">CULTURA&amp;SPETTACOLO<\/a>","rttpg_excerpt":"Luned\u00ec l'inizio delle riprese","_links":{"self":[{"href":"https:\/\/imagazine.it\/home_desk\/wp-json\/wp\/v2\/posts\/16847","targetHints":{"allow":["GET"]}}],"collection":[{"href":"https:\/\/imagazine.it\/home_desk\/wp-json\/wp\/v2\/posts"}],"about":[{"href":"https:\/\/imagazine.it\/home_desk\/wp-json\/wp\/v2\/types\/post"}],"author":[{"embeddable":true,"href":"https:\/\/imagazine.it\/home_desk\/wp-json\/wp\/v2\/users\/28"}],"replies":[{"embeddable":true,"href":"https:\/\/imagazine.it\/home_desk\/wp-json\/wp\/v2\/comments?post=16847"}],"version-history":[{"count":0,"href":"https:\/\/imagazine.it\/home_desk\/wp-json\/wp\/v2\/posts\/16847\/revisions"}],"wp:featuredmedia":[{"embeddable":true,"href":"https:\/\/imagazine.it\/home_desk\/wp-json\/wp\/v2\/media\/16848"}],"wp:attachment":[{"href":"https:\/\/imagazine.it\/home_desk\/wp-json\/wp\/v2\/media?parent=16847"}],"wp:term":[{"taxonomy":"category","embeddable":true,"href":"https:\/\/imagazine.it\/home_desk\/wp-json\/wp\/v2\/categories?post=16847"},{"taxonomy":"post_tag","embeddable":true,"href":"https:\/\/imagazine.it\/home_desk\/wp-json\/wp\/v2\/tags?post=16847"}],"curies":[{"name":"wp","href":"https:\/\/api.w.org\/{rel}","templated":true}]}}