{"id":16838,"date":"2015-05-07T00:00:00","date_gmt":"2015-05-06T23:00:00","guid":{"rendered":"https:\/\/imagazine.it\/?p=16838"},"modified":"2015-05-07T00:00:00","modified_gmt":"2015-05-06T23:00:00","slug":"a-trieste-il-festival-sulla-prima-infanzia","status":"publish","type":"post","link":"https:\/\/imagazine.it\/home_desk\/a-trieste-il-festival-sulla-prima-infanzia\/","title":{"rendered":"A Trieste il festival sulla prima infanzia"},"content":{"rendered":"<p style=\"text-align: justify;\" class=\"ui-droppable\"> \tPresentata la prima edizione a Trieste del Festival nazionale \u201cFin da Piccoli\u201d che avr\u00e0 come tema centrale \u201cNutrire le menti: incontri e dialoghi sui primi tre anni di vita\u201d e si terr\u00e0 dal 4 al 6 settembre.<\/p>\n<p style=\"text-align: justify;\" class=\"ui-droppable\"> \tL&#8217;iniziativa \u2013 promossa dal Comune di Trieste, dal Centro per la Salute del Bambino Onlus (CSB) e dal Gruppo Nazionale Nidi Infanzia (GNNI), con la collaborazione dell&#8217;Universit\u00e0 di Trieste e della Scuola Superiore di Sttudi Avanazati (SISSA) \u2013 si articoler\u00e0 in diversi incontri con esperti, dialoghi tra protagonisti, laboratori, plenarie e momenti di spettacolo. Si rivolger\u00e0 agli operatori dei settori educativi, socio-sanitari e culturali, ai genitori e ai loro bambini.<\/p>\n<p style=\"text-align: justify;\" class=\"ui-droppable\"> \tL&#8217;evento, che vedr\u00e0 Trieste &#8216;capofila&#8217; di una manifestazione unica a livello nazionale, \u00e8 stato illustrato dall&#8217;assessore all&#8217;Educazione, Scuola, Universit\u00e0 e Ricerca, <strong>Antonella Grim<\/strong> con la Responsabile qualit\u00e0, formazione pedagogica e partecipazione dei Servizi educativi, <strong>Michela D&#8217;Andri<\/strong>, e dal prof. <strong>Giorgio Tamburlini<\/strong>, Responsabile scientifico del Centro per la Salute del Bambino.<\/p>\n<p style=\"text-align: justify;\" class=\"ui-droppable\"> \t\u201cQuesto Festival \u2013 ha affermato l&#8217;assessore Grim \u2013 si propone di avere cadenza annuale e di lanciare un tema diverso per ogni edizione, sempre in riferimento all\u2019infanzia e ai servizi dedicati. <em>Nutrire le menti: incontri e dialoghi sui primi tre anni di vita<\/em> \u00e8 il tema scelto per questa prima edizione e vedr\u00e0 come temi principali quelli dei servizi\u00a0 educativi, della genitorialit\u00e0 e delle buone pratiche &#8211; come lettura, musica, gioco &#8211; che possono, se attuate sin dai primi anni e con continuit\u00e0, influenzare positivamente lo sviluppo dei bambini e la relazione genitoriale\u201d.<\/p>\n<p style=\"text-align: justify;\" class=\"ui-droppable\"> \t\u201cL\u2019 iniziativa \u00a0\u2013 ha dichiarato il prof. Tamburlini \u2013 quest&#8217;anno sar\u00e0 dedicata ai primi tre anni di vita del bambino, un periodo su cui si sta accentrando l&#8217;attenzione internazionale perch\u00e9 rappresenta una fase cruciale nello sviluppo che si pu\u00f2 ripercuotere nelle et\u00e0 successive. Il Festival si incentrer\u00e0 su varie tipologie di eventi: incontri per gli esperti, rapporti con il gioco, lettura, ruolo dei nidi d&#8217;infanzia, qualit\u00e0 del personale, rapporto tra personale, flessibilit\u00e0 e dialoghi con discussioni per genitori, le mamme-blog, le grandi istituzioni (Save the Children, Unicef, Garante per l&#8217;infanzia ecc). Poi ci saranno laboratori per l&#8217;infanzia in cui sia i genitori che i bambini effettueranno attivit\u00e0: letture, gioco, musica\u201d.<\/p>\n<p style=\"text-align: justify;\" class=\"ui-droppable\"> \tSono previsti incontri e laboratori anche sull\u2019importanza sul ruolo dei social network e delle associazioni dei genitori, su innovazione nell\u2019offerta dei servizi per l\u2019infanzia, con partecipazione di ricercatori, esperti e associazioni. \u00a0 Cornici\u00a0 di alcune attivit\u00e0 laboratoriali saranno gli spazi delle strutture educative dei servizi alla prima infanzia\u00a0 comunali che apriranno le loro porte per raccontarsi nelle loro offerte educative e progettualit\u00e0 innovative.<\/p>\n<p style=\"text-align: justify;\" class=\"ui-droppable\"> \tDurante la manifestazione \u00e8 previsto anche il \u201cMercato delle idee\u201d, una sessione aperta dedicata a quanti &#8211; enti, organizzazioni, associazioni &#8211; vogliano condividere la propria esperienza.<\/p>\n","protected":false},"excerpt":{"rendered":"<p>Dal 4 al 6 settembre l&#8217;evento nazionale &#8220;Fin da piccoli&#8221;<\/p>\n","protected":false},"author":28,"featured_media":16839,"comment_status":"closed","ping_status":"closed","sticky":false,"template":"","format":"standard","meta":{"dwc-title":[],"dwc-content":[],"footnotes":""},"categories":[5],"tags":[],"class_list":["post-16838","post","type-post","status-publish","format-standard","has-post-thumbnail","hentry","category-attualita"],"rttpg_featured_image_url":{"full":["https:\/\/imagazine.it\/wp-content\/uploads\/2024\/01\/9942-1.webp",613,400,false],"landscape":["https:\/\/imagazine.it\/wp-content\/uploads\/2024\/01\/9942-1.webp",613,400,false],"portraits":["https:\/\/imagazine.it\/wp-content\/uploads\/2024\/01\/9942-1.webp",613,400,false],"thumbnail":["https:\/\/imagazine.it\/wp-content\/uploads\/2024\/01\/9942-1-150x150.webp",150,150,true],"medium":["https:\/\/imagazine.it\/wp-content\/uploads\/2024\/01\/9942-1-300x196.webp",300,196,true],"large":["https:\/\/imagazine.it\/wp-content\/uploads\/2024\/01\/9942-1.webp",613,400,false],"thumblist":["https:\/\/imagazine.it\/wp-content\/uploads\/2024\/01\/9942-1.webp",300,196,false],"thumbrelated":["https:\/\/imagazine.it\/wp-content\/uploads\/2024\/01\/9942-1.webp",500,326,false],"meccarouselthumb":["https:\/\/imagazine.it\/wp-content\/uploads\/2024\/01\/9942-1.webp",474,309,false],"gridsquare":["https:\/\/imagazine.it\/wp-content\/uploads\/2024\/01\/9942-1.webp",391,255,false],"tileview":["https:\/\/imagazine.it\/wp-content\/uploads\/2024\/01\/9942-1.webp",300,196,false],"1536x1536":["https:\/\/imagazine.it\/wp-content\/uploads\/2024\/01\/9942-1.webp",613,400,false],"2048x2048":["https:\/\/imagazine.it\/wp-content\/uploads\/2024\/01\/9942-1.webp",613,400,false],"newsup-slider-full":["https:\/\/imagazine.it\/wp-content\/uploads\/2024\/01\/9942-1.webp",613,400,false],"newsup-featured":["https:\/\/imagazine.it\/wp-content\/uploads\/2024\/01\/9942-1.webp",613,400,false],"newsup-medium":["https:\/\/imagazine.it\/wp-content\/uploads\/2024\/01\/9942-1-613x380.webp",613,380,true],"tptn_thumbnail":["https:\/\/imagazine.it\/wp-content\/uploads\/2024\/01\/9942-1.webp",250,163,false],"sow-carousel-default":["https:\/\/imagazine.it\/wp-content\/uploads\/2024\/01\/9942-1-272x182.webp",272,182,true]},"rttpg_author":{"display_name":"redazione","author_link":"https:\/\/imagazine.it\/home_desk\/author\/redazione\/"},"rttpg_comment":0,"rttpg_category":"<a href=\"https:\/\/imagazine.it\/home_desk\/category\/attualita\/\" rel=\"category tag\">ATTUALIT\u00c0<\/a>","rttpg_excerpt":"Dal 4 al 6 settembre l'evento nazionale \"Fin da piccoli\"","_links":{"self":[{"href":"https:\/\/imagazine.it\/home_desk\/wp-json\/wp\/v2\/posts\/16838","targetHints":{"allow":["GET"]}}],"collection":[{"href":"https:\/\/imagazine.it\/home_desk\/wp-json\/wp\/v2\/posts"}],"about":[{"href":"https:\/\/imagazine.it\/home_desk\/wp-json\/wp\/v2\/types\/post"}],"author":[{"embeddable":true,"href":"https:\/\/imagazine.it\/home_desk\/wp-json\/wp\/v2\/users\/28"}],"replies":[{"embeddable":true,"href":"https:\/\/imagazine.it\/home_desk\/wp-json\/wp\/v2\/comments?post=16838"}],"version-history":[{"count":0,"href":"https:\/\/imagazine.it\/home_desk\/wp-json\/wp\/v2\/posts\/16838\/revisions"}],"wp:featuredmedia":[{"embeddable":true,"href":"https:\/\/imagazine.it\/home_desk\/wp-json\/wp\/v2\/media\/16839"}],"wp:attachment":[{"href":"https:\/\/imagazine.it\/home_desk\/wp-json\/wp\/v2\/media?parent=16838"}],"wp:term":[{"taxonomy":"category","embeddable":true,"href":"https:\/\/imagazine.it\/home_desk\/wp-json\/wp\/v2\/categories?post=16838"},{"taxonomy":"post_tag","embeddable":true,"href":"https:\/\/imagazine.it\/home_desk\/wp-json\/wp\/v2\/tags?post=16838"}],"curies":[{"name":"wp","href":"https:\/\/api.w.org\/{rel}","templated":true}]}}