{"id":16826,"date":"2015-05-06T00:00:00","date_gmt":"2015-05-05T23:00:00","guid":{"rendered":"https:\/\/imagazine.it\/?p=16826"},"modified":"2015-05-06T00:00:00","modified_gmt":"2015-05-05T23:00:00","slug":"gli-studenti-recensiscono-john-boyne","status":"publish","type":"post","link":"https:\/\/imagazine.it\/home_desk\/gli-studenti-recensiscono-john-boyne\/","title":{"rendered":"Gli studenti recensiscono John Boyne"},"content":{"rendered":"<p style=\"text-align: justify;\" class=\"ui-droppable\"> \tA quattro mesi da <em>pordenonelegge 2015<\/em>, parte la nuova edizione del <strong>Concorso \u201cCaro autore, ti scrivo&#8230;\u201d<\/strong> rivolto a tutti i <strong>giovani lettori tra i 12 e i 14 anni<\/strong>, promosso da <strong>Fondazione Pordenonelegge.it<\/strong>. Anche per questa edizione sono state selezionate quattro tra le migliori pubblicazioni della letteratura per ragazzi. A partire dal nuovo libro di <strong>John Boyne<\/strong>, l\u2019autore di <em>Il bambino con il pigiama a righe<\/em>, divenuto anche un film. Si tratta del romanzo <strong><em>Resta dove sei e poi vai<\/em><\/strong> (Rizzoli, 2014), in cui John Boyne racconta la Prima guerra mondiale, vista attraverso gli occhi di un bambino di nove anni alla ricerca di suo padre, partito per il fronte.<\/p>\n<p style=\"text-align: justify;\" class=\"ui-droppable\"> \tSempre legato al tema della Grande Guerra, ma con un taglio assolutamente diverso, \u00e8 il libro di <strong>Luisa Mattia<\/strong>, Premio Andersen come miglior scrittrice nel 2008, autrice di <strong><em>Hemingway e il ragazzo che suonava la tromba <\/em><\/strong>(Piemme, 2014): il racconto dell&#8217;incontro avvenuto sul fronte, a Fossalta di Piave, tra un sedicenne e un soldato americano che sarebbe divenuto poi uno dei pi\u00f9 grandi scrittori del &#8216;900, Ernest Hemingway.<\/p>\n<p style=\"text-align: justify;\" class=\"ui-droppable\"> \tUn grande ritorno a <em>pordenonelegge<\/em>, quello di <strong>Francesco D&#8217;Adamo<\/strong> che, dopo il pluripremiato <em>Storia di Iqbal<\/em>, firma <strong><em>Oh, freedom! <\/em><\/strong>(Giunti, 2014), in cui il protagonista Tommy vive come schiavo in una piantagione di cotone e che sogna di poter essere un giorno libero.<\/p>\n<p style=\"text-align: justify;\" class=\"ui-droppable\"> \tA chiudere la selezione del concorso, Premio Andersen nel 2014 come miglior scrittore dell&#8217;anno, <strong>Fabrizio Silei<\/strong> con il libro <strong><em>Katia viaggia leggera<\/em><\/strong> (San Paolo Edizioni, 2013), dove vengono affrontati temi come la precariet\u00e0, il bisogno di normalit\u00e0, l&#8217;incapacit\u00e0 di certi adulti di riconoscere il pericolo.<\/p>\n<p style=\"text-align: justify;\" class=\"ui-droppable\"> \t\u201cCaro autore, ti scrivo&#8230;\u201d \u00e8 rivolto a tutti gli studenti delle Scuole Secondarie di I grado (12-14 anni), che vengono invitati a leggere uno dei quattro libri selezionati da <em>pordenonelegge.it<\/em> e a scriverne una recensione sotto forma di lettera all\u2019autore, da inviare <strong>entro sabato 5 settembre 2015<\/strong>.<\/p>\n<p style=\"text-align: justify;\" class=\"ui-droppable\"> \tPer trasmettere l\u2019elaborato \u00e8 necessario accedere al sito <a href=\"http:\/\/www.pordenonelegge.it\" target=\"_blank\" rel=\"noopener\"><strong>www.pordenonelegge.it<\/strong><\/a>, sezione Concorso \u201cCaro autore, ti scrivo&#8230;\u201d, compilare l\u2019apposito form e allegarlo in formato pdf o word. Spetter\u00e0 poi a una giuria di qualit\u00e0 composta da <strong>Andrea Valente<\/strong> (Presidente), <strong>Silvia De Iuri<\/strong>, <strong>Alessandra Gabelli<\/strong>, <strong>Valentina Gasparet<\/strong>, <strong>Elisabetta Pieretto<\/strong>, <strong>Paola Schiffo<\/strong> scegliere i vincitori. Nell\u2019ambito della XVI edizione di pordenonelegge.it verranno premiati i primi tre \u201ccritici in erba\u201d per ciascun titolo, che si aggiudicheranno la pubblicazione del loro lavoro sul sito www.pordenonelegge.it, riceveranno una pergamena autografata dall\u2019autore recensito e dei libri pubblicati dagli editori che rientrano nella selezione. Tutte le lettere pervenute verranno consegnate agli autori a cui sono rivolte e rappresenteranno un importante riferimento per la conduzione degli incontri. I vincitori verranno proclamati nel corso degli incontri con gli autori dei libri selezionati &#8211; <strong>John Boyne<\/strong>, <strong>Francesco D\u2019Adamo<\/strong>, <strong>Luisa Mattia<\/strong>, <strong>Fabrizio Silei<\/strong> &#8211; a <strong>pordenonelegge.it &#8211; Festa del libro con gli autori<\/strong>, che si terr\u00e0 a Pordenone dal 16 al 20 settembre prossimi.<\/p>\n<p style=\"text-align: justify;\" class=\"ui-droppable\"> \tUn&#8217;altra novit\u00e0 di questa edizione del concorso, per chi ha difficolta\u0300 a leggere autonomamente, grazie al Centro Internazionale del Libro Parlato &#8220;A. Sernagiotto&#8221; onlus, sez. staccata <strong>Comitato Libro Parlato S.Vito<\/strong>, a partire dal 10 luglio i libri selezionati saranno disponibili anche in formato audiolibro.\u00a0<\/p>\n","protected":false},"excerpt":{"rendered":"<p>Concorso \u201cCaro autore, ti scrivo&#8230;\u201d<\/p>\n","protected":false},"author":28,"featured_media":16827,"comment_status":"closed","ping_status":"closed","sticky":false,"template":"","format":"standard","meta":{"dwc-title":[],"dwc-content":[],"footnotes":""},"categories":[37],"tags":[],"class_list":["post-16826","post","type-post","status-publish","format-standard","has-post-thumbnail","hentry","category-cultura-e-spettacolo"],"rttpg_featured_image_url":{"full":["https:\/\/imagazine.it\/wp-content\/uploads\/2024\/01\/9928-1.webp",400,423,false],"landscape":["https:\/\/imagazine.it\/wp-content\/uploads\/2024\/01\/9928-1.webp",400,423,false],"portraits":["https:\/\/imagazine.it\/wp-content\/uploads\/2024\/01\/9928-1.webp",400,423,false],"thumbnail":["https:\/\/imagazine.it\/wp-content\/uploads\/2024\/01\/9928-1-150x150.webp",150,150,true],"medium":["https:\/\/imagazine.it\/wp-content\/uploads\/2024\/01\/9928-1-284x300.webp",284,300,true],"large":["https:\/\/imagazine.it\/wp-content\/uploads\/2024\/01\/9928-1.webp",400,423,false],"thumblist":["https:\/\/imagazine.it\/wp-content\/uploads\/2024\/01\/9928-1.webp",284,300,false],"thumbrelated":["https:\/\/imagazine.it\/wp-content\/uploads\/2024\/01\/9928-1.webp",400,423,false],"meccarouselthumb":["https:\/\/imagazine.it\/wp-content\/uploads\/2024\/01\/9928-1.webp",306,324,false],"gridsquare":["https:\/\/imagazine.it\/wp-content\/uploads\/2024\/01\/9928-1.webp",246,260,false],"tileview":["https:\/\/imagazine.it\/wp-content\/uploads\/2024\/01\/9928-1.webp",300,317,false],"1536x1536":["https:\/\/imagazine.it\/wp-content\/uploads\/2024\/01\/9928-1.webp",400,423,false],"2048x2048":["https:\/\/imagazine.it\/wp-content\/uploads\/2024\/01\/9928-1.webp",400,423,false],"newsup-slider-full":["https:\/\/imagazine.it\/wp-content\/uploads\/2024\/01\/9928-1.webp",400,423,false],"newsup-featured":["https:\/\/imagazine.it\/wp-content\/uploads\/2024\/01\/9928-1.webp",400,423,false],"newsup-medium":["https:\/\/imagazine.it\/wp-content\/uploads\/2024\/01\/9928-1-400x380.webp",400,380,true],"tptn_thumbnail":["https:\/\/imagazine.it\/wp-content\/uploads\/2024\/01\/9928-1.webp",199,210,false],"sow-carousel-default":["https:\/\/imagazine.it\/wp-content\/uploads\/2024\/01\/9928-1-272x182.webp",272,182,true]},"rttpg_author":{"display_name":"redazione","author_link":"https:\/\/imagazine.it\/home_desk\/author\/redazione\/"},"rttpg_comment":0,"rttpg_category":"<a href=\"https:\/\/imagazine.it\/home_desk\/category\/cultura-e-spettacolo\/\" rel=\"category tag\">CULTURA&amp;SPETTACOLO<\/a>","rttpg_excerpt":"Concorso \u201cCaro autore, ti scrivo...\u201d","_links":{"self":[{"href":"https:\/\/imagazine.it\/home_desk\/wp-json\/wp\/v2\/posts\/16826","targetHints":{"allow":["GET"]}}],"collection":[{"href":"https:\/\/imagazine.it\/home_desk\/wp-json\/wp\/v2\/posts"}],"about":[{"href":"https:\/\/imagazine.it\/home_desk\/wp-json\/wp\/v2\/types\/post"}],"author":[{"embeddable":true,"href":"https:\/\/imagazine.it\/home_desk\/wp-json\/wp\/v2\/users\/28"}],"replies":[{"embeddable":true,"href":"https:\/\/imagazine.it\/home_desk\/wp-json\/wp\/v2\/comments?post=16826"}],"version-history":[{"count":0,"href":"https:\/\/imagazine.it\/home_desk\/wp-json\/wp\/v2\/posts\/16826\/revisions"}],"wp:featuredmedia":[{"embeddable":true,"href":"https:\/\/imagazine.it\/home_desk\/wp-json\/wp\/v2\/media\/16827"}],"wp:attachment":[{"href":"https:\/\/imagazine.it\/home_desk\/wp-json\/wp\/v2\/media?parent=16826"}],"wp:term":[{"taxonomy":"category","embeddable":true,"href":"https:\/\/imagazine.it\/home_desk\/wp-json\/wp\/v2\/categories?post=16826"},{"taxonomy":"post_tag","embeddable":true,"href":"https:\/\/imagazine.it\/home_desk\/wp-json\/wp\/v2\/tags?post=16826"}],"curies":[{"name":"wp","href":"https:\/\/api.w.org\/{rel}","templated":true}]}}