{"id":16822,"date":"2015-05-05T00:00:00","date_gmt":"2015-05-04T23:00:00","guid":{"rendered":"https:\/\/imagazine.it\/?p=16822"},"modified":"2015-05-05T00:00:00","modified_gmt":"2015-05-04T23:00:00","slug":"trieste-primavera-di-grande-musica","status":"publish","type":"post","link":"https:\/\/imagazine.it\/home_desk\/trieste-primavera-di-grande-musica\/","title":{"rendered":"Trieste, primavera di grande musica"},"content":{"rendered":"<\/p>\n<p class=\"ui-droppable\" style=\"text-align: justify;\"> \tSi preannuncia ricco di appuntamenti il cartellone della stagione primavera\/estate dei \u201cMercoled\u00ec\u201d del Conservatorio Tartini con undici concerti in programma dal 6 maggio al 1 luglio. Ad aprire la rassegna musicale, mercoled\u00ec 6 maggio, Aula Magna ore 20.30, un eccezionale Piano Duo \u201cOne Piano, four Hands\u201d affidato a due grandi pianiste: <strong>Antoinette Van Zabner <\/strong>e<strong> Elisabeth Aigner-Monarth<\/strong>, pluripremiate e attive nel panorama musicale internazionale con numerosi concerti, un appuntamento realizzato in collaborazione con Universit\u00e4t f\u00fcr Musik \u2013 Wien. Un concerto a quattro mani su musiche Bach, Wolfgang Rihm, Iv\u00e1n Er\u0151d, John Corigliano e Maurice Ravel.<\/p>\n<p class=\"ui-droppable\" style=\"text-align: justify;\"> \tI vincitori della XXIX edizione del \u201cPremio Caraian\u201d sezione violino saranno i protagonisti del concerto in cartellone il 13 maggio, ore 20.30 Aula Magna. Mentre venerd\u00ec 15 maggio sar\u00e0 la volta del concerto evento speciale in occasione del progetto Itala-Serbia. A salire sul palco dell\u2019Aula Tartini, ore 20.30 <strong>Dejan Maksimovi\u0107<\/strong> \u2013 Tenore e <strong>Lorenzo Cossi<\/strong> \u2013 Pianoforte per un appuntamento all\u2019insegna de \u201cLa voce dell\u2019amicizia\u201d con un ricco repertorio musicale che spazier\u00e0 da Stanislav Bini\u010dki, Stevan Hristi\u0107, Petar Konjovi\u0107, Vincenzo Bellini, Francesco Paolo Tosti, Stanislao Gastaldon, Ruggero Leoncavallo, Gaetano Donizetti, Francesco Cilea, Umberto Giordano e Giacomo Puccini.<\/p>\n<p class=\"ui-droppable\" style=\"text-align: justify;\"> \tL\u2019appuntamento in cartellone mercoled\u00ec 20 maggio, ore 20.30 Sala Tartini, sar\u00e0 interamente dedicato all\u2019omaggio al compositore triestino di lingua slovena Pavle Merk\u00f9, scomparso lo scorso anno.<\/p>\n<p class=\"ui-droppable\" style=\"text-align: justify;\"> \tCon il \u201cRequiem\u201d a tutti i caduti della Grande Guerra prosegue il ciclo di appuntamenti che il Conservatorio Tartini ha voluto organizzare nel centenario della Prima Guerra mondiale. Nella suggestiva Cattedrale di San Giusto, venerd\u00ec 22 maggio ore 19.30, il Complesso vocale e strumentale<strong> Gruppo Incontro di Trieste <\/strong>eseguir\u00e0 il Requiem di John Rutter, con la partecipazione di <strong>Mario Mirasola<\/strong> (voce recitante) per la direzione di <strong>Rita Susovsky<\/strong> e la collaborazione musicale di <strong>Nicola Colocci<\/strong>.<\/p>\n<p class=\"ui-droppable\" style=\"text-align: justify;\"> \t\u201cL\u2019arte dell\u2019organo\u201d con quattro organisti d\u2019eccezione: <strong>Giuliana Maccaroni, Giuseppe Russolo, Wladimir Matesic e Marcello Girotto <\/strong>sar\u00e0 al centro del concerto di mercoled\u00ec 27 maggio, ore 20.30 Sala Tartini. Con un ricco repertorio di musiche che spaziano da Dietrich Buxtehude, Johann Sebastian Bach, Giulio Viozzi, Marco Sofianopulo, Cornelis De Wolf, Nicolaus Bruhns, Giuseppe Radole, Ren\u00e8 Becker.<\/p>\n<p class=\"ui-droppable\" style=\"text-align: justify;\"> \tIl gruppo<strong> Percussioni Trieste <\/strong>diretto da <strong>Fabi\u00e1n P\u00e9rez Tedesco <\/strong>proporr\u00e0 invece, mercoled\u00ec 3 giugno, Sala Tartini ore 20.30, una serata dedicata alla musica per percussioni con \u201cObsesi\u00f3n&#8221; e un programma incentrato su musiche scelte Ney Rosauro, Lou Harrison, Fabi\u00e1n P\u00e9rez Tedesco, Sa\u00fal Cosentino, Roberto Di Cecco, Josef Zawinul.<\/p>\n<p class=\"ui-droppable\" style=\"text-align: justify;\"> \tIl Piano recital di mercoled\u00ec 10 giugno, Aula Magna ore 20.30, sar\u00e0 affidato a<strong> Carolina P\u00e9rez Tedesco<\/strong>, vincitrice di numerosi premi internazionali, dal 2013 frequenta l\u2019International Chamber Music Academy di Duino in Duo con violoncello, sotto la guida del Trio di Parma. Nel concerto in cartellone saranno proposte pagine tratte da Franz Joseph Haydn, Luciano Berio, Fabi\u00e1n P\u00e9rez Tedesco, Fryderyk Chopin e Aleksandr N. Skrjabin.<\/p>\n<\/p>\n<p class=\"ui-droppable\" style=\"text-align: justify;\"> \tDa non perdere l\u2019appuntamento con il \u201cCharles Mingus Project\u201d e <strong>l\u2019Orchestra Laboratorio 3.0 della Scuola di Jazz del Conservatorio Tartini <\/strong>in cartellone mercoled\u00ec 17 giugno, Sala Tartini ore 20.30. L\u2019orchestra composta da <strong>Robert Mikuljan<\/strong> \u2013 Tromba, <strong>Giorgio Giacobbi<\/strong> \u2013 Sax tenore, <strong>Miron Hauser<\/strong> \u2013 Trombone, <strong>Aurelio Tarallo<\/strong> \u2013 Chitarra elettrica, <strong>Simone Lanzi<\/strong> \u2013 Contrabbasso, <strong>Camilla Collet<\/strong> \u2013 Batteria propone, dalla sua formazione, un repertorio quasi tutto composto da musiche del grande contrabbassista e compositore afro-americano Charles Mingus. Nel concerto in cartellone saranno proposti brani tratti da Fables of Faubus Self Portrait in three colors, Portrait, Reincarnation of a Lovebird, Dizzy\u2019s e Sue\u2019s changes e di George Adams sar\u00e0 eseguita Flowers for a Lady.<\/p>\n<p class=\"ui-droppable\" style=\"text-align: justify;\"> \t<strong>George Todica<\/strong>, vincitore lo scorso anno del \u201cPremio Pianistico Internazionale Stefano Marizza\u201d, proporr\u00e0, mercoled\u00ec 24 giugno, Aula Magna ore 20.30, un piano recital, in collaborazione con l\u2019Universit\u00e0 Popolare di Trieste, su brani di Scarlatti, Chopin, Ravel, Enescu e Rachmaninov<strong>. <\/strong><\/p>\n<p class=\"ui-droppable\" style=\"text-align: justify;\"> \tA chiudere il cartellone della stagione primavera\/estate del Conservatorio Tartini, mercoled\u00ec 1 luglio, Sala Tartini ore 20.30, \u201cMinimalismi\u201d progetto che vede accostare il<strong> Quartetto d\u2019Archi al Live Electronics \u2013 Dipartimento di Nuove Tecnologie \u2013<\/strong> con un programma tutto dedicato alla contemporaneit\u00e0 su musiche di Arvo P\u00e4rt, Astor Piazzolla, Philip Glass e Steve Reich.<\/p>\n","protected":false},"excerpt":{"rendered":"<p>Al via la nuova stagione del Tartini<\/p>\n","protected":false},"author":28,"featured_media":16823,"comment_status":"closed","ping_status":"closed","sticky":false,"template":"","format":"standard","meta":{"dwc-title":[],"dwc-content":[],"footnotes":""},"categories":[37],"tags":[],"class_list":["post-16822","post","type-post","status-publish","format-standard","has-post-thumbnail","hentry","category-cultura-e-spettacolo"],"rttpg_featured_image_url":{"full":["https:\/\/imagazine.it\/wp-content\/uploads\/2024\/01\/9924-1.webp",424,505,false],"landscape":["https:\/\/imagazine.it\/wp-content\/uploads\/2024\/01\/9924-1.webp",424,505,false],"portraits":["https:\/\/imagazine.it\/wp-content\/uploads\/2024\/01\/9924-1.webp",424,505,false],"thumbnail":["https:\/\/imagazine.it\/wp-content\/uploads\/2024\/01\/9924-1-150x150.webp",150,150,true],"medium":["https:\/\/imagazine.it\/wp-content\/uploads\/2024\/01\/9924-1-252x300.webp",252,300,true],"large":["https:\/\/imagazine.it\/wp-content\/uploads\/2024\/01\/9924-1.webp",424,505,false],"thumblist":["https:\/\/imagazine.it\/wp-content\/uploads\/2024\/01\/9924-1.webp",252,300,false],"thumbrelated":["https:\/\/imagazine.it\/wp-content\/uploads\/2024\/01\/9924-1.webp",420,500,false],"meccarouselthumb":["https:\/\/imagazine.it\/wp-content\/uploads\/2024\/01\/9924-1.webp",272,324,false],"gridsquare":["https:\/\/imagazine.it\/wp-content\/uploads\/2024\/01\/9924-1.webp",218,260,false],"tileview":["https:\/\/imagazine.it\/wp-content\/uploads\/2024\/01\/9924-1.webp",300,357,false],"1536x1536":["https:\/\/imagazine.it\/wp-content\/uploads\/2024\/01\/9924-1.webp",424,505,false],"2048x2048":["https:\/\/imagazine.it\/wp-content\/uploads\/2024\/01\/9924-1.webp",424,505,false],"newsup-slider-full":["https:\/\/imagazine.it\/wp-content\/uploads\/2024\/01\/9924-1.webp",424,505,false],"newsup-featured":["https:\/\/imagazine.it\/wp-content\/uploads\/2024\/01\/9924-1.webp",424,505,false],"newsup-medium":["https:\/\/imagazine.it\/wp-content\/uploads\/2024\/01\/9924-1-424x380.webp",424,380,true],"tptn_thumbnail":["https:\/\/imagazine.it\/wp-content\/uploads\/2024\/01\/9924-1.webp",176,210,false],"sow-carousel-default":["https:\/\/imagazine.it\/wp-content\/uploads\/2024\/01\/9924-1-272x182.webp",272,182,true]},"rttpg_author":{"display_name":"redazione","author_link":"https:\/\/imagazine.it\/home_desk\/author\/redazione\/"},"rttpg_comment":0,"rttpg_category":"<a href=\"https:\/\/imagazine.it\/home_desk\/category\/cultura-e-spettacolo\/\" rel=\"category tag\">CULTURA&amp;SPETTACOLO<\/a>","rttpg_excerpt":"Al via la nuova stagione del Tartini","_links":{"self":[{"href":"https:\/\/imagazine.it\/home_desk\/wp-json\/wp\/v2\/posts\/16822","targetHints":{"allow":["GET"]}}],"collection":[{"href":"https:\/\/imagazine.it\/home_desk\/wp-json\/wp\/v2\/posts"}],"about":[{"href":"https:\/\/imagazine.it\/home_desk\/wp-json\/wp\/v2\/types\/post"}],"author":[{"embeddable":true,"href":"https:\/\/imagazine.it\/home_desk\/wp-json\/wp\/v2\/users\/28"}],"replies":[{"embeddable":true,"href":"https:\/\/imagazine.it\/home_desk\/wp-json\/wp\/v2\/comments?post=16822"}],"version-history":[{"count":0,"href":"https:\/\/imagazine.it\/home_desk\/wp-json\/wp\/v2\/posts\/16822\/revisions"}],"wp:featuredmedia":[{"embeddable":true,"href":"https:\/\/imagazine.it\/home_desk\/wp-json\/wp\/v2\/media\/16823"}],"wp:attachment":[{"href":"https:\/\/imagazine.it\/home_desk\/wp-json\/wp\/v2\/media?parent=16822"}],"wp:term":[{"taxonomy":"category","embeddable":true,"href":"https:\/\/imagazine.it\/home_desk\/wp-json\/wp\/v2\/categories?post=16822"},{"taxonomy":"post_tag","embeddable":true,"href":"https:\/\/imagazine.it\/home_desk\/wp-json\/wp\/v2\/tags?post=16822"}],"curies":[{"name":"wp","href":"https:\/\/api.w.org\/{rel}","templated":true}]}}