{"id":16816,"date":"2015-05-04T00:00:00","date_gmt":"2015-05-03T23:00:00","guid":{"rendered":"https:\/\/imagazine.it\/?p=16816"},"modified":"2015-05-04T00:00:00","modified_gmt":"2015-05-03T23:00:00","slug":"a-enrico-venuti-la-stella-al-merito-del-lavoro","status":"publish","type":"post","link":"https:\/\/imagazine.it\/home_desk\/a-enrico-venuti-la-stella-al-merito-del-lavoro\/","title":{"rendered":"A Enrico Venuti la &#8220;stella al merito del lavoro&#8221;"},"content":{"rendered":"<p class=\"ui-droppable\" style=\"text-align: justify;\"> \t<strong>Enrico Venuti<\/strong>, Presidente e amministratore delegato dell&#39;azienda importatrice di caff\u00e8 crudo Sandalj Trading Company<em>,<\/em><em> ha ricevuto la decorazione della <\/em>Stella al merito del lavoro, nella giornata della Festa dei lavoratori. Un nastro verde e giallo oro, con una stella a cinque punte e la rappresentazione allegorica dell&#39;Italia simboleggiano le virt\u00f9 di chi ha consolidato nel tempo un percorso lavorativo proficuo, innovativo, d&#39;insegnamento e all&#39;insegna di valori etici e morali.<\/p>\n<p class=\"ui-droppable\" style=\"text-align: justify;\"> \tCon il riconoscimento di questi valori, il Prefetto <strong>Francesca Garufi<\/strong> ha consegnato la \u201cstella\u201d a Venuti e ad altri 16 nuovi Maestri del Lavoro del Friuli Venezia Giulia, su conferimento del Presidente della Repubblica e proposta del Ministro del Lavoro e delle Politiche Sociali. \u00ab\u00c8 un momento di orgoglio \u2013 afferma Venuti \u2013 di fronte al riconoscimento dei sacrifici del lavoro e dei traguardi raggiunti e sento di dover condividere i miei principi e le realizzazioni con la mia famiglia e i professionisti con cui lavoro ogni giorno da pi\u00f9 di vent&#39;anni\u00bb.<\/p>\n<\/p>\n<p class=\"ui-droppable\" style=\"text-align: justify;\"> \tNato a Trieste, nel 1980 Venuti inizia a lavorare nel mondo del caff\u00e8, prima come operaio presso la torrefazione <em>Il Caff\u00e8 Avana<\/em>, con un&#39;interruzione dovuta alla leva nella Polizia di Stato, poi assumendo diversi incarichi nel ramo commerciale per la <em>Pacorini Spa<\/em>, con esperienze in diversi paesi d&#39;Europa al servizio di aziende collegate al gruppo Pacorini. Diventato vice responsabile del reparto caff\u00e8 Italia ed estero per il gruppo, riceve un&#39;altra proposta da Vincenzo Sandalj, proprietario dell&#39;omonima societ\u00e0 di importazione di caff\u00e8 crudo. \u00c8 il 1988. Accettata la posizione, dapprima come impiegato, lavora con attitudine e passione per la costante crescita economica dell&#39;azienda, diventando dirigente dopo soli tre anni. Presso la <em>Sandalj Trading Company<\/em>, per la quale attualmente riveste la carica di presidente e di amministratore delegato responsabile dell&#39;area commerciale, lavora fianco a fianco con gli altri membri del Consiglio di Amministrazione, <strong>Maurizio Rossmann<\/strong> e <strong>Edy Bieker<\/strong>, a sua volta Maestro del Lavoro, insignito della decorazione nel 2009.<\/p>\n<p class=\"ui-droppable\" style=\"text-align: justify;\"> \tPer Enrico Venuti la dedizione al lavoro si \u00e8 trasformata subito in dedizione al caff\u00e8, un prodotto che lo ha sempre affascinato e coinvolto: \u00abperch\u00e9 \u00e8 un prodotto della terra, complesso, sempre diverso. Subisce le variazioni del clima, di chi lo coltiva e ad ogni raccolto corrisponde una scoperta\u00bb. Prosegue cos\u00ec, Enrico Venuti nel descrivere il \u201cbello\u201d del mestiere: \u00abla ricerca, la conoscenza di nuovi produttori e nuovi lotti di caff\u00e8, la possibilit\u00e0 di proporre ai clienti qualit\u00e0 di caff\u00e8 d&#39;eccellenza, rende il mio lavoro estremamente vario e ricco. Credo di saper trasmettere agli altri l&#39;entusiasmo che provo davanti ad una tazzina di caff\u00e8, lo stesso entusiasmo che cerco di trasmettere alla figlia del compianto dottor Vincenzo, la dottoressa <strong>Theresa Sandalj<\/strong>, da poco entrata in azienda\u00bb.<\/p>\n<p class=\"ui-droppable\" style=\"text-align: justify;\"> \tL\u2019incarico nella societ\u00e0 ha offerto a Venuti anche l&#39;occasione di partecipare al progetto di solidariet\u00e0 \u201cAmigos pelo caf\u00e8\u201d in Brasile, a sostegno delle famiglie di produttori e, in particolare, per la difesa del lavoro femminile e dell&#39;istruzione dei bambini.<\/p>\n<p class=\"ui-droppable\" style=\"text-align: justify;\"> \tLa tradizionale cerimonia di consegna delle Stelle al merito del lavoro premia chi ha saputo distinguersi nell&#39;attivit\u00e0 professionale con \u201cperizia, laboriosit\u00e0 e buona condotta morale\u201d, come da ufficiale istituzione. L&#39;onorificenza di Maestro del Lavoro, con una storia pi\u00f9 lunga di quella della Repubblica Italiana, viene proposta e assegnata a diverse categorie di lavoratori, che abbiano raggiunto i 50 anni d&#39;et\u00e0 e almeno venticinque anni di anzianit\u00e0 lavorativa. Oltre a questi requisiti, tuttavia, vengono vagliate delle caratteristiche meno tangibili, come la capacit\u00e0 di trovare strade innovative, di perfezionare la propria professionalit\u00e0 e i rapporti con il gruppo di lavoro, la gestione delle difficolt\u00e0 e la risoluzione dei problemi, la tenacia, la disciplina nel lavoro e l&#39;essere di esempio per le generazioni successive. La decorazione della Repubblica Italiana \u00e8 sostenuta anche dalla Federazione Maestri del Lavoro d&#39;Italia, fondata nel 1954, ente che si impegna nella promozione di attivit\u00e0 di solidariet\u00e0 sociale, civile e culturale.\u00a0<\/p>\n","protected":false},"excerpt":{"rendered":"<p>Conferita dal Prefetto di Trieste<\/p>\n","protected":false},"author":28,"featured_media":16817,"comment_status":"closed","ping_status":"closed","sticky":false,"template":"","format":"standard","meta":{"dwc-title":[],"dwc-content":[],"footnotes":""},"categories":[5],"tags":[],"class_list":["post-16816","post","type-post","status-publish","format-standard","has-post-thumbnail","hentry","category-attualita"],"rttpg_featured_image_url":{"full":["https:\/\/imagazine.it\/wp-content\/uploads\/2024\/01\/9914-1.webp",500,667,false],"landscape":["https:\/\/imagazine.it\/wp-content\/uploads\/2024\/01\/9914-1.webp",500,667,false],"portraits":["https:\/\/imagazine.it\/wp-content\/uploads\/2024\/01\/9914-1.webp",500,667,false],"thumbnail":["https:\/\/imagazine.it\/wp-content\/uploads\/2024\/01\/9914-1-150x150.webp",150,150,true],"medium":["https:\/\/imagazine.it\/wp-content\/uploads\/2024\/01\/9914-1-225x300.webp",225,300,true],"large":["https:\/\/imagazine.it\/wp-content\/uploads\/2024\/01\/9914-1.webp",500,667,false],"thumblist":["https:\/\/imagazine.it\/wp-content\/uploads\/2024\/01\/9914-1.webp",225,300,false],"thumbrelated":["https:\/\/imagazine.it\/wp-content\/uploads\/2024\/01\/9914-1.webp",375,500,false],"meccarouselthumb":["https:\/\/imagazine.it\/wp-content\/uploads\/2024\/01\/9914-1.webp",243,324,false],"gridsquare":["https:\/\/imagazine.it\/wp-content\/uploads\/2024\/01\/9914-1.webp",195,260,false],"tileview":["https:\/\/imagazine.it\/wp-content\/uploads\/2024\/01\/9914-1.webp",300,400,false],"1536x1536":["https:\/\/imagazine.it\/wp-content\/uploads\/2024\/01\/9914-1.webp",500,667,false],"2048x2048":["https:\/\/imagazine.it\/wp-content\/uploads\/2024\/01\/9914-1.webp",500,667,false],"newsup-slider-full":["https:\/\/imagazine.it\/wp-content\/uploads\/2024\/01\/9914-1.webp",500,667,false],"newsup-featured":["https:\/\/imagazine.it\/wp-content\/uploads\/2024\/01\/9914-1.webp",500,667,false],"newsup-medium":["https:\/\/imagazine.it\/wp-content\/uploads\/2024\/01\/9914-1-500x380.webp",500,380,true],"tptn_thumbnail":["https:\/\/imagazine.it\/wp-content\/uploads\/2024\/01\/9914-1.webp",157,210,false],"sow-carousel-default":["https:\/\/imagazine.it\/wp-content\/uploads\/2024\/01\/9914-1-272x182.webp",272,182,true]},"rttpg_author":{"display_name":"redazione","author_link":"https:\/\/imagazine.it\/home_desk\/author\/redazione\/"},"rttpg_comment":0,"rttpg_category":"<a href=\"https:\/\/imagazine.it\/home_desk\/category\/attualita\/\" rel=\"category tag\">ATTUALIT\u00c0<\/a>","rttpg_excerpt":"Conferita dal Prefetto di Trieste","_links":{"self":[{"href":"https:\/\/imagazine.it\/home_desk\/wp-json\/wp\/v2\/posts\/16816","targetHints":{"allow":["GET"]}}],"collection":[{"href":"https:\/\/imagazine.it\/home_desk\/wp-json\/wp\/v2\/posts"}],"about":[{"href":"https:\/\/imagazine.it\/home_desk\/wp-json\/wp\/v2\/types\/post"}],"author":[{"embeddable":true,"href":"https:\/\/imagazine.it\/home_desk\/wp-json\/wp\/v2\/users\/28"}],"replies":[{"embeddable":true,"href":"https:\/\/imagazine.it\/home_desk\/wp-json\/wp\/v2\/comments?post=16816"}],"version-history":[{"count":0,"href":"https:\/\/imagazine.it\/home_desk\/wp-json\/wp\/v2\/posts\/16816\/revisions"}],"wp:featuredmedia":[{"embeddable":true,"href":"https:\/\/imagazine.it\/home_desk\/wp-json\/wp\/v2\/media\/16817"}],"wp:attachment":[{"href":"https:\/\/imagazine.it\/home_desk\/wp-json\/wp\/v2\/media?parent=16816"}],"wp:term":[{"taxonomy":"category","embeddable":true,"href":"https:\/\/imagazine.it\/home_desk\/wp-json\/wp\/v2\/categories?post=16816"},{"taxonomy":"post_tag","embeddable":true,"href":"https:\/\/imagazine.it\/home_desk\/wp-json\/wp\/v2\/tags?post=16816"}],"curies":[{"name":"wp","href":"https:\/\/api.w.org\/{rel}","templated":true}]}}