{"id":16809,"date":"2015-04-30T00:00:00","date_gmt":"2015-04-29T23:00:00","guid":{"rendered":"https:\/\/imagazine.it\/?p=16809"},"modified":"2015-04-30T00:00:00","modified_gmt":"2015-04-29T23:00:00","slug":"6-5-1976-6-5-2015-il-friuli-ricorda-lorcolat","status":"publish","type":"post","link":"https:\/\/imagazine.it\/home_desk\/6-5-1976-6-5-2015-il-friuli-ricorda-lorcolat\/","title":{"rendered":"6\/5\/1976 &#8211; 6\/5\/2015, il Friuli ricorda l&#8217;Orcolat"},"content":{"rendered":"<p style=\"text-align: justify;\" class=\"ui-droppable\"> \tIl 6 maggio 1976 in Friuli la terra trema. Alle 21.00 un terremoto di magnitudo 6,4 della scala Richter, e intensit\u00e0 pari al IX-X grado della scala Mercalli, colpisce un\u2019area di 5.700 chilometri quadrati. 59 tragici secondi dura la scossa principale. La zona a nord di Udine \u00e8 la pi\u00f9 colpita: Gemona, Venzone, Osoppo (solo per citarne alcuni) subiscono gli effetti pi\u00f9 distruttivi. I danni sono immensi, stimati per 4.500 miliardi di lire. 989 le vittime. Circa <strong>3.000 <\/strong>i feriti. Quasi 200.000 persone perdono la casa.<\/p>\n<p style=\"text-align: justify;\" class=\"ui-droppable\"> \tIl 6 maggio 2015 l\u2019Istituto Nazionale di Oceanografia e di Geofisica Sperimentale d\u00e0 il via a una serie di eventi per ricordare il terremoto del Friuli e diffondere strategie di prevenzione e riduzione dei rischi naturali. \u201cConoscere il rischio sismico del nostro territorio, superare una cultura fatalista e comprendere l&#8217;importanza di effettuare esercitazioni antisismiche regolari \u00e8 fondamentale per affrontare correttamente i terremoti e minimizzarne le eventuali conseguenze\u201d, afferma <strong>Maria Cristina Pedicchio<\/strong>, presidente di OGS.<\/p>\n<p style=\"text-align: justify;\" class=\"ui-droppable\"> \t\u201cEcco perch\u00e9, la sezione Centro Ricerche Sismologiche dell\u2019OGS propone una serie di incontri dedicati alla memoria e mirati alla consapevolezza\u201d, aggiunge il sismologo <strong>Marco Mucciarelli<\/strong>, direttore della sezione.<\/p>\n<p style=\"text-align: justify;\" class=\"ui-droppable\"> \t<strong>Mercoled\u00ec 6 maggio<\/strong> a partire <strong>dalle ore 9<\/strong>, sar\u00e0 online (raggiungibile dal sito dell\u2019OGS <a href=\"http:\/\/www.inogs.it\/\" target=\"_blank\" rel=\"noopener\">www.inogs.it<\/a>) \u00a0il video di una lezione che i ricercatori del CRS (Centro Ricerche Sismologiche) hanno tenuto agli studenti e alle studentesse dell\u2019Isis Malignani di Udine. \u201cAbbiamo ricordato quello che \u00e8 successo la sera del 6 maggio 1976. E abbiamo ragionato insieme sulla nostra capacit\u00e0 di misurare i terremoti, costruire strutture antisismiche adeguate e sulla necessit\u00e0 di attuare delle scelte per la riduzione del rischio sismico. Solo questo ci consentir\u00e0 di non essere impreparati nei confronti di un terremoto futuro\u201d, spiega <strong>Laura Peruzza<\/strong>, ricercatrice del CRS e coordinatrice delle attivit\u00e0 didattiche.<\/p>\n<p style=\"text-align: justify;\" class=\"ui-droppable\"> \t\u201cConoscere le buone pratiche di sicurezza \u00e8 infatti essenziale e su questo fronte l\u2019OGS \u00e8 attivo da anni, nell\u2019ambito di iniziative finanziate dalla Protezione Civile Nazionale e dal Ministero dell\u2019Istruzione, Universit\u00e0 e Ricerca\u201d ribadisce Maria Cristina Pedicchio. \u201cPer questo invitiamo tutti, in particolare le scuole, a collegarsi per condividere l\u2019esperienza e il ricordo\u201d.<\/p>\n<p style=\"text-align: justify;\" class=\"ui-droppable\"> \t<strong>Venerd\u00ec 8 e sabato 9 maggio<\/strong>, di mattina, i ricercatori del Centro Ricerche Sismologiche, in via Treviso 55 a Udine, sono pronti ad accogliere le scuole (prenotazione visite all\u2019indirizzo eduscuole@inogs). \u201cNel corso delle visite scolastiche, gli studenti visiteranno la sala sismica, per capire come quotidianamente monitoriamo il territorio e registriamo i terremoti\u201d, spiega <strong>Carla Barnaba<\/strong>, ricercatrice del CRS.<\/p>\n<p style=\"text-align: justify;\" class=\"ui-droppable\"> \tNegli stessi giorni i ricercatori dell\u2019OGS terranno laboratori didattici e conferenze all\u2019Istituto Bearzi di Udine, in occasione di \u201c<strong>Rescue Days<\/strong>\u201d: un\u2019iniziativa promossa dalla scuola per sensibilizzare le giovani generazioni sui temi della sicurezza e della prevenzione dei rischi legati alle\u00a0calamit\u00e0 naturali.<\/p>\n<p style=\"text-align: justify;\" class=\"ui-droppable\"> \t\u00a0<\/p>\n<p style=\"text-align: justify;\" class=\"ui-droppable\"> \tEcco il programma conferenze all&#8217;Istituto Bearzi di Udine (in via Don Bosco, 2):<\/p>\n<p style=\"text-align: justify;\" class=\"ui-droppable\"> \t\u00a0<\/p>\n<p style=\"text-align: justify;\" class=\"ui-droppable\"> \t<strong>LA GRANDE FRANA DEL VAJONT<\/strong><\/p>\n<p style=\"text-align: justify;\" class=\"ui-droppable\"> \t<strong>Massimo Giorgi<\/strong> \u2013 8 maggio ore 9.00<\/p>\n<p style=\"text-align: justify;\" class=\"ui-droppable\"> \tStoria geologica, cenni di idraulica, e studi recenti di geofisica per conoscere la pi\u00f9 drammatica frana d\u2019Italia\u00a0\u00a0\u00a0\u00a0\u00a0\u00a0\u00a0\u00a0\u00a0\u00a0\u00a0\u00a0\u00a0\u00a0\u00a0\u00a0\u00a0\u00a0\u00a0\u00a0\u00a0\u00a0\u00a0\u00a0\u00a0\u00a0\u00a0\u00a0\u00a0\u00a0\u00a0\u00a0\u00a0\u00a0\u00a0\u00a0\u00a0\u00a0\u00a0\u00a0\u00a0\u00a0\u00a0\u00a0\u00a0\u00a0\u00a0\u00a0\u00a0\u00a0\u00a0\u00a0\u00a0\u00a0\u00a0\u00a0\u00a0\u00a0\u00a0\u00a0\u00a0\u00a0\u00a0\u00a0\u00a0\u00a0\u00a0\u00a0\u00a0\u00a0\u00a0\u00a0\u00a0\u00a0\u00a0\u00a0\u00a0\u00a0\u00a0\u00a0\u00a0\u00a0\u00a0\u00a0\u00a0\u00a0\u00a0\u00a0\u00a0\u00a0\u00a0\u00a0\u00a0\u00a0\u00a0\u00a0\u00a0\u00a0\u00a0\u00a0\u00a0\u00a0\u00a0\u00a0\u00a0\u00a0\u00a0\u00a0\u00a0\u00a0\u00a0\u00a0\u00a0\u00a0\u00a0\u00a0\u00a0\u00a0\u00a0\u00a0\u00a0\u00a0\u00a0\u00a0\u00a0\u00a0\u00a0\u00a0\u00a0\u00a0<\/p>\n<p style=\"text-align: justify;\" class=\"ui-droppable\"> \t\u00a0<\/p>\n<p style=\"text-align: justify;\" class=\"ui-droppable\"> \t<strong>SABBIE, FIUMI E TERREMOTI<\/strong><\/p>\n<p style=\"text-align: justify;\" class=\"ui-droppable\"> \t<strong>Livio Sirovich<\/strong> &#8211; 8 maggio ore 11.40<\/p>\n<p style=\"text-align: justify;\" class=\"ui-droppable\"> \tLa cosiddetta &#8220;liquefazione&#8221; delle sabbie nel terremoto del Friuli del 1976, e la &#8220;migrazione&#8221; del corso del Po, dopo l&#8217;evento di Ferrara del 1570<\/p>\n<p style=\"text-align: justify;\" class=\"ui-droppable\"> \t\u00a0<\/p>\n<p style=\"text-align: justify;\" class=\"ui-droppable\"> \t<strong>MODELLI DI SVERSAMENTO DI PETROLIO IN MARE<\/strong><\/p>\n<p style=\"text-align: justify;\" class=\"ui-droppable\"> \t<strong>Donata Melaku Canu<\/strong> \u2013 8 maggio ore 14.30<\/p>\n<p style=\"text-align: justify;\" class=\"ui-droppable\"> \tPrevisione e simulazione degli sversamenti di petrolio con modelli numerici come supporto alla mitigazione del rischio ambientale<\/p>\n<p style=\"text-align: justify;\" class=\"ui-droppable\"> \t\u00a0<\/p>\n<p style=\"text-align: justify;\" class=\"ui-droppable\"> \t<strong>SISMOGRAFI SUL TETTO DEL MONDO<\/strong><\/p>\n<p style=\"text-align: justify;\" class=\"ui-droppable\"> \t<strong>Franco Pettenati<\/strong> \u2013 9 maggio ore 10.05<\/p>\n<p style=\"text-align: justify;\" class=\"ui-droppable\"> \tIl sismografo a larga banda alla Piramide del EvK2CNR (Everest-Nepal): dalla sua installazione agli eventi della cronaca recente<\/p>\n","protected":false},"excerpt":{"rendered":"<p>A 39 anni dal terremoto<\/p>\n","protected":false},"author":28,"featured_media":0,"comment_status":"closed","ping_status":"closed","sticky":false,"template":"","format":"standard","meta":{"dwc-title":[],"dwc-content":[],"footnotes":""},"categories":[5],"tags":[],"class_list":["post-16809","post","type-post","status-publish","format-standard","hentry","category-attualita"],"rttpg_featured_image_url":null,"rttpg_author":{"display_name":"redazione","author_link":"https:\/\/imagazine.it\/home_desk\/author\/redazione\/"},"rttpg_comment":0,"rttpg_category":"<a href=\"https:\/\/imagazine.it\/home_desk\/category\/attualita\/\" rel=\"category tag\">ATTUALIT\u00c0<\/a>","rttpg_excerpt":"A 39 anni dal terremoto","_links":{"self":[{"href":"https:\/\/imagazine.it\/home_desk\/wp-json\/wp\/v2\/posts\/16809","targetHints":{"allow":["GET"]}}],"collection":[{"href":"https:\/\/imagazine.it\/home_desk\/wp-json\/wp\/v2\/posts"}],"about":[{"href":"https:\/\/imagazine.it\/home_desk\/wp-json\/wp\/v2\/types\/post"}],"author":[{"embeddable":true,"href":"https:\/\/imagazine.it\/home_desk\/wp-json\/wp\/v2\/users\/28"}],"replies":[{"embeddable":true,"href":"https:\/\/imagazine.it\/home_desk\/wp-json\/wp\/v2\/comments?post=16809"}],"version-history":[{"count":0,"href":"https:\/\/imagazine.it\/home_desk\/wp-json\/wp\/v2\/posts\/16809\/revisions"}],"wp:attachment":[{"href":"https:\/\/imagazine.it\/home_desk\/wp-json\/wp\/v2\/media?parent=16809"}],"wp:term":[{"taxonomy":"category","embeddable":true,"href":"https:\/\/imagazine.it\/home_desk\/wp-json\/wp\/v2\/categories?post=16809"},{"taxonomy":"post_tag","embeddable":true,"href":"https:\/\/imagazine.it\/home_desk\/wp-json\/wp\/v2\/tags?post=16809"}],"curies":[{"name":"wp","href":"https:\/\/api.w.org\/{rel}","templated":true}]}}