{"id":16801,"date":"2015-04-30T00:00:00","date_gmt":"2015-04-29T23:00:00","guid":{"rendered":"https:\/\/imagazine.it\/?p=16801"},"modified":"2015-04-30T00:00:00","modified_gmt":"2015-04-29T23:00:00","slug":"trieste-spiagge-e-giardini-si-aprono-ai-cani","status":"publish","type":"post","link":"https:\/\/imagazine.it\/home_desk\/trieste-spiagge-e-giardini-si-aprono-ai-cani\/","title":{"rendered":"Trieste, spiagge e giardini si aprono ai cani"},"content":{"rendered":"<p style=\"text-align: justify;\" class=\"ui-droppable\"> \tIn base alla normativa stabilita con la legge regionale 20 del 2012 (art. 21) riguardante l&#8217;accesso dei cani ai giardini, parchi e aree pubbliche (aspetti che saranno definiti anche nell&#8217;ordinanza per la sicurezza della balneazione), l&#8217;amministrazione comunale di Trieste ha inteso fare il punto della situazione. Trieste, infatti, con 20.723 cani iscritti all&#8217;anagrafe canina \u2013 circa 1 cane ogni 10 abitanti \u2013 registra la pi\u00f9 alta densit\u00e0 di &#8216;popolazione canina&#8217; in Italia.<\/p>\n<p style=\"text-align: justify;\" class=\"ui-droppable\"> \tCon la nuova normativa diventano spiagge libere i tratti di litorale non dati in concessione: lungomare Benedetto Croce, il tratto di mare che va dal porticciolo di Barcola Cedas (dopo i Topolini) al &#8216;Bivio&#8217; fra viale Miramare e la Strada Costiera, il Molo situato prima dell&#8217;ingresso principale al Castello di Miramare, la spiaggia prossima al porticciolo di Santa Croce e la spiaggia &#8216;Ai Filtri&#8217;. In questi spazi \u00e8 permesso far accedere i cani, muniti di microchip o tatuati (oltre a essere esenti da infestazioni di pulci, zecche o altri parassiti esterni o endofagi) con uso obbligatorio di guinzaglio (lunghezza non superiore a un metro e cinquanta), mentre i detentori devono portare con s\u00e9 una museruola (rigida o morbida) da applicare ai cani in caso di rischio per l&#8217;incolumit\u00e0 di persone o animali (o su richiesta dell&#8217;Autorit\u00e0 competente).\u00a0<\/p>\n<p style=\"text-align: justify;\" class=\"ui-droppable\"> \tGli assistenti bagnanti conduttori di cani di salvamento, se in servizio, possono condurre i cani anche solo con l&#8217;apposita pettorina. I detentori hanno anche l&#8217;obbligo di avere con s\u00e9 il necessario a rimuovere le deiezioni. Sono esentati i non vedenti accompagnati da cani guida e particolari categorie di persone diversamente abili; il non vedente ha diritto a farsi accompagnare dal proprio cane guida anche se non munito di museruola.<\/p>\n<p style=\"text-align: justify;\" class=\"ui-droppable\"> \tIn tutti i casi \u00e8 necessario provvedere a garantire al proprio cane una zona ombreggiata, oltre a fornire acqua pulita e a non far mancare la passeggiata igienica al di fuori della spiaggia almeno ogni 2 ore; nelle spiagge non \u00e8 consentito inoltre di utilizzare le docce riservate alle persone. Il cane pu\u00f2 entrare in acqua solo se accompagnato e senza guinzaglio, a garanzia della sicurezza dell&#8217;animale, per poi essere nuovamente assicurato al guinzaglio all&#8217;uscita dall&#8217;acqua, evitando per quanto possibile lo &#8216;scrollamento&#8217; accanto agli altri bagnanti.<\/p>\n<p style=\"text-align: justify;\" class=\"ui-droppable\"> \tLa norma prevede anche il divieto del lancio di qualsiasi oggetto utilizzato come gioco quando il cane si trova in acqua nonch\u00e9 il divieto di accesso in acqua per cani femmina (nel periodo di calore). Previste sanzioni amministrative per le violazioni (art. 51 del Regolamento comunale per la tutela e il benessere degli animali; per le violazioni relative ai punti b, c, d, e si fa riferimento all&#8217;art. 33 della L.R.20\/2012; per le violazioni relative ai punti 1, 2, 3, 4 ci si riferisce all&#8217;art. 1164 com. 2 del Codice della Navigazione).<\/p>\n<p style=\"text-align: justify;\" class=\"ui-droppable\"> \tIl Comune di Trieste, nella veste di concessionario delle aree dell&#8217;ex-Cedas, Topolini, Bivio, e Lanterna, non consentir\u00e0 l&#8217;accesso agli animali in questi spazi. L&#8217;ordinanza lascer\u00e0 ai concessionari la scelta per l&#8217;accesso dei cani nella battigia antistante e l&#8217;obbligo di collocare all&#8217;ingresso dell&#8217;area concessa un idoneo cartello con l&#8217;indicazione se i cani sono ammessi o meno e a quali condizioni.<\/p>\n<p style=\"text-align: justify;\" class=\"ui-droppable\"> \tTutti i giardini comunali, in cui storicamente era vietato l&#8217;ingresso ai cani, saranno liberi all&#8217;accesso, mentre rimarr\u00e0 il divieto nel Parco della Rimembranza, luogo della &#8216;memoria&#8217; e di valore &#8216;monumentale&#8217;.\u00a0<\/p>\n","protected":false},"excerpt":{"rendered":"<p>In base alla normativa regionale<\/p>\n","protected":false},"author":28,"featured_media":16802,"comment_status":"closed","ping_status":"closed","sticky":false,"template":"","format":"standard","meta":{"dwc-title":[],"dwc-content":[],"footnotes":""},"categories":[5],"tags":[],"class_list":["post-16801","post","type-post","status-publish","format-standard","has-post-thumbnail","hentry","category-attualita"],"rttpg_featured_image_url":{"full":["https:\/\/imagazine.it\/wp-content\/uploads\/2024\/01\/9889-1.webp",617,400,false],"landscape":["https:\/\/imagazine.it\/wp-content\/uploads\/2024\/01\/9889-1.webp",617,400,false],"portraits":["https:\/\/imagazine.it\/wp-content\/uploads\/2024\/01\/9889-1.webp",617,400,false],"thumbnail":["https:\/\/imagazine.it\/wp-content\/uploads\/2024\/01\/9889-1-150x150.webp",150,150,true],"medium":["https:\/\/imagazine.it\/wp-content\/uploads\/2024\/01\/9889-1-300x194.webp",300,194,true],"large":["https:\/\/imagazine.it\/wp-content\/uploads\/2024\/01\/9889-1.webp",617,400,false],"thumblist":["https:\/\/imagazine.it\/wp-content\/uploads\/2024\/01\/9889-1.webp",300,194,false],"thumbrelated":["https:\/\/imagazine.it\/wp-content\/uploads\/2024\/01\/9889-1.webp",500,324,false],"meccarouselthumb":["https:\/\/imagazine.it\/wp-content\/uploads\/2024\/01\/9889-1.webp",474,307,false],"gridsquare":["https:\/\/imagazine.it\/wp-content\/uploads\/2024\/01\/9889-1.webp",391,253,false],"tileview":["https:\/\/imagazine.it\/wp-content\/uploads\/2024\/01\/9889-1.webp",300,194,false],"1536x1536":["https:\/\/imagazine.it\/wp-content\/uploads\/2024\/01\/9889-1.webp",617,400,false],"2048x2048":["https:\/\/imagazine.it\/wp-content\/uploads\/2024\/01\/9889-1.webp",617,400,false],"newsup-slider-full":["https:\/\/imagazine.it\/wp-content\/uploads\/2024\/01\/9889-1.webp",617,400,false],"newsup-featured":["https:\/\/imagazine.it\/wp-content\/uploads\/2024\/01\/9889-1.webp",617,400,false],"newsup-medium":["https:\/\/imagazine.it\/wp-content\/uploads\/2024\/01\/9889-1-617x380.webp",617,380,true],"tptn_thumbnail":["https:\/\/imagazine.it\/wp-content\/uploads\/2024\/01\/9889-1.webp",250,162,false],"sow-carousel-default":["https:\/\/imagazine.it\/wp-content\/uploads\/2024\/01\/9889-1-272x182.webp",272,182,true]},"rttpg_author":{"display_name":"redazione","author_link":"https:\/\/imagazine.it\/home_desk\/author\/redazione\/"},"rttpg_comment":0,"rttpg_category":"<a href=\"https:\/\/imagazine.it\/home_desk\/category\/attualita\/\" rel=\"category tag\">ATTUALIT\u00c0<\/a>","rttpg_excerpt":"In base alla normativa regionale","_links":{"self":[{"href":"https:\/\/imagazine.it\/home_desk\/wp-json\/wp\/v2\/posts\/16801","targetHints":{"allow":["GET"]}}],"collection":[{"href":"https:\/\/imagazine.it\/home_desk\/wp-json\/wp\/v2\/posts"}],"about":[{"href":"https:\/\/imagazine.it\/home_desk\/wp-json\/wp\/v2\/types\/post"}],"author":[{"embeddable":true,"href":"https:\/\/imagazine.it\/home_desk\/wp-json\/wp\/v2\/users\/28"}],"replies":[{"embeddable":true,"href":"https:\/\/imagazine.it\/home_desk\/wp-json\/wp\/v2\/comments?post=16801"}],"version-history":[{"count":0,"href":"https:\/\/imagazine.it\/home_desk\/wp-json\/wp\/v2\/posts\/16801\/revisions"}],"wp:featuredmedia":[{"embeddable":true,"href":"https:\/\/imagazine.it\/home_desk\/wp-json\/wp\/v2\/media\/16802"}],"wp:attachment":[{"href":"https:\/\/imagazine.it\/home_desk\/wp-json\/wp\/v2\/media?parent=16801"}],"wp:term":[{"taxonomy":"category","embeddable":true,"href":"https:\/\/imagazine.it\/home_desk\/wp-json\/wp\/v2\/categories?post=16801"},{"taxonomy":"post_tag","embeddable":true,"href":"https:\/\/imagazine.it\/home_desk\/wp-json\/wp\/v2\/tags?post=16801"}],"curies":[{"name":"wp","href":"https:\/\/api.w.org\/{rel}","templated":true}]}}