{"id":16777,"date":"2015-04-24T00:00:00","date_gmt":"2015-04-23T23:00:00","guid":{"rendered":"https:\/\/imagazine.it\/?p=16777"},"modified":"2015-04-24T00:00:00","modified_gmt":"2015-04-23T23:00:00","slug":"pordenonelegge-cerca-volontari","status":"publish","type":"post","link":"https:\/\/imagazine.it\/home_desk\/pordenonelegge-cerca-volontari\/","title":{"rendered":"Pordenonelegge cerca volontari"},"content":{"rendered":"<p style=\"text-align: justify;\" class=\"ui-droppable\"> \tAngeli cercasi. Conto alla rovescia per il reclutamento di ragazzi e ragazze che potranno dare un contributo alla macchina organizzativa della <em>Festa del libro con gli Autori<\/em> promossa dalla Fondazione Pordenonelegge.it.<\/p>\n<p style=\"text-align: justify;\" class=\"ui-droppable\"> \tAnche per la XVI edizione di pordenonelegge.it, in programma dal 16 al 20 settembre 2015, ci si pu\u00f2 candidare per diventare gli \u201cangeli\u201d del festival e coordinare le fasi salienti dell&#8217;evento, operando dall&#8217;interno della macchina organizzativa ed entrando a contatto diretto con i protagonisti del festival. Per poter partecipare alle selezioni \u00e8 necessario avere almeno 16 anni e non pi\u00f9 di 25 e dare la propria disponibilit\u00e0 per l\u2019intera durata della kermesse.<\/p>\n<p style=\"text-align: justify;\" class=\"ui-droppable\"> \tIn tutto saranno 50 i giovani che verranno scelti dopo un colloquio con l\u2019organizzazione. I &#8220;nuovi angeli&#8221; che per il primo anno presteranno la opera senza compenso, indossando la caratteristica maglia gialla, saranno affiancati al gi\u00e0 confermato gruppo di oltre 160 del 2014 e saranno impegnati nella logistica, nel presidio luoghi e nella segreteria. Le candidature vanno inviate entro il 15 maggio compilando l\u2019apposito modulo disponibile sul sito <a href=\"http:\/\/www.pordenonelegge.it\" target=\"_blank\" rel=\"noopener\">www.pordenonelegge.it<\/a>.\u00a0<\/p>\n","protected":false},"excerpt":{"rendered":"<p>Avviata la selezione dei nuovi &#8220;angeli&#8221;<\/p>\n","protected":false},"author":28,"featured_media":16778,"comment_status":"closed","ping_status":"closed","sticky":false,"template":"","format":"standard","meta":{"dwc-title":[],"dwc-content":[],"footnotes":""},"categories":[37],"tags":[],"class_list":["post-16777","post","type-post","status-publish","format-standard","has-post-thumbnail","hentry","category-cultura-e-spettacolo"],"rttpg_featured_image_url":{"full":["https:\/\/imagazine.it\/wp-content\/uploads\/2024\/01\/9836-1.webp",388,259,false],"landscape":["https:\/\/imagazine.it\/wp-content\/uploads\/2024\/01\/9836-1.webp",388,259,false],"portraits":["https:\/\/imagazine.it\/wp-content\/uploads\/2024\/01\/9836-1.webp",388,259,false],"thumbnail":["https:\/\/imagazine.it\/wp-content\/uploads\/2024\/01\/9836-1-150x150.webp",150,150,true],"medium":["https:\/\/imagazine.it\/wp-content\/uploads\/2024\/01\/9836-1-300x200.webp",300,200,true],"large":["https:\/\/imagazine.it\/wp-content\/uploads\/2024\/01\/9836-1.webp",388,259,false],"thumblist":["https:\/\/imagazine.it\/wp-content\/uploads\/2024\/01\/9836-1.webp",300,200,false],"thumbrelated":["https:\/\/imagazine.it\/wp-content\/uploads\/2024\/01\/9836-1.webp",388,259,false],"meccarouselthumb":["https:\/\/imagazine.it\/wp-content\/uploads\/2024\/01\/9836-1.webp",388,259,false],"gridsquare":["https:\/\/imagazine.it\/wp-content\/uploads\/2024\/01\/9836-1.webp",388,259,false],"tileview":["https:\/\/imagazine.it\/wp-content\/uploads\/2024\/01\/9836-1.webp",300,200,false],"1536x1536":["https:\/\/imagazine.it\/wp-content\/uploads\/2024\/01\/9836-1.webp",388,259,false],"2048x2048":["https:\/\/imagazine.it\/wp-content\/uploads\/2024\/01\/9836-1.webp",388,259,false],"newsup-slider-full":["https:\/\/imagazine.it\/wp-content\/uploads\/2024\/01\/9836-1.webp",388,259,false],"newsup-featured":["https:\/\/imagazine.it\/wp-content\/uploads\/2024\/01\/9836-1.webp",388,259,false],"newsup-medium":["https:\/\/imagazine.it\/wp-content\/uploads\/2024\/01\/9836-1.webp",388,259,false],"tptn_thumbnail":["https:\/\/imagazine.it\/wp-content\/uploads\/2024\/01\/9836-1.webp",250,167,false],"sow-carousel-default":["https:\/\/imagazine.it\/wp-content\/uploads\/2024\/01\/9836-1-272x182.webp",272,182,true]},"rttpg_author":{"display_name":"redazione","author_link":"https:\/\/imagazine.it\/home_desk\/author\/redazione\/"},"rttpg_comment":0,"rttpg_category":"<a href=\"https:\/\/imagazine.it\/home_desk\/category\/cultura-e-spettacolo\/\" rel=\"category tag\">CULTURA&amp;SPETTACOLO<\/a>","rttpg_excerpt":"Avviata la selezione dei nuovi \"angeli\"","_links":{"self":[{"href":"https:\/\/imagazine.it\/home_desk\/wp-json\/wp\/v2\/posts\/16777","targetHints":{"allow":["GET"]}}],"collection":[{"href":"https:\/\/imagazine.it\/home_desk\/wp-json\/wp\/v2\/posts"}],"about":[{"href":"https:\/\/imagazine.it\/home_desk\/wp-json\/wp\/v2\/types\/post"}],"author":[{"embeddable":true,"href":"https:\/\/imagazine.it\/home_desk\/wp-json\/wp\/v2\/users\/28"}],"replies":[{"embeddable":true,"href":"https:\/\/imagazine.it\/home_desk\/wp-json\/wp\/v2\/comments?post=16777"}],"version-history":[{"count":0,"href":"https:\/\/imagazine.it\/home_desk\/wp-json\/wp\/v2\/posts\/16777\/revisions"}],"wp:featuredmedia":[{"embeddable":true,"href":"https:\/\/imagazine.it\/home_desk\/wp-json\/wp\/v2\/media\/16778"}],"wp:attachment":[{"href":"https:\/\/imagazine.it\/home_desk\/wp-json\/wp\/v2\/media?parent=16777"}],"wp:term":[{"taxonomy":"category","embeddable":true,"href":"https:\/\/imagazine.it\/home_desk\/wp-json\/wp\/v2\/categories?post=16777"},{"taxonomy":"post_tag","embeddable":true,"href":"https:\/\/imagazine.it\/home_desk\/wp-json\/wp\/v2\/tags?post=16777"}],"curies":[{"name":"wp","href":"https:\/\/api.w.org\/{rel}","templated":true}]}}