{"id":16763,"date":"2015-04-21T00:00:00","date_gmt":"2015-04-20T23:00:00","guid":{"rendered":"https:\/\/imagazine.it\/?p=16763"},"modified":"2015-04-21T00:00:00","modified_gmt":"2015-04-20T23:00:00","slug":"quando-la-natura-da-spettacolo","status":"publish","type":"post","link":"https:\/\/imagazine.it\/home_desk\/quando-la-natura-da-spettacolo\/","title":{"rendered":"Quando la natura d\u00e0 spettacolo"},"content":{"rendered":"<p style=\"text-align: justify;\" class=\"ui-droppable\"> \tGrotte, forre, canyon, orridi, abissi: la natura ha creato nelle Dolomiti Friulane fenomeni di grande spettacolarit\u00e0 e impatto emotivo. Una concentrazione unica nel suo genere, tant\u2019\u00e8 che queste montagne attirano dall\u2019Italia e dall\u2019estero schiere di speleologi e appassionati di canyoning. Ma non occorre essere supersportivi per poter ammirare le meraviglie di questo straordinario mondo sotterraneo: infatti alcune, spettacolari, cavit\u00e0 (quali l\u2019<strong>Orrido di Pradis e la Forra del Cellina<\/strong>) sono accessibili al pubblico ed attrezzate per accogliere in tutta i sicurezza i turisti<\/p>\n<p style=\"text-align: justify;\" class=\"ui-droppable\"> \t\u00a0<\/p>\n<p style=\"text-align: justify;\" class=\"ui-droppable\"> \t<strong>Le Grotte e l\u2019Orrido di Pradis<\/strong><\/p>\n<p style=\"text-align: justify;\" class=\"ui-droppable\"> \tLe <strong>Grotte di Pradis<\/strong> e l\u2019<strong>Orrido<\/strong> sottostante &#8211; attrezzato con scalinate e parapetti &#8211; sono fra gli spettacoli naturali pi\u00f9 affascinanti e potenti del Friuli Venezia Giulia. Le si raggiunge seguendo la strada turistica della Val Cosa, solcata dall\u2019omonimo torrente, in un paesaggio tipicamente carsico, con doline e inghiottitoi, fino a Clauzetto. Accessibili a tutti, le grotte sono scavate in rocce calcaree formatesi nel Cretacico superiore, corrispondente a un arco temporale da 65 a 100 milioni di anni fa. I numerosi reperti preistorici rinvenuti al loro interno, specialmente resti di animali e utensili (in parte conservati con altri reperti dell\u2019Et\u00e0 del Bronzo e d\u2019epoca romana nel vicino <strong>Museo della Grotta<\/strong>) testimoniano che erano frequentate fin dal Paleolitico medio (da 40 a 80 mila anni fa) e ne fanno un importante sito archeologico.<\/p>\n<p style=\"text-align: justify;\" class=\"ui-droppable\"> \tLa pi\u00f9 spettacolare \u00e8 la <strong>Grotta della Madonna<\/strong>, un\u2019enorme cavit\u00e0 in grado di contenere oltre 1.000 persone, dove il 24 dicembre si celebra ogni anno una toccante messa di Natale: dal 1968 Tempio Nazionale dello Speleologo, deve il suo nome alla statua della &#8220;Madonnina delle Grotte&#8221; realizzata dallo scultore Costantini di Assisi. Dalle Grotte, <strong>207 scalini<\/strong> portano a esplorare l\u2019<strong>Orrido<\/strong> scavato dal torrente Cosa, che scorre impetuoso decine di metri pi\u00f9 sotto, con salti e cascate. Da qui si snoda un affascinante percorso sul fondo della forra fra gallerie, archi naturali, ponticelli, camminamenti che portano fin sopra la spettacolare cascata alla confluenza del rio Molat nel Cosa. Altrettanto affascinante \u00e8 la visione dall\u2019alto dell\u2019Orrido, di cui si pu\u00f2 apprezzare la grandiosit\u00e0 dalla passerella che lo scavalca, da parte a parte.\u00a0 Le Grotte e l\u2019Orrido sono recintati per motivi di sicurezza e vistabili a orari prestabiliti (info: <a href=\"http:\/\/www.grottedipradis.it\" target=\"_blank\" rel=\"noopener\">www.grottedipradis.it<\/a>). Fanno parte del circuito dell\u2019<strong>Ecomuseo Lis Aganis<\/strong>, che fra l\u2019altro organizza in estate sull\u2019altopiano di Pradis le seguitissime &#8220;<strong>Giornate della Preistoria&#8221;. <\/strong>A Pradis, poco distante dalle Grotte, si trova la sede del <strong>Nature Acqua Park Pradis<\/strong>, centro <strong>canyoning<\/strong> a cui rivolgersi per noleggiare l\u2019attrezzatura ed essere accompagnati lungo avventurosi percorsi di vario genere di difficolt\u00e0.<\/p>\n<p style=\"text-align: justify;\" class=\"ui-droppable\"> \t\u00a0<\/p>\n<p style=\"text-align: justify;\" class=\"ui-droppable\"> \t<strong>La Forra del Cellina<\/strong><\/p>\n<p style=\"text-align: justify;\" class=\"ui-droppable\"> \t<strong>La Forra del Cellina<\/strong> \u00e8 il pi\u00f9 grande canyon del Friuli Venezia Giulia, fra i pi\u00f9 suggestivi e importanti d&#8217;Italia. Oggi <strong>Riserva naturale <\/strong>all&#8217;interno del <strong>Parco Regionale delle Dolomiti Friulane<\/strong>, la forra \u00e8 stata scavata nella roccia calcarea in milioni di anni dal torrente Cellina, che scorre pi\u00f9 sotto, azzurrissimo e limpido. Pareti a strapiombo e straordinari fenomeni creati dall\u2019erosione delle acque (grotte, gallerie, marmitte di erosione, rocce levigate\u2026): scorci unici e spettacolari, che si possono ammirare percorrendo la <strong>Vecchia<\/strong><strong> strada della Valcellina<\/strong>, che univa <strong>Montereale<\/strong> a Barcis. Ora dismessa e off limits alle auto, viene aperta a orari prestabiliti solamente a pedoni e ciclisti (<a href=\"http:\/\/www.riservaforracellina.it\/\" target=\"_blank\" rel=\"noopener\">www.riservaforracellina.it<\/a>) e d\u2019estate pu\u00f2 essere percorsa a bordo di un <strong>Trenino turistico<\/strong>, in partenza da Pont Antoi, a <strong>Barcis<\/strong>. Il suo suggestivo tracciato\u00a0attraversa l&#8217;intera riserva e permette di osservare le spettacolari forme di erosione che il torrente ha lentamente modellato incidendo la stretta forra tra il monte Fara e la Pala d&#8217;Altei. A guardare il vuoto dall&#8217;alto c&#8217;\u00e8 da restare senza fiato. Ma \u00e8 un&#8217;emozione da provare. Un altro scorcio sensazionale sulla Forra \u00e8 quello che si gode dallo <strong>sky walk del Dint<\/strong>, passerella in acciaio sospesa sul vuoto sopra\u00a0il canyon.\u00a0Lo si raggiunge percorrendo il facile <strong>Sentiero del Dint<\/strong>, lungo cui si trovano anche altri punti panoramici da cui si gode una splendida vista anche sul lago di Barcis.<\/p>\n","protected":false},"excerpt":{"rendered":"<p>Escursioni sulle Dolomiti Friulane<\/p>\n","protected":false},"author":28,"featured_media":16764,"comment_status":"closed","ping_status":"closed","sticky":false,"template":"","format":"standard","meta":{"dwc-title":[],"dwc-content":[],"footnotes":""},"categories":[8],"tags":[],"class_list":["post-16763","post","type-post","status-publish","format-standard","has-post-thumbnail","hentry","category-turismo"],"rttpg_featured_image_url":{"full":["https:\/\/imagazine.it\/wp-content\/uploads\/2024\/01\/9788-1.webp",511,340,false],"landscape":["https:\/\/imagazine.it\/wp-content\/uploads\/2024\/01\/9788-1.webp",511,340,false],"portraits":["https:\/\/imagazine.it\/wp-content\/uploads\/2024\/01\/9788-1.webp",511,340,false],"thumbnail":["https:\/\/imagazine.it\/wp-content\/uploads\/2024\/01\/9788-1-150x150.webp",150,150,true],"medium":["https:\/\/imagazine.it\/wp-content\/uploads\/2024\/01\/9788-1-300x200.webp",300,200,true],"large":["https:\/\/imagazine.it\/wp-content\/uploads\/2024\/01\/9788-1.webp",511,340,false],"thumblist":["https:\/\/imagazine.it\/wp-content\/uploads\/2024\/01\/9788-1.webp",300,200,false],"thumbrelated":["https:\/\/imagazine.it\/wp-content\/uploads\/2024\/01\/9788-1.webp",500,333,false],"meccarouselthumb":["https:\/\/imagazine.it\/wp-content\/uploads\/2024\/01\/9788-1.webp",474,315,false],"gridsquare":["https:\/\/imagazine.it\/wp-content\/uploads\/2024\/01\/9788-1.webp",391,260,false],"tileview":["https:\/\/imagazine.it\/wp-content\/uploads\/2024\/01\/9788-1.webp",300,200,false],"1536x1536":["https:\/\/imagazine.it\/wp-content\/uploads\/2024\/01\/9788-1.webp",511,340,false],"2048x2048":["https:\/\/imagazine.it\/wp-content\/uploads\/2024\/01\/9788-1.webp",511,340,false],"newsup-slider-full":["https:\/\/imagazine.it\/wp-content\/uploads\/2024\/01\/9788-1.webp",511,340,false],"newsup-featured":["https:\/\/imagazine.it\/wp-content\/uploads\/2024\/01\/9788-1.webp",511,340,false],"newsup-medium":["https:\/\/imagazine.it\/wp-content\/uploads\/2024\/01\/9788-1.webp",511,340,false],"tptn_thumbnail":["https:\/\/imagazine.it\/wp-content\/uploads\/2024\/01\/9788-1.webp",250,166,false],"sow-carousel-default":["https:\/\/imagazine.it\/wp-content\/uploads\/2024\/01\/9788-1-272x182.webp",272,182,true]},"rttpg_author":{"display_name":"redazione","author_link":"https:\/\/imagazine.it\/home_desk\/author\/redazione\/"},"rttpg_comment":0,"rttpg_category":"<a href=\"https:\/\/imagazine.it\/home_desk\/category\/turismo\/\" rel=\"category tag\">TURISMO<\/a>","rttpg_excerpt":"Escursioni sulle Dolomiti Friulane","_links":{"self":[{"href":"https:\/\/imagazine.it\/home_desk\/wp-json\/wp\/v2\/posts\/16763","targetHints":{"allow":["GET"]}}],"collection":[{"href":"https:\/\/imagazine.it\/home_desk\/wp-json\/wp\/v2\/posts"}],"about":[{"href":"https:\/\/imagazine.it\/home_desk\/wp-json\/wp\/v2\/types\/post"}],"author":[{"embeddable":true,"href":"https:\/\/imagazine.it\/home_desk\/wp-json\/wp\/v2\/users\/28"}],"replies":[{"embeddable":true,"href":"https:\/\/imagazine.it\/home_desk\/wp-json\/wp\/v2\/comments?post=16763"}],"version-history":[{"count":0,"href":"https:\/\/imagazine.it\/home_desk\/wp-json\/wp\/v2\/posts\/16763\/revisions"}],"wp:featuredmedia":[{"embeddable":true,"href":"https:\/\/imagazine.it\/home_desk\/wp-json\/wp\/v2\/media\/16764"}],"wp:attachment":[{"href":"https:\/\/imagazine.it\/home_desk\/wp-json\/wp\/v2\/media?parent=16763"}],"wp:term":[{"taxonomy":"category","embeddable":true,"href":"https:\/\/imagazine.it\/home_desk\/wp-json\/wp\/v2\/categories?post=16763"},{"taxonomy":"post_tag","embeddable":true,"href":"https:\/\/imagazine.it\/home_desk\/wp-json\/wp\/v2\/tags?post=16763"}],"curies":[{"name":"wp","href":"https:\/\/api.w.org\/{rel}","templated":true}]}}