{"id":16707,"date":"2015-04-10T00:00:00","date_gmt":"2015-04-09T23:00:00","guid":{"rendered":"https:\/\/imagazine.it\/?p=16707"},"modified":"2015-04-10T00:00:00","modified_gmt":"2015-04-09T23:00:00","slug":"musicisti-triestini-alla-conquista-di-praga","status":"publish","type":"post","link":"https:\/\/imagazine.it\/home_desk\/musicisti-triestini-alla-conquista-di-praga\/","title":{"rendered":"Musicisti triestini alla conquista di Praga"},"content":{"rendered":"<p style=\"text-align: justify;\" class=\"ui-droppable\"> \tTrieste incontra Praga. Tre concerti che vedranno coinvolti 15 studenti del Conservatorio Tartini della fascia superiore (Triennio \u2013 Biennio) esibirsi in una serie di appuntamenti nella capitale della Repubblica Ceca.<\/p>\n<p style=\"text-align: justify;\" class=\"ui-droppable\"> \tPrimo appuntamento domenica 12 aprile, nel prestigioso Museo della Tecnica di Praga, ore 16.30, con un omaggio alla Repubblica Ceca \u2013 <em>La Tradizione<\/em>. In programma due concerti d\u2019archi su <strong>musiche di A. Dvo\u0159\u00e1k<\/strong> con il Quartetto in la min. op.16 per archi eseguito da <strong>Dragana Gajic<\/strong> \u2013 violino, <strong>Alessandro Mele<\/strong> &#8211; violino, <strong>Lucia Dorfmann<\/strong> \u2013 viola, <strong>Alessandro Petterle<\/strong> \u2013 violoncello. Ancora pagine di A. Dvo\u0159\u00e1k, il Quintetto in Sol magg. op.77, per il secondo concerto in cartellone affidato a <strong>Francesca Somma<\/strong> \u2013 violino, Alessandro Mele \u2013 violino, <strong>Angelica Groppi<\/strong> \u2013 viola, Alberto Petterle \u2013 violoncello e <strong>Michele Badin<\/strong> \u2013 contrabbasso.<\/p>\n<p style=\"text-align: justify;\" class=\"ui-droppable\"> \tL\u2019esibizione sar\u00e0 preceduta dall\u2019inaugurazione della mostra \u201cBreifeld &#038; Dan\u011bk: tra Trieste e Praga. Si prosegue luned\u00ec 13 aprile, Conservatorio di Praga, Sala della Musica da Camera, Palazzo Palffy, ore 14 ancora un omaggio alla Repubblica Ceca questa volta dedicato alle nuove sonorit\u00e0 con il Piano Trio n.4 in Mi minore, op 90 di A. Dvo\u0159\u00e1k (Francesca Somma, violino &#8211;\u00a0 <strong>Davide Forti<\/strong>, violoncello &#8211; <strong>Mos\u00e8 Andrich<\/strong>, piano), di Mozart \u2013\u00a0 Busoni (1866-1924) la Fantasia in fa minore f\u00fcr eine Orgelwalze\u201d K. 608 (V.Vargiu- Pianoforte e G. Rotari &#8211; Fisarmonica), di C\u00e9sar Franck il \u201cPreludio, Fuga e Variazioni in si minore, op. 18\u201d (V.Vargiu- Pianoforte e Wei Duan &#8211; Fisarmonica), il \u201cDuo (Preludio e Toccata)\u201d di Jinrich Feld (W.Duan e G.Rotari\u00a0 Fisarmoniche) e di Leo\u0161 Jan\u00e1\u010dek dal \u201cSul sentiero di rovi\u201d (Vargiu-Pianoforte e G.Rotari-Fisarmonica). Sempre luned\u00ec 13 aprile, ore 14.30, all\u2019Istituto di Scienze Musicali della Facolt\u00e0 di Lettere e Filosofia dell\u2019Universit\u00e0 Carlo di Praga, \u00e8 in programma una conferenza \u201cThe Role of Czech Music in the 19th Century. Trieste between Italian and Slovene Cultures\u201c a cura dei professori Ivano Cavallini e Aleksander Rojc.<\/p>\n<p style=\"text-align: justify;\" class=\"ui-droppable\"> \tA chiudere il ciclo di appuntamenti per il progetto Trieste-Praga 2015, il concerto in cartellone nella suggestiva Cappella barocca dell\u2019Istituto Italiano di Cultura di Praga, marted\u00ec 14 aprile ore 18, sempre con un omaggio alla Repubblica Ceca \u201cVerso il futuro\u201d con pagine di A. Dvorak Piano Trio n. 4 in Mi minore, Op. 90, \u201cDumky\u201d, Francesca Somma, violino, Davide Forti, violoncello, Mos\u00e8 Andrich, pianoforte e di <strong>Adolf M\u00ed\u0161ek<\/strong> Sonata n\u00b02 op. 6\u00a0 per Contrabbasso e Pianoforte, <strong>Ilayda Ulas<\/strong>, contrabbasso e <strong>Llambi Cano<\/strong>, pianoforte.<\/p>\n<p style=\"text-align: justify;\" class=\"ui-droppable\"> \tIl<strong> progetto Trieste Praga 2015 <\/strong>supportato dalla Regione FVG e coordinato da Antonella Caroli con molti partner cittadini, \u00e8 stato organizzato in collaborazione con Italia Nostra, il Museo Nazionale della Tecnica di Praga, il Conservatorio di Praga, l\u2019Istituto di Scienze Musicali della Facolt\u00e0 di Lettere e Filosofia dell\u2019Universit\u00e0 Carlo di Praga e l\u2019Istituto Italiano di Cultura. I concerti saranno replicati anche in Regione e presso l\u2019Accademia Musicale Citt\u00e0 di Gorizia.<\/p>\n","protected":false},"excerpt":{"rendered":"<p>Progetto del Conservatorio Tartini<\/p>\n","protected":false},"author":28,"featured_media":16708,"comment_status":"closed","ping_status":"closed","sticky":false,"template":"","format":"standard","meta":{"dwc-title":[],"dwc-content":[],"footnotes":""},"categories":[37],"tags":[],"class_list":["post-16707","post","type-post","status-publish","format-standard","has-post-thumbnail","hentry","category-cultura-e-spettacolo"],"rttpg_featured_image_url":{"full":["https:\/\/imagazine.it\/wp-content\/uploads\/2024\/01\/9665-1.webp",700,494,false],"landscape":["https:\/\/imagazine.it\/wp-content\/uploads\/2024\/01\/9665-1.webp",700,494,false],"portraits":["https:\/\/imagazine.it\/wp-content\/uploads\/2024\/01\/9665-1.webp",700,494,false],"thumbnail":["https:\/\/imagazine.it\/wp-content\/uploads\/2024\/01\/9665-1-150x150.webp",150,150,true],"medium":["https:\/\/imagazine.it\/wp-content\/uploads\/2024\/01\/9665-1-300x212.webp",300,212,true],"large":["https:\/\/imagazine.it\/wp-content\/uploads\/2024\/01\/9665-1.webp",640,452,false],"thumblist":["https:\/\/imagazine.it\/wp-content\/uploads\/2024\/01\/9665-1.webp",300,212,false],"thumbrelated":["https:\/\/imagazine.it\/wp-content\/uploads\/2024\/01\/9665-1.webp",500,353,false],"meccarouselthumb":["https:\/\/imagazine.it\/wp-content\/uploads\/2024\/01\/9665-1.webp",459,324,false],"gridsquare":["https:\/\/imagazine.it\/wp-content\/uploads\/2024\/01\/9665-1.webp",368,260,false],"tileview":["https:\/\/imagazine.it\/wp-content\/uploads\/2024\/01\/9665-1.webp",300,212,false],"1536x1536":["https:\/\/imagazine.it\/wp-content\/uploads\/2024\/01\/9665-1.webp",700,494,false],"2048x2048":["https:\/\/imagazine.it\/wp-content\/uploads\/2024\/01\/9665-1.webp",700,494,false],"newsup-slider-full":["https:\/\/imagazine.it\/wp-content\/uploads\/2024\/01\/9665-1.webp",700,494,false],"newsup-featured":["https:\/\/imagazine.it\/wp-content\/uploads\/2024\/01\/9665-1.webp",700,494,false],"newsup-medium":["https:\/\/imagazine.it\/wp-content\/uploads\/2024\/01\/9665-1-700x380.webp",700,380,true],"tptn_thumbnail":["https:\/\/imagazine.it\/wp-content\/uploads\/2024\/01\/9665-1.webp",250,176,false],"sow-carousel-default":["https:\/\/imagazine.it\/wp-content\/uploads\/2024\/01\/9665-1-272x182.webp",272,182,true]},"rttpg_author":{"display_name":"redazione","author_link":"https:\/\/imagazine.it\/home_desk\/author\/redazione\/"},"rttpg_comment":0,"rttpg_category":"<a href=\"https:\/\/imagazine.it\/home_desk\/category\/cultura-e-spettacolo\/\" rel=\"category tag\">CULTURA&amp;SPETTACOLO<\/a>","rttpg_excerpt":"Progetto del Conservatorio Tartini","_links":{"self":[{"href":"https:\/\/imagazine.it\/home_desk\/wp-json\/wp\/v2\/posts\/16707","targetHints":{"allow":["GET"]}}],"collection":[{"href":"https:\/\/imagazine.it\/home_desk\/wp-json\/wp\/v2\/posts"}],"about":[{"href":"https:\/\/imagazine.it\/home_desk\/wp-json\/wp\/v2\/types\/post"}],"author":[{"embeddable":true,"href":"https:\/\/imagazine.it\/home_desk\/wp-json\/wp\/v2\/users\/28"}],"replies":[{"embeddable":true,"href":"https:\/\/imagazine.it\/home_desk\/wp-json\/wp\/v2\/comments?post=16707"}],"version-history":[{"count":0,"href":"https:\/\/imagazine.it\/home_desk\/wp-json\/wp\/v2\/posts\/16707\/revisions"}],"wp:featuredmedia":[{"embeddable":true,"href":"https:\/\/imagazine.it\/home_desk\/wp-json\/wp\/v2\/media\/16708"}],"wp:attachment":[{"href":"https:\/\/imagazine.it\/home_desk\/wp-json\/wp\/v2\/media?parent=16707"}],"wp:term":[{"taxonomy":"category","embeddable":true,"href":"https:\/\/imagazine.it\/home_desk\/wp-json\/wp\/v2\/categories?post=16707"},{"taxonomy":"post_tag","embeddable":true,"href":"https:\/\/imagazine.it\/home_desk\/wp-json\/wp\/v2\/tags?post=16707"}],"curies":[{"name":"wp","href":"https:\/\/api.w.org\/{rel}","templated":true}]}}