{"id":16658,"date":"2015-04-01T00:00:00","date_gmt":"2015-03-31T23:00:00","guid":{"rendered":"https:\/\/imagazine.it\/?p=16658"},"modified":"2015-04-01T00:00:00","modified_gmt":"2015-03-31T23:00:00","slug":"a-udine-il-meglio-della-musica-gitana","status":"publish","type":"post","link":"https:\/\/imagazine.it\/home_desk\/a-udine-il-meglio-della-musica-gitana\/","title":{"rendered":"A Udine il meglio della musica gitana"},"content":{"rendered":"<p style=\"text-align: justify;\" class=\"ui-droppable\"> \tL&#8217;8 aprile si celebra in tutto il mondo la <strong>Giornata Internazionale dei Rom e dei Sinti<\/strong>, istituita in ricordo di quel giorno del 1971, quando a Londra si costitu\u00ec la Romani Union, la prima associazione mondiale dei Rom, riconosciuta poi dall&#8217;ONU nel 1979. Una ricorrenza che sar\u00e0 festeggiata anche in questo 2015 in tutto il mondo e in molte citt\u00e0 italiane con conferenze, dibattiti, proiezioni, concerti, e un incontro speciale a Montecitorio, dove la Presidente della Camera, <strong>Laura Boldrini<\/strong>, ricever\u00e0 una delegazione di ragazzi Rom. La giornata vedr\u00e0 anche a Udine un grande evento musicale, quello con protagonista una fra le pi\u00f9 importanti orchestre del nostro tempo, l\u2019<strong>Hungarian Gypsy Shymphony Orchestra<\/strong>, che si esibir\u00e0 al <strong>Teatro Nuovo Giovanni da Udine<\/strong> alle ore <strong>21<\/strong>, per un <strong>unico straordinario concerto italiano<\/strong>.<\/p>\n<p style=\"text-align: justify;\" class=\"ui-droppable\"> \tUna serata di festa in compagnia della migliore tradizione musicale gypsy, che permetter\u00e0 di riflettere anche su temi pi\u00f9 che mai attuali come quelli dell\u2019integrazione e della multiculturalit\u00e0. La musica diviene in questo senso uno strumento straordinario per veicolare un messaggio positivo, affidato alla bravura e preparazione di una delle orchestre pi\u00f9 importanti al mondo. Sul palco di Udine l\u2019<strong>Hungarian Gypsy Symphony Orchestra<\/strong> proporr\u00e0 uno spettacolo travolgente, reso tale da un repertorio incalzante che mescola musiche della migliore tradizione gitana di grandi violinisti e compositori come <strong>Grigoras Dinicu<\/strong> e <strong>Ferenc Erkel<\/strong>, per spaziare poi al repertorio ungherese e yiddish e ai grandi compositori classici come <strong>Johannes Brahms<\/strong>, <strong>Jacques Offenbach<\/strong>, <strong>Pablo de Sarasate<\/strong>, <strong>Johann Strauss<\/strong> padre e figlio, <strong>Peter Tchaikovsky<\/strong>, tutti magistralmente interpretati sul palco dai quasi 100 musicisti gitani. Violini, violoncelli, contrabbassi, cembali, clarinetti e zibaldom, tutti uniti per trasmettere allo spettatore l&#8217;energia di un popolo che ha scelto la musica come linguaggio universale. Particolare non da poco \u00e8 che tutto il repertorio viene suonato a memoria, senza l\u2019ausilio di alcuno spartito, fatto che contribuisce a rendere i concerti di questa orchestra degli eventi musicali dal fascino assoluto.<\/p>\n<p style=\"text-align: justify;\" class=\"ui-droppable\"> \tIl concerto dell\u2019<strong>Hungarian Gypsy Symphony Orchestra<\/strong> \u00e8 organizzato dal <strong>Teatro Nuovo Giovanni da Udine<\/strong> e <strong>Azalea Promotion<\/strong>, in collaborazione con la <strong>Regione<\/strong>, il <strong>Comune di Udine<\/strong> e l\u2019<strong>Associazione Altramusica<\/strong>. I <strong>biglietti<\/strong> per lo spettacolo sono ancora disponibili online su Ticketone, nei punti autorizzati e alle biglietterie del teatro. Coloro i quali avranno acquistato il biglietto per la <strong>Hungarian Gypsy Symphony Orchestra<\/strong> potranno inoltre usufruire del biglietto ridotto per lo spettacolo \u201c<strong>Open For Everything<\/strong>\u201d di <strong>Constanza Macras <\/strong>(17-18 aprile ore 20.45, sempre al Teatro Nuovo Giovanni da Udine).<\/p>\n<p style=\"text-align: justify;\" class=\"ui-droppable\"> \tInfo: <a href=\"http:\/\/www.azalea.it\/\" target=\"_blank\" rel=\"noopener\">www.azalea.it<\/a><\/p>\n","protected":false},"excerpt":{"rendered":"<p>Mercoled\u00ec 8 aprile al Teatro Nuovo<\/p>\n","protected":false},"author":28,"featured_media":16659,"comment_status":"closed","ping_status":"closed","sticky":false,"template":"","format":"standard","meta":{"dwc-title":[],"dwc-content":[],"footnotes":""},"categories":[37],"tags":[],"class_list":["post-16658","post","type-post","status-publish","format-standard","has-post-thumbnail","hentry","category-cultura-e-spettacolo"],"rttpg_featured_image_url":{"full":["https:\/\/imagazine.it\/wp-content\/uploads\/2024\/01\/9585-1.webp",599,333,false],"landscape":["https:\/\/imagazine.it\/wp-content\/uploads\/2024\/01\/9585-1.webp",599,333,false],"portraits":["https:\/\/imagazine.it\/wp-content\/uploads\/2024\/01\/9585-1.webp",599,333,false],"thumbnail":["https:\/\/imagazine.it\/wp-content\/uploads\/2024\/01\/9585-1-150x150.webp",150,150,true],"medium":["https:\/\/imagazine.it\/wp-content\/uploads\/2024\/01\/9585-1-300x167.webp",300,167,true],"large":["https:\/\/imagazine.it\/wp-content\/uploads\/2024\/01\/9585-1.webp",599,333,false],"thumblist":["https:\/\/imagazine.it\/wp-content\/uploads\/2024\/01\/9585-1.webp",300,167,false],"thumbrelated":["https:\/\/imagazine.it\/wp-content\/uploads\/2024\/01\/9585-1.webp",500,278,false],"meccarouselthumb":["https:\/\/imagazine.it\/wp-content\/uploads\/2024\/01\/9585-1.webp",474,264,false],"gridsquare":["https:\/\/imagazine.it\/wp-content\/uploads\/2024\/01\/9585-1.webp",391,217,false],"tileview":["https:\/\/imagazine.it\/wp-content\/uploads\/2024\/01\/9585-1.webp",300,167,false],"1536x1536":["https:\/\/imagazine.it\/wp-content\/uploads\/2024\/01\/9585-1.webp",599,333,false],"2048x2048":["https:\/\/imagazine.it\/wp-content\/uploads\/2024\/01\/9585-1.webp",599,333,false],"newsup-slider-full":["https:\/\/imagazine.it\/wp-content\/uploads\/2024\/01\/9585-1.webp",599,333,false],"newsup-featured":["https:\/\/imagazine.it\/wp-content\/uploads\/2024\/01\/9585-1.webp",599,333,false],"newsup-medium":["https:\/\/imagazine.it\/wp-content\/uploads\/2024\/01\/9585-1.webp",599,333,false],"tptn_thumbnail":["https:\/\/imagazine.it\/wp-content\/uploads\/2024\/01\/9585-1.webp",250,139,false],"sow-carousel-default":["https:\/\/imagazine.it\/wp-content\/uploads\/2024\/01\/9585-1-272x182.webp",272,182,true]},"rttpg_author":{"display_name":"redazione","author_link":"https:\/\/imagazine.it\/home_desk\/author\/redazione\/"},"rttpg_comment":0,"rttpg_category":"<a href=\"https:\/\/imagazine.it\/home_desk\/category\/cultura-e-spettacolo\/\" rel=\"category tag\">CULTURA&amp;SPETTACOLO<\/a>","rttpg_excerpt":"Mercoled\u00ec 8 aprile al Teatro Nuovo","_links":{"self":[{"href":"https:\/\/imagazine.it\/home_desk\/wp-json\/wp\/v2\/posts\/16658","targetHints":{"allow":["GET"]}}],"collection":[{"href":"https:\/\/imagazine.it\/home_desk\/wp-json\/wp\/v2\/posts"}],"about":[{"href":"https:\/\/imagazine.it\/home_desk\/wp-json\/wp\/v2\/types\/post"}],"author":[{"embeddable":true,"href":"https:\/\/imagazine.it\/home_desk\/wp-json\/wp\/v2\/users\/28"}],"replies":[{"embeddable":true,"href":"https:\/\/imagazine.it\/home_desk\/wp-json\/wp\/v2\/comments?post=16658"}],"version-history":[{"count":0,"href":"https:\/\/imagazine.it\/home_desk\/wp-json\/wp\/v2\/posts\/16658\/revisions"}],"wp:featuredmedia":[{"embeddable":true,"href":"https:\/\/imagazine.it\/home_desk\/wp-json\/wp\/v2\/media\/16659"}],"wp:attachment":[{"href":"https:\/\/imagazine.it\/home_desk\/wp-json\/wp\/v2\/media?parent=16658"}],"wp:term":[{"taxonomy":"category","embeddable":true,"href":"https:\/\/imagazine.it\/home_desk\/wp-json\/wp\/v2\/categories?post=16658"},{"taxonomy":"post_tag","embeddable":true,"href":"https:\/\/imagazine.it\/home_desk\/wp-json\/wp\/v2\/tags?post=16658"}],"curies":[{"name":"wp","href":"https:\/\/api.w.org\/{rel}","templated":true}]}}