{"id":16656,"date":"2015-04-01T00:00:00","date_gmt":"2015-03-31T23:00:00","guid":{"rendered":"https:\/\/imagazine.it\/?p=16656"},"modified":"2015-04-01T00:00:00","modified_gmt":"2015-03-31T23:00:00","slug":"frammenti-di-memorie-gran-finale-a-pasqua","status":"publish","type":"post","link":"https:\/\/imagazine.it\/home_desk\/frammenti-di-memorie-gran-finale-a-pasqua\/","title":{"rendered":"&#8220;Frammenti di memorie&#8221;, gran finale a Pasqua"},"content":{"rendered":"<p style=\"text-align: justify;\" class=\"ui-droppable\"> \tRester\u00e0 visitabile fino a luned\u00ec 6 aprile, Luned\u00ec dell\u2019Angelo, la mostra multimediale <em>\u201cFrammenti di memorie. Cividale del Friuli e la Societ\u00e0 Operaia durante la Prima Guerra Mondiale\u201d,<\/em> allestita a <strong>Cividale del Friuli<\/strong>, nella<strong> Chiesa di Santa Maria dei Battuti<\/strong>, su ideazione, progetto e realizzazione della Societ\u00e0 Operaia di Mutuo Soccorso ed Istruzione di Cividale del Friuli. Oltre 6 mila presenze hanno siglato fino ad oggi il successo della mostra, che si congeda con una importante novit\u00e0: \u00e8 disponibile direttamente in mostra, oppure su richiesta a SOMSI, il catalogo che racchiude il \u201cracconto per immagini\u201d allestito in questi mesi, con fotografie inedite da archivi pubblici e privati.<\/p>\n<p style=\"text-align: justify;\" class=\"ui-droppable\"> \tIn 64 pagine, su progetto grafico a cura di <strong>Renato Danelone<\/strong>, vengono cos\u00ec ripercorsi i contenuti e i temi portanti della mostra, che si proponeva di ricostruire, a cent\u2019anni dall\u2019entrata dell\u2019Italia nella Grande Guerra, l\u2019Annus Horribilis dell\u2019occupazione austroungarica in Friuli e a Cividale \u2013 il 1917 &#8211; e le atmosfere legate al primo conflitto mondiale sul confine di nord-est. Attraverso il percorso espositivo sono stati messi a fuoco gli eventi cruciali che hanno preceduto e seguito la rotta di Caporetto a Cividale e in Friuli, e gli episodi notevoli di quel periodo: come i progetti di ferrovia Udine- Cividale- Caporetto e Cividale Canale, la visita del Kaiser Carlo I\u00b0 a Cividale per l\u2019inaugurazione del ricostruito Ponte del Diavolo, l\u2019occupazione della citt\u00e0, il primo manifesto bilingue affisso a Cividale dagli occupanti austro-ungarici, la profuganza da Cividale e dal territorio verso Firenze, Roma e altre citt\u00e0 italiane.<\/p>\n<p style=\"text-align: justify;\" class=\"ui-droppable\"> \tAperta nella giornata di Pasqua e di luned\u00ec di Pasquetta, la mostra osserva gli orari 10-13\/14.30-18 con ingresso gratuito. Le visite storiche sono prenotabili all&#8217;indirizzo email: prenota.mostrasomsi@gmail.com oppure chiamando 349-5687788. Costo per adulti \u20ac 4; bambini sotto gli 8 anni gratis; bambini dagli 8 anni ai 12: \u20ac 3.<\/p>\n<p style=\"text-align: justify;\" class=\"ui-droppable\"> \tHa curato il progetto della mostra un <strong>comitato tecnico scientifico<\/strong> composto dal presidente SOMSI Cividale <strong>Mauro Pascolini<\/strong>, da <strong>Renato Danelone<\/strong> direttore Centro Ricerca e Documentazione SOMSI, da <strong>Eva Monai<\/strong> e <strong>Giulia Sattolo<\/strong> del CdA SOMSI, con il docente <strong>Andrea Zannini<\/strong> dell\u2019Universit\u00e0 di Udine. Progetto e coordinamento dell\u2019allestimento a cura di Eva Monai, progetto grafico di Renato Danelone, ideazione, progetto e realizzazioni multimediali a cura di Filippo Di Primio.<strong> Sono stati consultati<\/strong> l\u2019Archivio di Stato di Udine, l\u2019 Archivio Capitolare della Parrocchia di Cividale, l\u2019Archivio del Comune di Cividale, la Biblioteca e il Museo Archeologico Nazionale di Cividale del Friuli, l\u2019Archivio SOMSI Cividale. Hanno collaborato alla realizzazione della mostra i Comuni di Moimacco, Prepotto, San Pietro al Natisone e Torreano, l\u2019Istituto Comprensivo di Cividale del Friuli, l\u2019Associazione Musicale Sergio Gaggia, il Coro Alpino Monte Nero, l\u2019Associazione Culturale Cividale Novecento.\u00a0<\/p>\n","protected":false},"excerpt":{"rendered":"<p>Finora oltre 6.000 presenze a Cividale<\/p>\n","protected":false},"author":28,"featured_media":16657,"comment_status":"closed","ping_status":"closed","sticky":false,"template":"","format":"standard","meta":{"dwc-title":[],"dwc-content":[],"footnotes":""},"categories":[37],"tags":[],"class_list":["post-16656","post","type-post","status-publish","format-standard","has-post-thumbnail","hentry","category-cultura-e-spettacolo"],"rttpg_featured_image_url":{"full":["https:\/\/imagazine.it\/wp-content\/uploads\/2024\/01\/9583-1.webp",350,468,false],"landscape":["https:\/\/imagazine.it\/wp-content\/uploads\/2024\/01\/9583-1.webp",350,468,false],"portraits":["https:\/\/imagazine.it\/wp-content\/uploads\/2024\/01\/9583-1.webp",350,468,false],"thumbnail":["https:\/\/imagazine.it\/wp-content\/uploads\/2024\/01\/9583-1-150x150.webp",150,150,true],"medium":["https:\/\/imagazine.it\/wp-content\/uploads\/2024\/01\/9583-1-224x300.webp",224,300,true],"large":["https:\/\/imagazine.it\/wp-content\/uploads\/2024\/01\/9583-1.webp",350,468,false],"thumblist":["https:\/\/imagazine.it\/wp-content\/uploads\/2024\/01\/9583-1.webp",224,300,false],"thumbrelated":["https:\/\/imagazine.it\/wp-content\/uploads\/2024\/01\/9583-1.webp",350,468,false],"meccarouselthumb":["https:\/\/imagazine.it\/wp-content\/uploads\/2024\/01\/9583-1.webp",242,324,false],"gridsquare":["https:\/\/imagazine.it\/wp-content\/uploads\/2024\/01\/9583-1.webp",194,260,false],"tileview":["https:\/\/imagazine.it\/wp-content\/uploads\/2024\/01\/9583-1.webp",300,400,false],"1536x1536":["https:\/\/imagazine.it\/wp-content\/uploads\/2024\/01\/9583-1.webp",350,468,false],"2048x2048":["https:\/\/imagazine.it\/wp-content\/uploads\/2024\/01\/9583-1.webp",350,468,false],"newsup-slider-full":["https:\/\/imagazine.it\/wp-content\/uploads\/2024\/01\/9583-1.webp",350,468,false],"newsup-featured":["https:\/\/imagazine.it\/wp-content\/uploads\/2024\/01\/9583-1.webp",350,468,false],"newsup-medium":["https:\/\/imagazine.it\/wp-content\/uploads\/2024\/01\/9583-1-350x380.webp",350,380,true],"tptn_thumbnail":["https:\/\/imagazine.it\/wp-content\/uploads\/2024\/01\/9583-1.webp",157,210,false],"sow-carousel-default":["https:\/\/imagazine.it\/wp-content\/uploads\/2024\/01\/9583-1-272x182.webp",272,182,true]},"rttpg_author":{"display_name":"redazione","author_link":"https:\/\/imagazine.it\/home_desk\/author\/redazione\/"},"rttpg_comment":0,"rttpg_category":"<a href=\"https:\/\/imagazine.it\/home_desk\/category\/cultura-e-spettacolo\/\" rel=\"category tag\">CULTURA&amp;SPETTACOLO<\/a>","rttpg_excerpt":"Finora oltre 6.000 presenze a Cividale","_links":{"self":[{"href":"https:\/\/imagazine.it\/home_desk\/wp-json\/wp\/v2\/posts\/16656","targetHints":{"allow":["GET"]}}],"collection":[{"href":"https:\/\/imagazine.it\/home_desk\/wp-json\/wp\/v2\/posts"}],"about":[{"href":"https:\/\/imagazine.it\/home_desk\/wp-json\/wp\/v2\/types\/post"}],"author":[{"embeddable":true,"href":"https:\/\/imagazine.it\/home_desk\/wp-json\/wp\/v2\/users\/28"}],"replies":[{"embeddable":true,"href":"https:\/\/imagazine.it\/home_desk\/wp-json\/wp\/v2\/comments?post=16656"}],"version-history":[{"count":0,"href":"https:\/\/imagazine.it\/home_desk\/wp-json\/wp\/v2\/posts\/16656\/revisions"}],"wp:featuredmedia":[{"embeddable":true,"href":"https:\/\/imagazine.it\/home_desk\/wp-json\/wp\/v2\/media\/16657"}],"wp:attachment":[{"href":"https:\/\/imagazine.it\/home_desk\/wp-json\/wp\/v2\/media?parent=16656"}],"wp:term":[{"taxonomy":"category","embeddable":true,"href":"https:\/\/imagazine.it\/home_desk\/wp-json\/wp\/v2\/categories?post=16656"},{"taxonomy":"post_tag","embeddable":true,"href":"https:\/\/imagazine.it\/home_desk\/wp-json\/wp\/v2\/tags?post=16656"}],"curies":[{"name":"wp","href":"https:\/\/api.w.org\/{rel}","templated":true}]}}