{"id":16607,"date":"2015-03-24T00:00:00","date_gmt":"2015-03-23T23:00:00","guid":{"rendered":"https:\/\/imagazine.it\/?p=16607"},"modified":"2015-03-24T00:00:00","modified_gmt":"2015-03-23T23:00:00","slug":"dalla-maratona-unesco-a-un-sogno-a-5-cerchi","status":"publish","type":"post","link":"https:\/\/imagazine.it\/home_desk\/dalla-maratona-unesco-a-un-sogno-a-5-cerchi\/","title":{"rendered":"Dalla Maratona Unesco a un sogno a 5 cerchi"},"content":{"rendered":"<p style=\"text-align: justify;\" class=\"ui-droppable\"> \tIl sogno si chiama Rio, la nona Paralimpiade di una carriera straordinaria. Magari con l\u2019obiettivo di una medaglia: che sarebbe la dodicesima della serie, la prima in una disciplina per lei inedita come il paraciclismo.<\/p>\n<p style=\"text-align: justify;\" class=\"ui-droppable\"> \t<strong>Francesca Porcellato<\/strong>, domenica, sar\u00e0 al via dell\u2019Unesco Cities Marathon, il grande appuntamento friulano che per i disabili \u00e8 anche valido come tappa &#8211; organizzata dalla societ\u00e0 \u201cBasket e non solo\u201d &#8211; del campionato italiano handbike.<\/p>\n<p style=\"text-align: justify;\" class=\"ui-droppable\"> \tPer la \u201crossa volante\u201d &#8211; originaria di Riese Pio X, nel Trevigiano, ma da diversi anni residente a Valeggio sul Mincio, nel Veronese &#8211; \u00e8 la terza maratona con una handbike.<\/p>\n<p style=\"text-align: justify;\" class=\"ui-droppable\"> \t\u201cHo iniziato l\u2019anno scorso a Berlino, quasi per gioco \u2013 spiega \u2013. Mi sono subito appassionata. La Treviso Marathon, il 1\u00b0 marzo, \u00e8 stato l\u2019inizio ufficiale della mia nuova avventura e spero che l\u2019Unesco Cities Marathon rappresenti un progresso. Mi dicono che il percorso \u00e8 veloce, giusto quello che ci vuole. Ho bisogno di fare esperienza nella disciplina e di acquistare brillantezza dopo i grandi carichi invernali. Posso farlo soltanto gareggiando. Ora l\u2019obiettivo \u00e8 migliorare il tempo di Treviso (1h24\u201925\u201d, ndr)\u201d.<\/p>\n<p style=\"text-align: justify;\" class=\"ui-droppable\"> \tFrancesca Porcellato \u00e8 una leggenda del movimento paralimpico italiano. Ha partecipato a otto edizioni della rassegna a cinque cerchi, sei nell\u2019atletica e due nello sci nordico, vincendo 11 medaglie, tre delle quali d\u2019oro (due nell\u2019atletica su pista, l\u2019ultima nello sci nordico a Vancouver 2010). \u00c8 stata portabandiera italiana a Pechino 2008. Ha vissuto la Paralimpiade anche in veste di giornalista, come commentatrice per Sky. Ha corso e vinto, con la carrozzina olimpica, nelle pi\u00f9 importanti maratone al mondo, da New York a Londra, a Berlino.\u00a0<\/p>\n<p style=\"text-align: justify;\" class=\"ui-droppable\"> \tOra la nuova avventura. \u201cRispetto alla carrozzina olimpica cambia tutto: l\u00ec serve la potenza, qui la resistenza. L\u00ec parti a tutta e cerchi di arrivare ancora pi\u00f9 veloce, qui \u00e8 come nel ciclismo: un gioco di tattiche. Soprattutto, nella handbike, c\u2019\u00e8 un novit\u00e0 assoluta per le mie abitudini: l\u2019uso del cambio. Tra la necessit\u00e0 di seguire l\u2019andamento della gara e i cambi di rapporto, arrivo al traguardo con il mal di testa\u2026\u201d.<\/p>\n<p style=\"text-align: justify;\" class=\"ui-droppable\"> \tL\u2019Unesco Cities Marathon sar\u00e0 una tappa importante nel percorso di crescita della \u201cnuova\u201d Porcellato. \u201cL\u2019obiettivo \u00e8 acquisire una sempre maggiore competitivit\u00e0 a livello internazionale e inserirmi nel giro azzurro. Rio \u00e8 un grande obiettivo, un immenso stimolo. Sono reduce da una gara, vinta, negli Emirati Arabi su una distanza pi\u00f9 breve della maratona. Ma il vero traguardo stagionale sono i Mondiali che si terranno a fine luglio in Svizzera. La qualificazione olimpica passa di l\u00ec\u201d.<\/p>\n<p style=\"text-align: justify;\" class=\"ui-droppable\"> \tDomenica, gli applausi della gente friulana l\u2019aiuteranno ad andare ancora pi\u00f9 forte.<\/p>\n","protected":false},"excerpt":{"rendered":"<p>Francesca Porcellato punta ai Giochi di Rio de Janeiro<\/p>\n","protected":false},"author":28,"featured_media":16608,"comment_status":"closed","ping_status":"closed","sticky":false,"template":"","format":"standard","meta":{"dwc-title":[],"dwc-content":[],"footnotes":""},"categories":[38],"tags":[],"class_list":["post-16607","post","type-post","status-publish","format-standard","has-post-thumbnail","hentry","category-sport"],"rttpg_featured_image_url":{"full":["https:\/\/imagazine.it\/wp-content\/uploads\/2024\/01\/9416-1.webp",470,300,false],"landscape":["https:\/\/imagazine.it\/wp-content\/uploads\/2024\/01\/9416-1.webp",470,300,false],"portraits":["https:\/\/imagazine.it\/wp-content\/uploads\/2024\/01\/9416-1.webp",470,300,false],"thumbnail":["https:\/\/imagazine.it\/wp-content\/uploads\/2024\/01\/9416-1-150x150.webp",150,150,true],"medium":["https:\/\/imagazine.it\/wp-content\/uploads\/2024\/01\/9416-1-300x191.webp",300,191,true],"large":["https:\/\/imagazine.it\/wp-content\/uploads\/2024\/01\/9416-1.webp",470,300,false],"thumblist":["https:\/\/imagazine.it\/wp-content\/uploads\/2024\/01\/9416-1.webp",300,191,false],"thumbrelated":["https:\/\/imagazine.it\/wp-content\/uploads\/2024\/01\/9416-1.webp",470,300,false],"meccarouselthumb":["https:\/\/imagazine.it\/wp-content\/uploads\/2024\/01\/9416-1.webp",470,300,false],"gridsquare":["https:\/\/imagazine.it\/wp-content\/uploads\/2024\/01\/9416-1.webp",391,250,false],"tileview":["https:\/\/imagazine.it\/wp-content\/uploads\/2024\/01\/9416-1.webp",300,191,false],"1536x1536":["https:\/\/imagazine.it\/wp-content\/uploads\/2024\/01\/9416-1.webp",470,300,false],"2048x2048":["https:\/\/imagazine.it\/wp-content\/uploads\/2024\/01\/9416-1.webp",470,300,false],"newsup-slider-full":["https:\/\/imagazine.it\/wp-content\/uploads\/2024\/01\/9416-1.webp",470,300,false],"newsup-featured":["https:\/\/imagazine.it\/wp-content\/uploads\/2024\/01\/9416-1.webp",470,300,false],"newsup-medium":["https:\/\/imagazine.it\/wp-content\/uploads\/2024\/01\/9416-1.webp",470,300,false],"tptn_thumbnail":["https:\/\/imagazine.it\/wp-content\/uploads\/2024\/01\/9416-1.webp",250,160,false],"sow-carousel-default":["https:\/\/imagazine.it\/wp-content\/uploads\/2024\/01\/9416-1-272x182.webp",272,182,true]},"rttpg_author":{"display_name":"redazione","author_link":"https:\/\/imagazine.it\/home_desk\/author\/redazione\/"},"rttpg_comment":0,"rttpg_category":"<a href=\"https:\/\/imagazine.it\/home_desk\/category\/sport\/\" rel=\"category tag\">SPORT<\/a>","rttpg_excerpt":"Francesca Porcellato punta ai Giochi di Rio de Janeiro","_links":{"self":[{"href":"https:\/\/imagazine.it\/home_desk\/wp-json\/wp\/v2\/posts\/16607","targetHints":{"allow":["GET"]}}],"collection":[{"href":"https:\/\/imagazine.it\/home_desk\/wp-json\/wp\/v2\/posts"}],"about":[{"href":"https:\/\/imagazine.it\/home_desk\/wp-json\/wp\/v2\/types\/post"}],"author":[{"embeddable":true,"href":"https:\/\/imagazine.it\/home_desk\/wp-json\/wp\/v2\/users\/28"}],"replies":[{"embeddable":true,"href":"https:\/\/imagazine.it\/home_desk\/wp-json\/wp\/v2\/comments?post=16607"}],"version-history":[{"count":0,"href":"https:\/\/imagazine.it\/home_desk\/wp-json\/wp\/v2\/posts\/16607\/revisions"}],"wp:featuredmedia":[{"embeddable":true,"href":"https:\/\/imagazine.it\/home_desk\/wp-json\/wp\/v2\/media\/16608"}],"wp:attachment":[{"href":"https:\/\/imagazine.it\/home_desk\/wp-json\/wp\/v2\/media?parent=16607"}],"wp:term":[{"taxonomy":"category","embeddable":true,"href":"https:\/\/imagazine.it\/home_desk\/wp-json\/wp\/v2\/categories?post=16607"},{"taxonomy":"post_tag","embeddable":true,"href":"https:\/\/imagazine.it\/home_desk\/wp-json\/wp\/v2\/tags?post=16607"}],"curies":[{"name":"wp","href":"https:\/\/api.w.org\/{rel}","templated":true}]}}