{"id":16596,"date":"2015-03-23T00:00:00","date_gmt":"2015-03-22T23:00:00","guid":{"rendered":"https:\/\/imagazine.it\/?p=16596"},"modified":"2015-03-23T00:00:00","modified_gmt":"2015-03-22T23:00:00","slug":"in-prima-linea","status":"publish","type":"post","link":"https:\/\/imagazine.it\/home_desk\/in-prima-linea\/","title":{"rendered":"In prima linea"},"content":{"rendered":"<p class=\"ui-droppable\" style=\"text-align: justify;\"> \tSeduto nel suo ufficio al piano terra della sede regionale di Palmanova, <strong>Luciano Sulli <\/strong>controlla sul display del telefonino che non appaiano messaggi di emergenza. Perch\u00e9 da inizio 2015 la sua vita \u00e8 inevitabilmente cambiata: \u00abLa popolazione \u2013 confida \u2013 guarda alla Protezione Civile con fiducia perch\u00e9 sa che in caso di emergenze noi saremo pronti a intervenire per gestirle al meglio. E il peso di questa fiducia chi dirige la nostra realt\u00e0 lo avverte con chiarezza\u00bb.<\/p>\n<p class=\"ui-droppable\" style=\"text-align: justify;\"> \t<strong>Direttore, partiamo proprio da qui: cosa significa per lei dirigere la Protezione Civile del Friuli Venezia Giulia?<\/strong><\/p>\n<\/p>\n<p class=\"ui-droppable\" style=\"text-align: justify;\"> \t\u00abSignifica avere la consapevolezza di ricoprire un incarico di grande responsabilit\u00e0: sia da un punto di vista prettamente operativo, per la complessit\u00e0 della struttura da dirigere e il numero di professionisti da coordinare, sia dal punto di vista umano. Io e i miei collaboratori siamo infatti in prima linea nel garantire risposte efficaci per la salvaguardia dei cittadini e del territorio\u00bb.<\/p>\n<p class=\"ui-droppable\" style=\"text-align: justify;\"> \t<strong>Il suo predecessore, Guglielmo Berlasso, ha diretto la Protezione Civile regionale per tredici anni: che eredit\u00e0 le ha lasciato?<\/strong><\/p>\n<p class=\"ui-droppable\" style=\"text-align: justify;\"> \t\u00abCredo di non esagerare se affermo che Berlasso \u00e8 stato la Protezione Civile in Friuli Venezia Giulia. \u00c8 stato lui a costruire questo modello di eccellenza riconosciuto in tutta Italia e nel mondo. La mia responsabilit\u00e0 \u00e8 quindi ancora maggiore, perch\u00e9 da un lato dobbiamo mantenere questi standard di efficienza e, dall\u2019altro, lavorare per migliorare ulteriormente\u00bb.<\/p>\n<p class=\"ui-droppable\" style=\"text-align: justify;\"> \t<strong>Ha parlato di modello d\u2019eccellenza: quali sono a suo avviso i punti di forza della Protezione Civile regionale?<\/strong><\/p>\n<p class=\"ui-droppable\" style=\"text-align: justify;\"> \t\u00abCe ne sono diversi. A partire dalle elevate professionalit\u00e0 dei dipendenti: con noi lavorano geologi, informatici e numerosi altri esperti che rappresentano un vero e proprio fiore all\u2019occhiello di questa realt\u00e0. Il tutto senza scordare le apparecchiature tecnologiche d\u2019avanguardia a disposizione. Anche se \u2013 mia convinzione da sempre \u2013 sono le qualit\u00e0 umane a fare la differenza\u00bb.<\/p>\n<p class=\"ui-droppable\" style=\"text-align: justify;\"> \t<strong>E quelle dei suoi uomini come sono?<\/strong><\/p>\n<p class=\"ui-droppable\" style=\"text-align: justify;\"> \t\u00abSono rimasto colpito dallo spirito di appartenenza che si respira. Ho la fortuna di dirigere un gruppo compatto che trasmette la fierezza e l\u2019orgoglio di far parte di una squadra che agisce per il bene della collettivit\u00e0. La giovane et\u00e0 media e la loro elevata qualifica completano un team di assoluto livello\u00bb.<\/p>\n<p class=\"ui-droppable\" style=\"text-align: justify;\"> \t<strong>Abbiamo parlato dei punti di forza; quali sono invece quelli da potenziare?<\/strong><\/p>\n<p class=\"ui-droppable\" style=\"text-align: justify;\"> \t\u00abNe individuo principalmente due: la stretta collaborazione con le altre strutture della Regione che operano nel campo della sicurezza e delle emergenze, in modo da ottimizzare risorse e risultati; mantenere sempre vivo il rapporto con i volontari, che rappresentano il nostro fondamentale presidio sul territorio\u00bb.<\/p>\n<p class=\"ui-droppable\" style=\"text-align: justify;\"> \t<strong>Come intende rapportarsi con loro?<\/strong><\/p>\n<p class=\"ui-droppable\" style=\"text-align: justify;\"> \t\u00abI nostri volontari sono una certezza per i cittadini e, soprattutto, grazie alla loro attivit\u00e0 monitorano costantemente i rispettivi comuni di appartenenza. Un aspetto fondamentale per prevenire potenziali calamit\u00e0 o dissesti idrogeologici. Ecco perch\u00e9 desidero cementare ulteriormente questo sistema, riconoscendo l\u2019importanza che ognuno di loro ha per la Protezione Civile\u00bb.<\/p>\n<p class=\"ui-droppable\" style=\"text-align: justify;\"> \t<strong>Un percorso che ha intrapreso fin da subito.<\/strong><\/p>\n<p class=\"ui-droppable\" style=\"text-align: justify;\"> \t\u00abIn queste prime settimane dal mio insediamento sto facendo visita durante le sere della settimana al maggior numero possibile di Gruppi comunali: desidero conoscere in modo diretto i nostri volontari, perch\u00e9 tengo molto ai rapporti umani e alla risoluzione di eventuali problemi, anche apparentemente semplici\u00bb.<\/p>\n<p class=\"ui-droppable\" style=\"text-align: justify;\"> \t<strong>Sempre in tema di volontari, negli ultimi anni la loro et\u00e0 media si \u00e8 notevolmente alzata. Come pensa di intervenire per garantire il ricambio generazionale?<\/strong><\/p>\n<p class=\"ui-droppable\" style=\"text-align: justify;\"> \t\u00abL\u2019unico modo \u00e8 coinvolgere i giovani. Per farlo, assieme all\u2019assessorato competente, avvieremo apposite campagne nel mondo della scuola e cercheremo di entrare a diretto contatto con i ragazzi utilizzano i loro stessi strumenti di comunicazione, come ad esempio i social network\u00bb.<\/p>\n<p class=\"ui-droppable\" style=\"text-align: justify;\"> \t<strong>Siamo partiti dal presente, chiudiamo con il futuro: al termine del suo mandato da direttore come le piacerebbe essere ricordato?<\/strong><\/p>\n<p class=\"ui-droppable\" style=\"text-align: justify;\"> \t\u00abIncarichi di tipo operativo come il mio implicano avere per obiettivo la risoluzione dei problemi. Il mio desiderio \u00e8 quello di essere ricordato per aver saputo fornire le risposte di cui le persone avevano bisogno. E per farlo voglio continuare a lavorare a stretto contatto con la gente\u00bb.<\/p>\n","protected":false},"excerpt":{"rendered":"<p>Luciano Sulli<\/p>\n","protected":false},"author":28,"featured_media":16597,"comment_status":"closed","ping_status":"closed","sticky":false,"template":"","format":"standard","meta":{"dwc-title":[],"dwc-content":[],"footnotes":""},"categories":[6],"tags":[],"class_list":["post-16596","post","type-post","status-publish","format-standard","has-post-thumbnail","hentry","category-societa"],"rttpg_featured_image_url":{"full":["https:\/\/imagazine.it\/wp-content\/uploads\/2024\/01\/9393-1.webp",507,350,false],"landscape":["https:\/\/imagazine.it\/wp-content\/uploads\/2024\/01\/9393-1.webp",507,350,false],"portraits":["https:\/\/imagazine.it\/wp-content\/uploads\/2024\/01\/9393-1.webp",507,350,false],"thumbnail":["https:\/\/imagazine.it\/wp-content\/uploads\/2024\/01\/9393-1-150x150.webp",150,150,true],"medium":["https:\/\/imagazine.it\/wp-content\/uploads\/2024\/01\/9393-1-300x207.webp",300,207,true],"large":["https:\/\/imagazine.it\/wp-content\/uploads\/2024\/01\/9393-1.webp",507,350,false],"thumblist":["https:\/\/imagazine.it\/wp-content\/uploads\/2024\/01\/9393-1.webp",300,207,false],"thumbrelated":["https:\/\/imagazine.it\/wp-content\/uploads\/2024\/01\/9393-1.webp",500,345,false],"meccarouselthumb":["https:\/\/imagazine.it\/wp-content\/uploads\/2024\/01\/9393-1.webp",469,324,false],"gridsquare":["https:\/\/imagazine.it\/wp-content\/uploads\/2024\/01\/9393-1.webp",377,260,false],"tileview":["https:\/\/imagazine.it\/wp-content\/uploads\/2024\/01\/9393-1.webp",300,207,false],"1536x1536":["https:\/\/imagazine.it\/wp-content\/uploads\/2024\/01\/9393-1.webp",507,350,false],"2048x2048":["https:\/\/imagazine.it\/wp-content\/uploads\/2024\/01\/9393-1.webp",507,350,false],"newsup-slider-full":["https:\/\/imagazine.it\/wp-content\/uploads\/2024\/01\/9393-1.webp",507,350,false],"newsup-featured":["https:\/\/imagazine.it\/wp-content\/uploads\/2024\/01\/9393-1.webp",507,350,false],"newsup-medium":["https:\/\/imagazine.it\/wp-content\/uploads\/2024\/01\/9393-1.webp",507,350,false],"tptn_thumbnail":["https:\/\/imagazine.it\/wp-content\/uploads\/2024\/01\/9393-1.webp",250,173,false],"sow-carousel-default":["https:\/\/imagazine.it\/wp-content\/uploads\/2024\/01\/9393-1-272x182.webp",272,182,true]},"rttpg_author":{"display_name":"redazione","author_link":"https:\/\/imagazine.it\/home_desk\/author\/redazione\/"},"rttpg_comment":0,"rttpg_category":"<a href=\"https:\/\/imagazine.it\/home_desk\/category\/societa\/\" rel=\"category tag\">SOCIET\u00c0<\/a>","rttpg_excerpt":"Luciano Sulli","_links":{"self":[{"href":"https:\/\/imagazine.it\/home_desk\/wp-json\/wp\/v2\/posts\/16596","targetHints":{"allow":["GET"]}}],"collection":[{"href":"https:\/\/imagazine.it\/home_desk\/wp-json\/wp\/v2\/posts"}],"about":[{"href":"https:\/\/imagazine.it\/home_desk\/wp-json\/wp\/v2\/types\/post"}],"author":[{"embeddable":true,"href":"https:\/\/imagazine.it\/home_desk\/wp-json\/wp\/v2\/users\/28"}],"replies":[{"embeddable":true,"href":"https:\/\/imagazine.it\/home_desk\/wp-json\/wp\/v2\/comments?post=16596"}],"version-history":[{"count":0,"href":"https:\/\/imagazine.it\/home_desk\/wp-json\/wp\/v2\/posts\/16596\/revisions"}],"wp:featuredmedia":[{"embeddable":true,"href":"https:\/\/imagazine.it\/home_desk\/wp-json\/wp\/v2\/media\/16597"}],"wp:attachment":[{"href":"https:\/\/imagazine.it\/home_desk\/wp-json\/wp\/v2\/media?parent=16596"}],"wp:term":[{"taxonomy":"category","embeddable":true,"href":"https:\/\/imagazine.it\/home_desk\/wp-json\/wp\/v2\/categories?post=16596"},{"taxonomy":"post_tag","embeddable":true,"href":"https:\/\/imagazine.it\/home_desk\/wp-json\/wp\/v2\/tags?post=16596"}],"curies":[{"name":"wp","href":"https:\/\/api.w.org\/{rel}","templated":true}]}}