{"id":16592,"date":"2015-03-20T00:00:00","date_gmt":"2015-03-19T23:00:00","guid":{"rendered":"https:\/\/imagazine.it\/?p=16592"},"modified":"2015-03-20T00:00:00","modified_gmt":"2015-03-19T23:00:00","slug":"trieste-modello-di-convivenza-tra-culture-diverse","status":"publish","type":"post","link":"https:\/\/imagazine.it\/home_desk\/trieste-modello-di-convivenza-tra-culture-diverse\/","title":{"rendered":"&#8220;Trieste modello di convivenza tra culture diverse&#8221;"},"content":{"rendered":"<p style=\"text-align: justify;\" class=\"ui-droppable\"> \tIncontro all&#8217;insegna della pacifica e consolidata convivenza, integrazione e amicizia oggi in Municipio tra il sindaco di Trieste <strong>Roberto Cosolini<\/strong>, la vicesindaco <strong>Fabiana Martini<\/strong> e il viceministro degli Esteri <strong>Lapo Pistelli<\/strong>, accompagnato dal senatore <strong>Francesco Russo<\/strong>, con i rappresentanti del Centro Culturale Islamico di Trieste e Venezia Giulia.<\/p>\n<p style=\"text-align: justify;\" class=\"ui-droppable\"> \t\u201cQuesto incontro \u2013 ha spiegato Cosolini \u2013vuole rappresentare la serena, civile e democratica ostinazione con cui Trieste pu\u00f2 dare un messaggio di convivenza, tolleranza e comprensione reciproca. Serena ostinazione per difendere valori come libert\u00e0 e democrazia che si sentono messi in discussione da fenomeni di fanatismo che tutti noi condanniamo e che confondono modelli di collaudata convivenza, di rispetto delle proprie religioni, usi e costumi. Trieste \u00e8 sempre stata &#8216;grande&#8217; proprio per la determinazione a mantenere questi alti valori. Concetti supportati anche dal senatore Russo che ha sottolineato l&#8217;integrazione positiva che caratterizza questa nostra citt\u00e0 e che pu\u00f2 essere un esempio per tutti.<\/p>\n<p style=\"text-align: justify;\" class=\"ui-droppable\"> \tIl presidente del Centro culturale islamico <strong>Saleh Igbaria<\/strong>, presente con altri rappresentanti originari da diversi Paesi, tra cui Palestina, Marocco, Turchia, ha posto l&#8217;accento sul modello di convivenza civile \u201cin una citt\u00e0 in cui ci sentiamo triestini e italiani e dove siamo orgogliosi di vivere. A Trieste vivono circa seimila musulmani e nella regione sono pi\u00f9 di trentamila appartenenti a ventisette nazionalit\u00e0 e che svolgono molti lavori, dal venditore ambulante al ricercatore. Abbiamo anche un forte rapporto di fratellanza con le altre comunit\u00e0 religiose presenti qui e un ottimo rapporto di amicizia con le istituzioni. Per noi questa citt\u00e0 \u00e8 un modello nazionale di integrazione\u201d.<\/p>\n<p style=\"text-align: justify;\" class=\"ui-droppable\"> \t\u201cRingrazio il sindaco per l&#8217;ospitalit\u00e0 \u2013 ha affermato il viceministro Pistelli \u2013 rivolgendo parole di benvenuto ai rappresentanti della Comunit\u00e0. Pur vivendo un momento difficile occorre trovare occasioni d&#8217;incontro e solidariet\u00e0 tra religioni diverse perch\u00e9 rappresenta il primo livello di risposta. Trieste come Firenze \u00e8 una citt\u00e0 aperta che pu\u00f2 essere d&#8217;esempio in un Paese che ha conosciuto l&#8217;emigrazione ma anche l&#8217;immigrazione riscoprendo i valori dell&#8217;accoglienza. Ringrazio tutti voi della Comunit\u00e0 \u2013 ha affermato \u2013 sono convinto che il dialogo costante fra religioni \u00e8 un grande tesoro e che bisogna lavorare per blindare le diversit\u00e0 del Medioriente impedendo che le paure prendano il sopravvento proprio con la mancanza di integrazione.<\/p>\n","protected":false},"excerpt":{"rendered":"<p>Visita in citt\u00e0 del viceministro degli Esteri<\/p>\n","protected":false},"author":28,"featured_media":16593,"comment_status":"closed","ping_status":"closed","sticky":false,"template":"","format":"standard","meta":{"dwc-title":[],"dwc-content":[],"footnotes":""},"categories":[5],"tags":[],"class_list":["post-16592","post","type-post","status-publish","format-standard","has-post-thumbnail","hentry","category-attualita"],"rttpg_featured_image_url":{"full":["https:\/\/imagazine.it\/wp-content\/uploads\/2024\/01\/9381-1.webp",628,400,false],"landscape":["https:\/\/imagazine.it\/wp-content\/uploads\/2024\/01\/9381-1.webp",628,400,false],"portraits":["https:\/\/imagazine.it\/wp-content\/uploads\/2024\/01\/9381-1.webp",628,400,false],"thumbnail":["https:\/\/imagazine.it\/wp-content\/uploads\/2024\/01\/9381-1-150x150.webp",150,150,true],"medium":["https:\/\/imagazine.it\/wp-content\/uploads\/2024\/01\/9381-1-300x191.webp",300,191,true],"large":["https:\/\/imagazine.it\/wp-content\/uploads\/2024\/01\/9381-1.webp",628,400,false],"thumblist":["https:\/\/imagazine.it\/wp-content\/uploads\/2024\/01\/9381-1.webp",300,191,false],"thumbrelated":["https:\/\/imagazine.it\/wp-content\/uploads\/2024\/01\/9381-1.webp",500,318,false],"meccarouselthumb":["https:\/\/imagazine.it\/wp-content\/uploads\/2024\/01\/9381-1.webp",474,302,false],"gridsquare":["https:\/\/imagazine.it\/wp-content\/uploads\/2024\/01\/9381-1.webp",391,249,false],"tileview":["https:\/\/imagazine.it\/wp-content\/uploads\/2024\/01\/9381-1.webp",300,191,false],"1536x1536":["https:\/\/imagazine.it\/wp-content\/uploads\/2024\/01\/9381-1.webp",628,400,false],"2048x2048":["https:\/\/imagazine.it\/wp-content\/uploads\/2024\/01\/9381-1.webp",628,400,false],"newsup-slider-full":["https:\/\/imagazine.it\/wp-content\/uploads\/2024\/01\/9381-1.webp",628,400,false],"newsup-featured":["https:\/\/imagazine.it\/wp-content\/uploads\/2024\/01\/9381-1.webp",628,400,false],"newsup-medium":["https:\/\/imagazine.it\/wp-content\/uploads\/2024\/01\/9381-1-628x380.webp",628,380,true],"tptn_thumbnail":["https:\/\/imagazine.it\/wp-content\/uploads\/2024\/01\/9381-1.webp",250,159,false],"sow-carousel-default":["https:\/\/imagazine.it\/wp-content\/uploads\/2024\/01\/9381-1-272x182.webp",272,182,true]},"rttpg_author":{"display_name":"redazione","author_link":"https:\/\/imagazine.it\/home_desk\/author\/redazione\/"},"rttpg_comment":0,"rttpg_category":"<a href=\"https:\/\/imagazine.it\/home_desk\/category\/attualita\/\" rel=\"category tag\">ATTUALIT\u00c0<\/a>","rttpg_excerpt":"Visita in citt\u00e0 del viceministro degli Esteri","_links":{"self":[{"href":"https:\/\/imagazine.it\/home_desk\/wp-json\/wp\/v2\/posts\/16592","targetHints":{"allow":["GET"]}}],"collection":[{"href":"https:\/\/imagazine.it\/home_desk\/wp-json\/wp\/v2\/posts"}],"about":[{"href":"https:\/\/imagazine.it\/home_desk\/wp-json\/wp\/v2\/types\/post"}],"author":[{"embeddable":true,"href":"https:\/\/imagazine.it\/home_desk\/wp-json\/wp\/v2\/users\/28"}],"replies":[{"embeddable":true,"href":"https:\/\/imagazine.it\/home_desk\/wp-json\/wp\/v2\/comments?post=16592"}],"version-history":[{"count":0,"href":"https:\/\/imagazine.it\/home_desk\/wp-json\/wp\/v2\/posts\/16592\/revisions"}],"wp:featuredmedia":[{"embeddable":true,"href":"https:\/\/imagazine.it\/home_desk\/wp-json\/wp\/v2\/media\/16593"}],"wp:attachment":[{"href":"https:\/\/imagazine.it\/home_desk\/wp-json\/wp\/v2\/media?parent=16592"}],"wp:term":[{"taxonomy":"category","embeddable":true,"href":"https:\/\/imagazine.it\/home_desk\/wp-json\/wp\/v2\/categories?post=16592"},{"taxonomy":"post_tag","embeddable":true,"href":"https:\/\/imagazine.it\/home_desk\/wp-json\/wp\/v2\/tags?post=16592"}],"curies":[{"name":"wp","href":"https:\/\/api.w.org\/{rel}","templated":true}]}}