{"id":16590,"date":"2015-03-20T00:00:00","date_gmt":"2015-03-19T23:00:00","guid":{"rendered":"https:\/\/imagazine.it\/?p=16590"},"modified":"2015-03-20T00:00:00","modified_gmt":"2015-03-19T23:00:00","slug":"maratona-unesco-ora-si-fa-sul-serio","status":"publish","type":"post","link":"https:\/\/imagazine.it\/home_desk\/maratona-unesco-ora-si-fa-sul-serio\/","title":{"rendered":"Maratona Unesco, ora si fa sul serio"},"content":{"rendered":"<p style=\"text-align: justify;\" class=\"ui-droppable\"> \tDi corsa sulle strade della storia. Domenica 29 marzo sar\u00e0 il giorno dell\u2019<em>Unesco Cities Marathon<\/em>. Uno spettacolo che coniugher\u00e0 sport, arte e cultura, unendo idealmente due citt\u00e0 che sono Patrimonio Mondiale dell\u2019Unesco &#8211; Cividale del Friuli e Aquileia &#8211; e una terza \u2013 Palmanova \u2013 che \u00e8 candidata a diventarlo. Sar\u00e0 una festa lunga 42 km, ricca di contenuti e con un messaggio di grande attualit\u00e0: anche lo sport pu\u00f2 aiutare i valori della pace e della solidariet\u00e0.<\/p>\n<p style=\"text-align: justify;\" class=\"ui-droppable\"> \tL\u2019edizione 2015 \u00e8 stata presentata a Udine alla sede della Regione. Insieme ai vertici del comitato organizzatore, hanno partecipato alla conferenza stampa, tra gli altri, il presidente del Consiglio regionale del Friuli Venezia Giulia, <strong>Franco Iacop<\/strong>, il vice prefetto vicario di Udine, <strong>Francesco Palazzolo<\/strong>, l&#8217;assessore provinciale allo Sport, <strong>Beppino Govetto<\/strong>, e i rappresentanti delle amministrazioni comunali direttamente interessate dalla gara.\u00a0\u00a0\u00a0\u00a0\u00a0\u00a0<\/p>\n<p style=\"text-align: justify;\" class=\"ui-droppable\"> \t<strong>I TOP RUNNERS \u2013 <\/strong>Dopo due vittorie italiane (Pertile nel 2013 e Leonardi nel 2014), tre keniani si candidano per un ruolo da protagonisti all\u2019Unesco Cities Marathon: sono <strong>Henry Kimtai Kibet<\/strong>, <strong>Paul Tiongik<\/strong> e <strong>David Kiplagat Tum<\/strong>. Domenica hanno monopolizzato il podio alla Ferrara Half Marathon, dove sono finiti rispettivamente primo, secondo e terzo. Un test sulla mezza distanza in vista dell\u2019appuntamento friulano. Dalla Slovenia arriver\u00e0 <strong>Mitja Kosovely<\/strong>, iridato di corsa in montagna sulla lunga distanza, accreditato di un personale di 2h17\u201945\u2019\u2019. Sul fronte italiano da seguire soprattutto <strong>Mirko Canaglia<\/strong> e <strong>Antonio Santi<\/strong>. Tra le donne, pronostico per la keniana <strong>Sarah Kerubo Kebaso<\/strong> (2h40\u201913\u2019\u2019 di personale, domenica vincitrice a Ferrara in 1h14\u201908\u2019\u2019). Da podio anche la croata <strong>Marija Vrajic<\/strong>, gi\u00e0 quarta l\u2019anno scorso, e la giovane serba <strong>Nevena Rajkovic<\/strong>, al debutto sulla maratona dopo buone esperienze in pista.\u00a0 L\u2019Unesco Cities Marathon sar\u00e0 anche valida come <strong>campionato regionale assoluto e master Fidal<\/strong>. In palio, inoltre, i titoli dell\u2019<strong>Unione Nazionale Veterani dello Sport<\/strong> <strong>(Unvs)<\/strong>.<\/p>\n<p style=\"text-align: justify;\" class=\"ui-droppable\"> \t<strong>CAMPIONATO ITALIANO HANDBIKE \u2013 <\/strong>Un\u2019ottantina di atleti sono annunciati al via della prova del <strong>campionato italiano handbike <\/strong>organizzata dalla societ\u00e0 <strong>\u201cBasket e non solo\u201d<\/strong>, sodalizio che rappresenta un faro, con i suoi sette scudetti, nel panorama paralimpico friulano. Tra i pi\u00f9 attesi della prova tricolore, la veneta (trevigiana d\u2019origine, veronese d\u2019adozione) <strong>Francesca Porcellato<\/strong>, un\u2019icona dello sport dei diversamente abili, grazie alle sue otto presenze alle Paralimpiadi, con 11 medaglie (di cui tre d\u2019oro) conquistate tra atletica e sci nordico. \u00a0<\/p>\n<p style=\"text-align: justify;\" class=\"ui-droppable\"> \t<strong>REBEKAH, LAURA, IRAM \u2013 <\/strong>L\u2019Unesco Cities Marathon avr\u00e0 anche il volto di Rebekah, Laura e Iram, tre donne simbolo di tenacia, dignit\u00e0 e fiducia nel futuro. Oltre ogni ostacolo. L\u2019americana <strong>Rebekah Gregory DiMartino<\/strong> \u00e8 rimasta gravemente ferita nell\u2019attentato alla maratona di Boston del 2013. Grazie al supporto di <strong>@uxilia Onlus<\/strong> (che porter\u00e0 alla maratona anche atleti di nazionalit\u00e0 serba, siriana e sudanese) sar\u00e0 a Cividale sabato 28 marzo per fare da testimonial alle staffette giovanili dell\u2019<strong>Unesco Cities Marathon School <\/strong>e all\u2019indomani correr\u00e0 sulle strade friulane, dove tester\u00e0 per la prima volta la protesi alla gamba sinistra con cui sogna di tornare a Boston per partecipare alla maratona. <strong>Laura Bassi<\/strong> \u2013 presente anch\u2019essa alla conferenza stampa di oggi &#8211; \u00e8 una ragazza friulana che lo scorso giugno, a 19 anni, \u00e8 rimasta ferita in un tragico incidente stradale, in seguito al quale le \u00e8 stata amputata una gamba: correr\u00e0 in carrozzina un tratto di maratona, spinta dagli amici e dallo scienziato di fama internazionale, <strong>Mauro Ferrari<\/strong>, atteso al via della sua terza Unesco Cities Marathon. <strong>Iram Saeed<\/strong> \u00e8 una pakistana il cui volto \u00e8 stato sfregiato dall\u2019acido versatole addosso da un uomo di cui aveva respinto il corteggiamento. Sar\u00e0 ad Aquileia per offrire la sua testimonianza di donna che ha ritrovato il sorriso e la dignit\u00e0 grazie all\u2019aiuto ricevuto dall\u2019associazione <strong>Smileagain fvg<\/strong>. All\u2019Unesco Cities Marathon parteciper\u00e0 anche un gruppo di studenti del <strong>Collegio del Mondo Unito di Duino<\/strong>, in rappresentanza dei loro Paesi d\u2019origine, che dar\u00e0 vita ad una speciale staffetta <strong>\u201cCostruzione della pace\u201d<\/strong> da Palmanova ad Aquileia.<\/p>\n<p style=\"text-align: justify;\" class=\"ui-droppable\"> \t<strong>IL PERCORSO \u2013 <\/strong>Il tracciato di gara (omologato Aims-Iaaf il 15 febbraio 2014) sar\u00e0 identico a quello dell\u2019anno scorso: partenza a <strong>Cividale del Friuli<\/strong>, in via Tombe Romane; arrivo ad <strong>Aquileia<\/strong>, in Piazza Capitolo, tra l\u2019antica Basilica, il campanile e il battistero. Tra i passaggi pi\u00f9 suggestivi, l\u2019attraversamento di <strong>Palmanova<\/strong>. Undici i comuni coinvolti: <strong>Cividale, Premariacco, Manzano, San Giovanni al Natisone, Chiopris Viscone, San Vito al Torre, Palmanova, Bagnaria Arsa, Cervignano del Friuli, Terzo di Aquileia e Aquileia<\/strong>. Domenica 29 marzo, dalle 9.30, per consentire il passaggio dei maratoneti, sar\u00e0 chiuso il casello autostradale di Palmanova (uscita consigliata: Villesse). Alcune curiosit\u00e0: all\u2019Unesco Cities Marathon torner\u00e0 in azione il <strong>Bls-Run Team<\/strong>, una squadra di runners addestrati a manovre di primo soccorso, pronti ad intervenire nel caso di atleti che, durante la corsa, fossero colpiti da problemi cardiaci. L\u2019<strong>Associazione Italiana Celiachia<\/strong> garantir\u00e0 inoltre ristori con prodotti senza glutine lungo l\u2019intero percorso della maratona.<\/p>\n<p style=\"text-align: justify;\" class=\"ui-droppable\"> \t<strong>I TRAGUARDI COLLATERALI \u2013 <\/strong>Non solo 42 km.\u00a0 L\u2019Unesco Cities Marathon sar\u00e0 un evento per tutti. Sotto il profilo agonistico, spazio anche alla <strong>Iulia Augusta Run<\/strong>, gara sulla distanza di 16,595 km, da Palmanova ad Aquileia, e la <strong>staffetta a coppie<\/strong>, sull\u2019intero percorso della maratona (prima frazione di 25,600 km, seconda di 16,595 km). C\u2019\u00e8 poi la <strong>Iulia Augusta Nordic Walking <\/strong>(16,595 km), dedicata agli appassionati della Camminata Nordica e la <strong>Run For Life<\/strong>, prova a carattere ludico-motorio, su tre distanze (5, 10 e 15 km), abbinata alla 19^ edizione della Marcia per la Vita (partenza e arrivo ad Aquileia).<\/p>\n<p style=\"text-align: justify;\" class=\"ui-droppable\"> \t<strong>DI CORSA PER LA CROCE ROSSA &#8211;<\/strong> In occasione dell\u2019Unesco Cities Marathon, la <strong>Croce Rossa di Palmanova<\/strong> organizzer\u00e0 una <strong>raccolta di vestiario usato<\/strong> da destinare ai profughi che trovano ospitalit\u00e0 nella locale tendopoli. Vestiti e scarpe di seconda mano potranno essere consegnati allo stand della Croce Rossa presso l\u2019<strong>Expo <\/strong>della maratona, in programma a Palmanova nei giorni 27 e 28 marzo.<\/p>\n","protected":false},"excerpt":{"rendered":"<p>Presentato il programma ufficiale dell&#8217;evento<\/p>\n","protected":false},"author":28,"featured_media":16591,"comment_status":"closed","ping_status":"closed","sticky":false,"template":"","format":"standard","meta":{"dwc-title":[],"dwc-content":[],"footnotes":""},"categories":[38],"tags":[],"class_list":["post-16590","post","type-post","status-publish","format-standard","has-post-thumbnail","hentry","category-sport"],"rttpg_featured_image_url":{"full":["https:\/\/imagazine.it\/wp-content\/uploads\/2024\/01\/9379-1.webp",518,400,false],"landscape":["https:\/\/imagazine.it\/wp-content\/uploads\/2024\/01\/9379-1.webp",518,400,false],"portraits":["https:\/\/imagazine.it\/wp-content\/uploads\/2024\/01\/9379-1.webp",518,400,false],"thumbnail":["https:\/\/imagazine.it\/wp-content\/uploads\/2024\/01\/9379-1-150x150.webp",150,150,true],"medium":["https:\/\/imagazine.it\/wp-content\/uploads\/2024\/01\/9379-1-300x232.webp",300,232,true],"large":["https:\/\/imagazine.it\/wp-content\/uploads\/2024\/01\/9379-1.webp",518,400,false],"thumblist":["https:\/\/imagazine.it\/wp-content\/uploads\/2024\/01\/9379-1.webp",300,232,false],"thumbrelated":["https:\/\/imagazine.it\/wp-content\/uploads\/2024\/01\/9379-1.webp",500,386,false],"meccarouselthumb":["https:\/\/imagazine.it\/wp-content\/uploads\/2024\/01\/9379-1.webp",420,324,false],"gridsquare":["https:\/\/imagazine.it\/wp-content\/uploads\/2024\/01\/9379-1.webp",337,260,false],"tileview":["https:\/\/imagazine.it\/wp-content\/uploads\/2024\/01\/9379-1.webp",300,232,false],"1536x1536":["https:\/\/imagazine.it\/wp-content\/uploads\/2024\/01\/9379-1.webp",518,400,false],"2048x2048":["https:\/\/imagazine.it\/wp-content\/uploads\/2024\/01\/9379-1.webp",518,400,false],"newsup-slider-full":["https:\/\/imagazine.it\/wp-content\/uploads\/2024\/01\/9379-1.webp",518,400,false],"newsup-featured":["https:\/\/imagazine.it\/wp-content\/uploads\/2024\/01\/9379-1.webp",518,400,false],"newsup-medium":["https:\/\/imagazine.it\/wp-content\/uploads\/2024\/01\/9379-1-518x380.webp",518,380,true],"tptn_thumbnail":["https:\/\/imagazine.it\/wp-content\/uploads\/2024\/01\/9379-1.webp",250,193,false],"sow-carousel-default":["https:\/\/imagazine.it\/wp-content\/uploads\/2024\/01\/9379-1-272x182.webp",272,182,true]},"rttpg_author":{"display_name":"redazione","author_link":"https:\/\/imagazine.it\/home_desk\/author\/redazione\/"},"rttpg_comment":0,"rttpg_category":"<a href=\"https:\/\/imagazine.it\/home_desk\/category\/sport\/\" rel=\"category tag\">SPORT<\/a>","rttpg_excerpt":"Presentato il programma ufficiale dell'evento","_links":{"self":[{"href":"https:\/\/imagazine.it\/home_desk\/wp-json\/wp\/v2\/posts\/16590","targetHints":{"allow":["GET"]}}],"collection":[{"href":"https:\/\/imagazine.it\/home_desk\/wp-json\/wp\/v2\/posts"}],"about":[{"href":"https:\/\/imagazine.it\/home_desk\/wp-json\/wp\/v2\/types\/post"}],"author":[{"embeddable":true,"href":"https:\/\/imagazine.it\/home_desk\/wp-json\/wp\/v2\/users\/28"}],"replies":[{"embeddable":true,"href":"https:\/\/imagazine.it\/home_desk\/wp-json\/wp\/v2\/comments?post=16590"}],"version-history":[{"count":0,"href":"https:\/\/imagazine.it\/home_desk\/wp-json\/wp\/v2\/posts\/16590\/revisions"}],"wp:featuredmedia":[{"embeddable":true,"href":"https:\/\/imagazine.it\/home_desk\/wp-json\/wp\/v2\/media\/16591"}],"wp:attachment":[{"href":"https:\/\/imagazine.it\/home_desk\/wp-json\/wp\/v2\/media?parent=16590"}],"wp:term":[{"taxonomy":"category","embeddable":true,"href":"https:\/\/imagazine.it\/home_desk\/wp-json\/wp\/v2\/categories?post=16590"},{"taxonomy":"post_tag","embeddable":true,"href":"https:\/\/imagazine.it\/home_desk\/wp-json\/wp\/v2\/tags?post=16590"}],"curies":[{"name":"wp","href":"https:\/\/api.w.org\/{rel}","templated":true}]}}