{"id":16572,"date":"2015-03-18T00:00:00","date_gmt":"2015-03-17T23:00:00","guid":{"rendered":"https:\/\/imagazine.it\/?p=16572"},"modified":"2015-03-18T00:00:00","modified_gmt":"2015-03-17T23:00:00","slug":"gorizia-nuovo-centro-per-la-formazione-professionale","status":"publish","type":"post","link":"https:\/\/imagazine.it\/home_desk\/gorizia-nuovo-centro-per-la-formazione-professionale\/","title":{"rendered":"Gorizia, nuovo centro per la formazione professionale"},"content":{"rendered":"<p style=\"text-align: justify;\" class=\"ui-droppable\"> \tInaugurato il nuovo Centro per la formazione professionale per persone con disabilit\u00e0\u00a0di Gorizia. La struttura, allestita e gestita da\u00a0Cooperativa Sociale Trieste Integrazione\u00a0con il supporto di Anffas Onlus di Gorizia, si trova nel complesso dell&#8217;ex Istituto tecnico per geometri Pacassi in via Vittorio Veneto 170, dove sono stati creati una sala didattica, dotata di 9 postazioni informatiche e di uno spazio riservato alle lezioni teoriche, e una segreteria.<\/p>\n<p style=\"text-align: justify;\" class=\"ui-droppable\"> \tAl momento sono attivi i corsi \u201cstrumenti e tecniche per la creativit\u00e0 digitale\u201d e \u201cattivit\u00e0 e servizi agrituristica\u201d. Entrambi i percorsi hanno otto iscritti e una durata di 400 ore complessive, 70 delle quali sono destinate a stage in una quindicina di aziende locali. Si tratta di corsi di formazione orientati all\u2019integrazione che puntano allo sviluppo delle competenze socio lavorative attraverso una formazione specifica basata sull\u2019orientamento professionale e tarata, tramite un approccio multi disciplinare, sulle competenze e preferenze individuali.<\/p>\n<p style=\"text-align: justify;\" class=\"ui-droppable\"> \t\u201cOggi &#8211; ha spiegato il Presidente di Trieste Integrazione, <strong>Giandario Storace<\/strong> &#8211; \u00e8 fondamentale ascoltare le esigenze delle famiglie e questo centro di formazione nasce proprio su richiesta delle famiglie goriziane. Al momento \u00e8 estremamente difficile inserire nel mondo del lavoro ragazzi con disabilit\u00e0 senza un\u2019adeguata formazione, quindi questa \u00e8 una giornata importante perch\u00e9 segna l&#8217;avvio di un percorso fondamentale per i giovani con disabilit\u00e0 che hanno finito la scuola e altrimenti non avrebbero sbocchi\u201d.<\/p>\n<p style=\"text-align: justify;\" class=\"ui-droppable\"> \tAltrettanto entusiasta il Presidente di Anffas Gorizia, <strong>Mario Brancati<\/strong>: \u201cDato il riassetto del sistema sanitario e socioassistenziale regionale ci attiveremo per creare sinergie tra gli ambiti della Bassa friulana e questa struttura, affinch\u00e9 il Centro di formazione diventi sempre pi\u00f9 importante e crei le premesse per favorire l\u2019ingresso delle persone con disabilit\u00e0 nel mondo del lavoro. L\u2019inclusione socio-lavorativa delle persone con disabilit\u00e0 deve essere un punto fermo per una societ\u00e0 moderna. La disabilit\u00e0 non deve pi\u00f9 essere un mondo a parte, ma parte attiva della societ\u00e0. Non posso negare di essere preoccupato per la scomparsa delle province, che spero non incider\u00e0 in maniera negativa sul finanziamento del Cisi\u201d.<\/p>\n<p style=\"text-align: justify;\" class=\"ui-droppable\"> \tConcorde il Presidente della Provincia di Gorizia, <strong>Enrico Gherghetta<\/strong>: \u201cCon l\u2019inaugurazione del Centro di Formazione si prosegue nella direzione del rilancio del Parco Basaglia che con il trasferimento in loco di altri servizi sanitari e amministrativi diverr\u00e0 una vera \u201ccittadella della solidariet\u00e0\u201d. Questo centro si affianca alle attivit\u00e0 del Cisi, che va valorizzato e difeso dato che una civilt\u00e0 si misura su come riesce a rispondere alle esigenze dei disabili\u201d.<\/p>\n<p style=\"text-align: justify;\" class=\"ui-droppable\"> \tDello stesso parere l\u2019Assessore all\u2019Edilizia pubblica, scolastica e attrezzature,\u00a0<strong>Donatella Gironcoli<\/strong>: \u201cSiamo felici di ospitare questa iniziativa negli spazi dell\u2019ex Pacassi. Il nostro obiettivo \u00e8 infatti creare una sorta di distretto della solidariet\u00e0 nel quale si colloca perfettamente una struttura che aiuta i disabili a inserirsi nel mondo del lavor\u201d.<\/p>\n<p style=\"text-align: justify;\" class=\"ui-droppable\"> \tL\u2019importanza del Centro di formazione \u00e8 stata sottolineata anche dall\u2019Assessore comunale al\u00a0Welfare, Politiche sociali e della famiglia, <strong>Silvana Romano<\/strong>:\u00a0\u201cSi tratta di una risorsa molto utile, perch\u00e9 il lavoro deve essere il primo tassello per l&#8217;inclusione dei ragazzi. L&#8217;aspetto lavorativo per\u00f2 non \u00e8 l\u2019unico aspetto da considerare e dobbiamo dare anche una risposta abitativa alle esigenze dei disabili\u201d.<\/p>\n","protected":false},"excerpt":{"rendered":"<p>Inaugurato presso l&#8217;ex istituto Pacassi<\/p>\n","protected":false},"author":28,"featured_media":16573,"comment_status":"closed","ping_status":"closed","sticky":false,"template":"","format":"standard","meta":{"dwc-title":[],"dwc-content":[],"footnotes":""},"categories":[5],"tags":[],"class_list":["post-16572","post","type-post","status-publish","format-standard","has-post-thumbnail","hentry","category-attualita"],"rttpg_featured_image_url":{"full":["https:\/\/imagazine.it\/wp-content\/uploads\/2024\/01\/9334-1.webp",547,400,false],"landscape":["https:\/\/imagazine.it\/wp-content\/uploads\/2024\/01\/9334-1.webp",547,400,false],"portraits":["https:\/\/imagazine.it\/wp-content\/uploads\/2024\/01\/9334-1.webp",547,400,false],"thumbnail":["https:\/\/imagazine.it\/wp-content\/uploads\/2024\/01\/9334-1-150x150.webp",150,150,true],"medium":["https:\/\/imagazine.it\/wp-content\/uploads\/2024\/01\/9334-1-300x219.webp",300,219,true],"large":["https:\/\/imagazine.it\/wp-content\/uploads\/2024\/01\/9334-1.webp",547,400,false],"thumblist":["https:\/\/imagazine.it\/wp-content\/uploads\/2024\/01\/9334-1.webp",300,219,false],"thumbrelated":["https:\/\/imagazine.it\/wp-content\/uploads\/2024\/01\/9334-1.webp",500,366,false],"meccarouselthumb":["https:\/\/imagazine.it\/wp-content\/uploads\/2024\/01\/9334-1.webp",443,324,false],"gridsquare":["https:\/\/imagazine.it\/wp-content\/uploads\/2024\/01\/9334-1.webp",356,260,false],"tileview":["https:\/\/imagazine.it\/wp-content\/uploads\/2024\/01\/9334-1.webp",300,219,false],"1536x1536":["https:\/\/imagazine.it\/wp-content\/uploads\/2024\/01\/9334-1.webp",547,400,false],"2048x2048":["https:\/\/imagazine.it\/wp-content\/uploads\/2024\/01\/9334-1.webp",547,400,false],"newsup-slider-full":["https:\/\/imagazine.it\/wp-content\/uploads\/2024\/01\/9334-1.webp",547,400,false],"newsup-featured":["https:\/\/imagazine.it\/wp-content\/uploads\/2024\/01\/9334-1.webp",547,400,false],"newsup-medium":["https:\/\/imagazine.it\/wp-content\/uploads\/2024\/01\/9334-1-547x380.webp",547,380,true],"tptn_thumbnail":["https:\/\/imagazine.it\/wp-content\/uploads\/2024\/01\/9334-1.webp",250,183,false],"sow-carousel-default":["https:\/\/imagazine.it\/wp-content\/uploads\/2024\/01\/9334-1-272x182.webp",272,182,true]},"rttpg_author":{"display_name":"redazione","author_link":"https:\/\/imagazine.it\/home_desk\/author\/redazione\/"},"rttpg_comment":0,"rttpg_category":"<a href=\"https:\/\/imagazine.it\/home_desk\/category\/attualita\/\" rel=\"category tag\">ATTUALIT\u00c0<\/a>","rttpg_excerpt":"Inaugurato presso l'ex istituto Pacassi","_links":{"self":[{"href":"https:\/\/imagazine.it\/home_desk\/wp-json\/wp\/v2\/posts\/16572","targetHints":{"allow":["GET"]}}],"collection":[{"href":"https:\/\/imagazine.it\/home_desk\/wp-json\/wp\/v2\/posts"}],"about":[{"href":"https:\/\/imagazine.it\/home_desk\/wp-json\/wp\/v2\/types\/post"}],"author":[{"embeddable":true,"href":"https:\/\/imagazine.it\/home_desk\/wp-json\/wp\/v2\/users\/28"}],"replies":[{"embeddable":true,"href":"https:\/\/imagazine.it\/home_desk\/wp-json\/wp\/v2\/comments?post=16572"}],"version-history":[{"count":0,"href":"https:\/\/imagazine.it\/home_desk\/wp-json\/wp\/v2\/posts\/16572\/revisions"}],"wp:featuredmedia":[{"embeddable":true,"href":"https:\/\/imagazine.it\/home_desk\/wp-json\/wp\/v2\/media\/16573"}],"wp:attachment":[{"href":"https:\/\/imagazine.it\/home_desk\/wp-json\/wp\/v2\/media?parent=16572"}],"wp:term":[{"taxonomy":"category","embeddable":true,"href":"https:\/\/imagazine.it\/home_desk\/wp-json\/wp\/v2\/categories?post=16572"},{"taxonomy":"post_tag","embeddable":true,"href":"https:\/\/imagazine.it\/home_desk\/wp-json\/wp\/v2\/tags?post=16572"}],"curies":[{"name":"wp","href":"https:\/\/api.w.org\/{rel}","templated":true}]}}