{"id":16570,"date":"2015-03-18T00:00:00","date_gmt":"2015-03-17T23:00:00","guid":{"rendered":"https:\/\/imagazine.it\/?p=16570"},"modified":"2015-03-18T00:00:00","modified_gmt":"2015-03-17T23:00:00","slug":"parte-da-gradisca-lavventura-di-felicino","status":"publish","type":"post","link":"https:\/\/imagazine.it\/home_desk\/parte-da-gradisca-lavventura-di-felicino\/","title":{"rendered":"Parte da Gradisca l&#8217;avventura di Felicino"},"content":{"rendered":"<p style=\"text-align: justify;\" class=\"ui-droppable\"> \tLa magia degli albi illustrati e delle parole che incontrano le immagini tradotta in scena, in uno spettacolo d\u2019atmosfera che racconta una storia senza tempo, fatta di gesti semplici e di emozioni tenere: <strong>\u201cFelicino\u201d <\/strong>titola la pi\u00e8ce tratta dalle pagine dell\u2019autrice parigina <strong>Anne Ga\u00eblle\u00a0Balpe<\/strong> &#8211; \u201cIl sassolino blu\u201d e \u201cIl filo rosso\u201d &#8211;\u00a0 illustrate dai disegni di <strong>\u00c8ve Tharlet<\/strong>. Lo spettacolo, <strong>al debutto luned\u00ec 23 marzo alle 9.45<\/strong> a Gradisca d\u2019Isonzo (presso la scuola dell\u2019infanzia con doppia replica) \u00e8 la tappa iniziale del progetto dedicato ai pi\u00f9 piccoli, avviato in coproduzione, questa stagione, dal CTA Gorizia e dal CSS Centro di produzione teatrale del FVG.<\/p>\n<p style=\"text-align: justify;\" class=\"ui-droppable\"> \t\u201c<strong>Felicino<\/strong>\u201d \u00e8 il piccolo protagonista delle storie di Anne Ga\u00eblle\u00a0 Balpe: la trasposizione scenica firmata dal regista <strong>Roberto Piaggio<\/strong> con la consulenza drammaturgica di <strong>Antonella Caruzzi<\/strong> intreccia teatro d\u2019attore e teatro d\u2019oggetti in una partitura teatrale fortemente legata alla musica e ad una originalissima e \u2018coreografica\u2019 strumentazione, per tamburi e percussioni, kalimba, cajon, bodhran, bendir, xilofono, flauto a coulisse, chitarra acustica e a 12 corde, guiro, cabasa&#8230; Lo spettacolo nasce dal progetto finalista al\u00a0<em>Premio Scenario Infanzia 2014<\/em>, curato dall\u2019attrice <strong>Desy Gialuz<\/strong>, affiancata in scena dal musicista <strong>Michele Budai<\/strong>. Insieme, a due voci, evocheranno una piccola storia raccontata con l\u2019ausilio di oggetti \u201cfuori dal tempo\u201d, inconsueti e misteriosi se guardati con gli occhi dei bimbi di oggi: un arcolaio, un forma scarpe, una squadra da sarto\u2026 Dalla cesta di zia Elisabetta escono a poco a poco oggetti, cianfrusaglie, frammenti di memoria che accendevano la fantasia di Desy e Michele quand\u2019erano bambini. Grazie a quel baule oggi Desy scrive storie e Michele \u00e8 diventato un musicista. Fra gli oggetti della cesta spunta anche il sassolino blu al quale Desy ha dedicato una storia: quella di Felicino, appunto, che lo ha trovato &#8220;ai piedi di una margherita\u201d. Gli amici del bosco \u2013 cinghiale, la lupa e altre creature, persino tre folletti che giocano a biglie &#8211; gli consigliano di gettarlo, ma lui sa che un giorno quel sassolino potr\u00e0 tornargli utile. E quando incontra una bambina in lacrime, Felicino capisce di aver fatto la cosa giusta &#8230;<\/p>\n<p style=\"text-align: justify;\" class=\"ui-droppable\"> \tUna storia piccola, ma solo in apparenza, perch\u00e9 sprigiona l\u2019intensit\u00e0 di valori e sentimenti grandi: bont\u00e0, altruismo, generosit\u00e0 con i pi\u00f9 piccoli. Un sassolino blu come seme di un sogno: un soffio che ci sospinge da qualche parte e ci aiuta ad avanzare. Realizzato con gli oggetti di scena di\u00a0<strong>Elisa Iacuzzo <\/strong>e le musiche originali di <strong>Budai<\/strong>, \u201cFelicino\u201d si replicher\u00e0 sui palcoscenici regionali nell\u2019ambito della programmazione CTA dal 23 marzo al 1 aprile e dal 6 all&#8217;8 maggio 2015 e per la stagione del TIG Teatro per le nuove generazioni del CSS dal 13 aprile al 5 maggio, nelle scuole dell&#8217;infanzia di Udine e provincia.\u00a0<\/p>\n","protected":false},"excerpt":{"rendered":"<p>Produzione teatrale di CTA Gorizia e CSS Udine<\/p>\n","protected":false},"author":28,"featured_media":16571,"comment_status":"closed","ping_status":"closed","sticky":false,"template":"","format":"standard","meta":{"dwc-title":[],"dwc-content":[],"footnotes":""},"categories":[37],"tags":[],"class_list":["post-16570","post","type-post","status-publish","format-standard","has-post-thumbnail","hentry","category-cultura-e-spettacolo"],"rttpg_featured_image_url":{"full":["https:\/\/imagazine.it\/wp-content\/uploads\/2024\/01\/9333-1.webp",482,321,false],"landscape":["https:\/\/imagazine.it\/wp-content\/uploads\/2024\/01\/9333-1.webp",482,321,false],"portraits":["https:\/\/imagazine.it\/wp-content\/uploads\/2024\/01\/9333-1.webp",482,321,false],"thumbnail":["https:\/\/imagazine.it\/wp-content\/uploads\/2024\/01\/9333-1-150x150.webp",150,150,true],"medium":["https:\/\/imagazine.it\/wp-content\/uploads\/2024\/01\/9333-1-300x200.webp",300,200,true],"large":["https:\/\/imagazine.it\/wp-content\/uploads\/2024\/01\/9333-1.webp",482,321,false],"thumblist":["https:\/\/imagazine.it\/wp-content\/uploads\/2024\/01\/9333-1.webp",300,200,false],"thumbrelated":["https:\/\/imagazine.it\/wp-content\/uploads\/2024\/01\/9333-1.webp",482,321,false],"meccarouselthumb":["https:\/\/imagazine.it\/wp-content\/uploads\/2024\/01\/9333-1.webp",474,316,false],"gridsquare":["https:\/\/imagazine.it\/wp-content\/uploads\/2024\/01\/9333-1.webp",391,260,false],"tileview":["https:\/\/imagazine.it\/wp-content\/uploads\/2024\/01\/9333-1.webp",300,200,false],"1536x1536":["https:\/\/imagazine.it\/wp-content\/uploads\/2024\/01\/9333-1.webp",482,321,false],"2048x2048":["https:\/\/imagazine.it\/wp-content\/uploads\/2024\/01\/9333-1.webp",482,321,false],"newsup-slider-full":["https:\/\/imagazine.it\/wp-content\/uploads\/2024\/01\/9333-1.webp",482,321,false],"newsup-featured":["https:\/\/imagazine.it\/wp-content\/uploads\/2024\/01\/9333-1.webp",482,321,false],"newsup-medium":["https:\/\/imagazine.it\/wp-content\/uploads\/2024\/01\/9333-1.webp",482,321,false],"tptn_thumbnail":["https:\/\/imagazine.it\/wp-content\/uploads\/2024\/01\/9333-1.webp",250,166,false],"sow-carousel-default":["https:\/\/imagazine.it\/wp-content\/uploads\/2024\/01\/9333-1-272x182.webp",272,182,true]},"rttpg_author":{"display_name":"redazione","author_link":"https:\/\/imagazine.it\/home_desk\/author\/redazione\/"},"rttpg_comment":0,"rttpg_category":"<a href=\"https:\/\/imagazine.it\/home_desk\/category\/cultura-e-spettacolo\/\" rel=\"category tag\">CULTURA&amp;SPETTACOLO<\/a>","rttpg_excerpt":"Produzione teatrale di CTA Gorizia e CSS Udine","_links":{"self":[{"href":"https:\/\/imagazine.it\/home_desk\/wp-json\/wp\/v2\/posts\/16570","targetHints":{"allow":["GET"]}}],"collection":[{"href":"https:\/\/imagazine.it\/home_desk\/wp-json\/wp\/v2\/posts"}],"about":[{"href":"https:\/\/imagazine.it\/home_desk\/wp-json\/wp\/v2\/types\/post"}],"author":[{"embeddable":true,"href":"https:\/\/imagazine.it\/home_desk\/wp-json\/wp\/v2\/users\/28"}],"replies":[{"embeddable":true,"href":"https:\/\/imagazine.it\/home_desk\/wp-json\/wp\/v2\/comments?post=16570"}],"version-history":[{"count":0,"href":"https:\/\/imagazine.it\/home_desk\/wp-json\/wp\/v2\/posts\/16570\/revisions"}],"wp:featuredmedia":[{"embeddable":true,"href":"https:\/\/imagazine.it\/home_desk\/wp-json\/wp\/v2\/media\/16571"}],"wp:attachment":[{"href":"https:\/\/imagazine.it\/home_desk\/wp-json\/wp\/v2\/media?parent=16570"}],"wp:term":[{"taxonomy":"category","embeddable":true,"href":"https:\/\/imagazine.it\/home_desk\/wp-json\/wp\/v2\/categories?post=16570"},{"taxonomy":"post_tag","embeddable":true,"href":"https:\/\/imagazine.it\/home_desk\/wp-json\/wp\/v2\/tags?post=16570"}],"curies":[{"name":"wp","href":"https:\/\/api.w.org\/{rel}","templated":true}]}}